{"id":84842,"date":"2018-12-03T10:00:46","date_gmt":"2018-12-03T13:00:46","guid":{"rendered":"http:\/\/www.hoymercedes.com.ar\/principal\/?p=84842"},"modified":"2018-12-03T10:00:46","modified_gmt":"2018-12-03T13:00:46","slug":"obras-en-altamira-con-el-presupuesto-participativo","status":"publish","type":"post","link":"https:\/\/www.hoymercedes.com.ar\/principal\/2018\/12\/03\/obras-en-altamira-con-el-presupuesto-participativo\/","title":{"rendered":"Obras en Altamira con el presupuesto participativo"},"content":{"rendered":"<p>La Municipalidad de Mercedes y mediante una consulta vecinal por medio de las asambleas del Programa de Presupuesto Participativo se est\u00e1 efectuando la construcci\u00f3n de veredas en Altamira con amplio beneficio a la comunidad educativa de la localidad.<\/p>\n<p><img loading=\"lazy\" decoding=\"async\" data-attachment-id=\"84843\" data-permalink=\"https:\/\/www.hoymercedes.com.ar\/principal\/2018\/12\/03\/obras-en-altamira-con-el-presupuesto-participativo\/03-altamira-veredas-2\/#main\" data-orig-file=\"https:\/\/www.hoymercedes.com.ar\/principal\/wp-content\/uploads\/2018\/12\/03-Altamira-Veredas.2.jpg\" data-orig-size=\"750,500\" data-comments-opened=\"0\" data-image-meta=\"{&quot;aperture&quot;:&quot;0&quot;,&quot;credit&quot;:&quot;&quot;,&quot;camera&quot;:&quot;&quot;,&quot;caption&quot;:&quot;&quot;,&quot;created_timestamp&quot;:&quot;0&quot;,&quot;copyright&quot;:&quot;&quot;,&quot;focal_length&quot;:&quot;0&quot;,&quot;iso&quot;:&quot;0&quot;,&quot;shutter_speed&quot;:&quot;0&quot;,&quot;title&quot;:&quot;&quot;,&quot;orientation&quot;:&quot;0&quot;}\" data-image-title=\"03 Altamira-Veredas.2\" data-image-description=\"\" data-image-caption=\"\" data-large-file=\"https:\/\/www.hoymercedes.com.ar\/principal\/wp-content\/uploads\/2018\/12\/03-Altamira-Veredas.2.jpg\" class=\"aligncenter size-full wp-image-84843\" src=\"https:\/\/www.hoymercedes.com.ar\/principal\/wp-content\/uploads\/2018\/12\/03-Altamira-Veredas.2.jpg\" alt=\"\" width=\"750\" height=\"500\" srcset=\"https:\/\/www.hoymercedes.com.ar\/principal\/wp-content\/uploads\/2018\/12\/03-Altamira-Veredas.2.jpg 750w, https:\/\/www.hoymercedes.com.ar\/principal\/wp-content\/uploads\/2018\/12\/03-Altamira-Veredas.2-150x100.jpg 150w, https:\/\/www.hoymercedes.com.ar\/principal\/wp-content\/uploads\/2018\/12\/03-Altamira-Veredas.2-630x420.jpg 630w\" sizes=\"auto, (max-width: 750px) 100vw, 750px\" \/><\/p>\n<p>En esta ocasi\u00f3n, se realiza una extensa vereda que permitir\u00e1 a los vecinos poder llegar m\u00e1s c\u00f3modamente al jard\u00edn 911, y adem\u00e1s, se efectuaron aperturas de calles que actualmente se encontraban cerradas.<\/p>\n<p>Esta obra solventada con recursos Municipales, y que genera trabajo genuino, consta de 185 metros de vereda en hormig\u00f3n -proporciona mucha m\u00e1s durabilidad- no s\u00f3lo beneficiar\u00e1 a aquellos padres que lleven a sus hijos al jard\u00edn 911, sino que adem\u00e1s, permitir\u00e1 a los vecinos, transitar de manera m\u00e1s c\u00f3moda los d\u00edas de lluvia.<\/p>\n<p>El intendente Juan Ignacio Ustarroz expres\u00f3 \u201cuna alegr\u00eda enorme ver el trabajo que todos los d\u00edas se lleva adelante, a trav\u00e9s de diferentes obras, junto a la sociedad de fomento, los vecinos, con una decisi\u00f3n compartida sobre c\u00f3mo usar mejor los recursos de todos\u201d.<\/p>\n<p>Adem\u00e1s, el jefe comunal indic\u00f3 \u201cdesde el Municipio de Mercedes escuchamos a los vecinos, tomamos sus demandas y tratamos de darles soluciones, en un trabajo mancomunado, donde ellos mantienen lo que se logra\u201d y destac\u00f3 \u201cse viene trabajando mucho en todos los pueblos rurales con la creaci\u00f3n de la delegaci\u00f3n en Gowland, misma que nos da m\u00e1s capacidad de trabajo en toda esta zona\u201d.<\/p>\n<p>A su vez, resalt\u00f3 \u201cesto tambi\u00e9n genera trabajo, lo cual nos pone muy contentos\u201d.<\/p>\n<p>Dami\u00e1n Lacoste, presidente de la Sociedad de Fomento de Altamira, dijo \u201cagradecemos al se\u00f1or intendente que concluya esta vereda, misma que permite llegar hasta el jard\u00edn 911 -va desde la calle 626 hasta la instituci\u00f3n educativa- son en total 185 metros y medio de senda peatonal\u201d.<\/p>\n<p>Adem\u00e1s de la mencionada obra la Comuna estuvo efectuando aperturas de calles en zonas abnegadas de la localidad de Altamira.<\/p>\n<p>\u201cEste es un trabajo que el Municipio viene haciendo, donde en una primera instancia se ejecutan desmontes con una m\u00e1quina de importante porte, espec\u00edfica para este tipo de trabajos\u201d detall\u00f3 el intendente Ustarroz.<\/p>\n<p>Y remarc\u00f3 \u201cde esta manera, continuamos resolviendo problemas que se generan en caminos rurales de nuestra ciudad\u201d<\/p>\n<p>Por su parte, Marianela Arenillas, coordinadora de desarrollo social, explic\u00f3 que \u00a0\u201cla idea es, por decisi\u00f3n del Intendente Ustarroz, acercar la gesti\u00f3n a los barrios de una forma m\u00e1s participativa y comunitaria y hoy se ve con este logro de todos\u201d y a\u00f1adi\u00f3 \u201ces muy valioso para que los diferentes actores de la sociedad nos ayuden a ejecutar este porcentaje del presupuesto que se ha puesto a disposici\u00f3n desde el Municipio\u201d.<\/p>\n","protected":false},"excerpt":{"rendered":"<p>La Municipalidad de Mercedes y mediante una consulta vecinal por medio de las asambleas del Programa de Presupuesto Participativo se &#8230; <a title=\"Obras en Altamira con el presupuesto participativo\" class=\"read-more\" href=\"https:\/\/www.hoymercedes.com.ar\/principal\/2018\/12\/03\/obras-en-altamira-con-el-presupuesto-participativo\/\" aria-label=\"Leer m\u00e1s sobre Obras en Altamira con el presupuesto participativo\">Leer m\u00e1s<\/a><\/p>\n","protected":false},"author":1,"featured_media":84843,"comment_status":"closed","ping_status":"open","sticky":false,"template":"","format":"standard","meta":{"_monsterinsights_skip_tracking":false,"_monsterinsights_sitenote_active":false,"_monsterinsights_sitenote_note":"","_monsterinsights_sitenote_category":0,"jetpack_post_was_ever_published":false,"_jetpack_newsletter_access":"","_jetpack_dont_email_post_to_subs":false,"_jetpack_newsletter_tier_id":0,"_jetpack_memberships_contains_paywalled_content":false,"_jetpack_memberships_contains_paid_content":false,"footnotes":"","jetpack_publicize_message":"","jetpack_publicize_feature_enabled":true,"jetpack_social_post_already_shared":true,"jetpack_social_options":{"image_generator_settings":{"template":"highway","default_image_id":0,"font":"","enabled":false},"version":2},"_wpas_customize_per_network":false},"categories":[30],"tags":[462,10,244,5947,7360],"class_list":["post-84842","post","type-post","status-publish","format-standard","has-post-thumbnail","hentry","category-municipio","tag-altamira","tag-mercedes","tag-municipio-2","tag-obras-publicas","tag-presupuesto-participativo","generate-columns","tablet-grid-50","mobile-grid-100","grid-parent","grid-50"],"jetpack_publicize_connections":[],"jetpack_featured_media_url":"https:\/\/www.hoymercedes.com.ar\/principal\/wp-content\/uploads\/2018\/12\/03-Altamira-Veredas.2.jpg","wps_subtitle":"","jetpack_sharing_enabled":true,"_links":{"self":[{"href":"https:\/\/www.hoymercedes.com.ar\/principal\/wp-json\/wp\/v2\/posts\/84842","targetHints":{"allow":["GET"]}}],"collection":[{"href":"https:\/\/www.hoymercedes.com.ar\/principal\/wp-json\/wp\/v2\/posts"}],"about":[{"href":"https:\/\/www.hoymercedes.com.ar\/principal\/wp-json\/wp\/v2\/types\/post"}],"author":[{"embeddable":true,"href":"https:\/\/www.hoymercedes.com.ar\/principal\/wp-json\/wp\/v2\/users\/1"}],"replies":[{"embeddable":true,"href":"https:\/\/www.hoymercedes.com.ar\/principal\/wp-json\/wp\/v2\/comments?post=84842"}],"version-history":[{"count":0,"href":"https:\/\/www.hoymercedes.com.ar\/principal\/wp-json\/wp\/v2\/posts\/84842\/revisions"}],"wp:featuredmedia":[{"embeddable":true,"href":"https:\/\/www.hoymercedes.com.ar\/principal\/wp-json\/wp\/v2\/media\/84843"}],"wp:attachment":[{"href":"https:\/\/www.hoymercedes.com.ar\/principal\/wp-json\/wp\/v2\/media?parent=84842"}],"wp:term":[{"taxonomy":"category","embeddable":true,"href":"https:\/\/www.hoymercedes.com.ar\/principal\/wp-json\/wp\/v2\/categories?post=84842"},{"taxonomy":"post_tag","embeddable":true,"href":"https:\/\/www.hoymercedes.com.ar\/principal\/wp-json\/wp\/v2\/tags?post=84842"}],"curies":[{"name":"wp","href":"https:\/\/api.w.org\/{rel}","templated":true}]}}