{"id":84846,"date":"2018-12-03T12:19:07","date_gmt":"2018-12-03T15:19:07","guid":{"rendered":"http:\/\/www.hoymercedes.com.ar\/principal\/?p=84846"},"modified":"2018-12-03T17:09:54","modified_gmt":"2018-12-03T20:09:54","slug":"juventud-se-puso-adelante-en-la-primera-final-del-clausura","status":"publish","type":"post","link":"https:\/\/www.hoymercedes.com.ar\/principal\/2018\/12\/03\/juventud-se-puso-adelante-en-la-primera-final-del-clausura\/","title":{"rendered":"Juventud se puso adelante en la primera final del Clausura"},"content":{"rendered":"<p>La primera final del torneo Clausura se jug\u00f3 este domingo en el estadio de la Liga Mercedina y Juventud derrot\u00f3 2 a 1 a Ateneo de la Juventud en un partido de tr\u00e1mites entretenidos y de momentos trabados en la mitad de la cancha. En el primer tiempo puso el 1 a 0 Mauro Correa a los 27 minutos y ampli\u00f3 la cuenta Nicol\u00e1s Minetti a los 16 del complemento. El descuento lleg\u00f3 a trav\u00e9s de Santiago Romagnoli.<\/p>\n<p>Ante medio centenar de personas se jug\u00f3 el partido en el que Ateneo sali\u00f3 a hacer el mismo juego que ante Mercedes, esperando al rival para poder salir de contra, pero no le dio el resultado esperado. Juventud, con mucho oficio, lo fue acorralando de a poco, al punto de que los mercedinos no pudieran cruzar la mitad de la cancha en el primer cuarto de hora y tuvieran que apelar a pelotazos cruzados para Facundo P\u00e9rez.<\/p>\n<p>Sin embargo, el Lechero no entraba al \u00e1rea y Ateneo el que tuvo la primera situaci\u00f3n de peligro, porque la contra sali\u00f3 y lo dej\u00f3 a Ger\u00f3nimo Puricelli mano a mano con Guich\u00f3n, pero no tan c\u00f3modo para rematar y es por eso que se perdi\u00f3 poner en ventaja a su equipo tras la atajada del arquero.<\/p>\n<p>Las jugadas de peligro escaseaban, hasta que una gran cantidad de toques sobre la banda izquierda, cuando promediaban los 27 minutos y tras un rebote en la cara de Lawler, dej\u00f3 a Nicol\u00e1s Minetti dentro del \u00e1rea para que env\u00ede un centro al ras del suelo a Mauro Correa, quien en la puerta del \u00e1rea chica puso el 1 a 0 para la visita. A partir de ah\u00ed el partido se hizo de ida y vuelta, con Ateneo buscando por los costados pero sin llegar a tener situaciones netas de gol y Juventud tuvo dos posibilidades en los pies de Maximiliano Machado y de Edgardo Su\u00e1rez.<\/p>\n<p>En el segundo tiempo Ateneo fue m\u00e1s protagonista, tal vez mostrando algo de los partidos anteriores y lo acorral\u00f3 a Juventud, que qued\u00f3 parado para la contra y en una de ellas tuvo su posibilidad. Un corner desde la derecha de Ateneo es despejado por la defensa, Nicol\u00e1s Nava le pega a la pelota de espalda al arco con la intenci\u00f3n de meterla de nuevo en el \u00e1rea, pero el remate le sale para arriba y es ganado por un jugador de Juventud, con lo que nace una r\u00e1pida contra para que Nicol\u00e1s Minetti quede solo de frente al arco y en la puerta del \u00e1rea defina a la izquierda de Ramos que sal\u00eda a achicar. Iban 18 minutos y Juventud se pon\u00eda 2 a 0.<\/p>\n<p>Ateneo hizo los cambios necesario para aportar m\u00e1s gente en ataque. Sac\u00f3 a los dos volantes centrales, Bigonggiari y Becerra, que no tuvieron un buen partido y puso a Spoturno y Chaparro, quedando Lautaro Torres de volante central. El volumen de juego fue mayor y con eso apareci\u00f3 el hueco necesario en la defensa para el descuento, porque Santiago Romagnoli ingres\u00f3 al \u00e1rea con pelota dominada y cuando parec\u00eda que se le iba la pelota logr\u00f3 puntearla al arco ante la lenta salida de Guich\u00f3n para poner el descuento.<\/p>\n<p>Ahora la historia se muda a Suipacha, donde el mi\u00e9rcoles a partir de las 20.15 aparecer\u00e1 el rival de Club Mercedes en la final anual. Juventud tiene la ventaja y ahora la local\u00eda, donde se hace muy fuerte. Ateneo tiene la obligaci\u00f3n de ganar en el Municipal. Si lo hace por un gol ir\u00e1n a penales, si lo hace por m\u00e1s, ser\u00e1 el ganador del semestre.<\/p>\n<p><strong>Ateneo 1:<\/strong>\u00a0Agust\u00edn Ramos, Facundo Otero, Nicol\u00e1s Nava, Joaqu\u00edn Mendiola, Manuel Bigongiari, Maximiliano Becerra, Angel Pucheta, Lautaro Torre, Facundo P\u00e9rez, Ger\u00f3nimo Puricelli y Santiago Romagnoli.\u00a0<strong>DT:<\/strong>\u00a0Mario Morales.\u00a0<strong>Suplentes:<\/strong>\u00a0Jonathan Medina, Claudio Carrizo y Daniel Connena.<br \/>\n<strong>Juventud 2:<\/strong>\u00a0Nahuel Guich\u00f3n, Bladimir Gonz\u00e1lez, Juan Messia, Esteban Garc\u00eda, Facundo Lobos, Nicol\u00e1s Minetti, Eduardo Su\u00e1rez, Luis Lawler, Mauro Correa y Maximiliano Machado.\u00a0<strong>DT:<\/strong>\u00a0Pablo Barghi.\u00a0<strong>Suplentes:<\/strong>\u00a0Bautista Aranda, Emmanuel Garc\u00eda, Alejandro Mansilla y Esteban Clerici.<br \/>\n<strong>Gol en el PT:<\/strong>\u00a0A los 27\u2019 Mauro Correa para Juventud.<br \/>\n<strong>Goles en el ST:<\/strong>\u00a0A los 18\u2019 Nicol\u00e1s Minetti para Juventud y a los 25\u2019 Santiago Romagnoli para Ateneo.<br \/>\n<strong>Cambios:<\/strong>\u00a0Enzo Spoturno por Manuel Bigongiari, Maximiliano Arzani por Maximiliano Becerra y Leonardo Chaparro por Lautaro Torre en Ateneo. Mat\u00edas Correa por Maximiliano Machado, Alexis Stillisano por Mauro Correa y Lucas P\u00e9rez Zunino por Esteban Garc\u00eda en Juventud.<br \/>\n<strong>Arbitro:<\/strong>\u00a0Eduardo Aguirre (AAM).<\/p>\n<p><strong>Revancha<br \/>\nMi\u00e9rcoles 5 de diciembre<br \/>\nCancha:<\/strong>\u00a0Municipal de Suipacha.<br \/>\nA las 20.15 Juventud vs. Ateneo.<\/p>\n<p><img loading=\"lazy\" decoding=\"async\" data-attachment-id=\"84847\" data-permalink=\"https:\/\/www.hoymercedes.com.ar\/principal\/2018\/12\/03\/juventud-se-puso-adelante-en-la-primera-final-del-clausura\/liguilla-clausura-18-4\/#main\" data-orig-file=\"https:\/\/www.hoymercedes.com.ar\/principal\/wp-content\/uploads\/2018\/12\/LIGUILLA-CLAUSURA-18.png\" data-orig-size=\"518,457\" data-comments-opened=\"0\" data-image-meta=\"{&quot;aperture&quot;:&quot;0&quot;,&quot;credit&quot;:&quot;&quot;,&quot;camera&quot;:&quot;&quot;,&quot;caption&quot;:&quot;&quot;,&quot;created_timestamp&quot;:&quot;0&quot;,&quot;copyright&quot;:&quot;&quot;,&quot;focal_length&quot;:&quot;0&quot;,&quot;iso&quot;:&quot;0&quot;,&quot;shutter_speed&quot;:&quot;0&quot;,&quot;title&quot;:&quot;&quot;,&quot;orientation&quot;:&quot;0&quot;}\" data-image-title=\"LIGUILLA CLAUSURA 18\" data-image-description=\"\" data-image-caption=\"\" data-large-file=\"https:\/\/www.hoymercedes.com.ar\/principal\/wp-content\/uploads\/2018\/12\/LIGUILLA-CLAUSURA-18.png\" class=\"aligncenter size-full wp-image-84847\" src=\"https:\/\/www.hoymercedes.com.ar\/principal\/wp-content\/uploads\/2018\/12\/LIGUILLA-CLAUSURA-18.png\" alt=\"\" width=\"518\" height=\"457\" srcset=\"https:\/\/www.hoymercedes.com.ar\/principal\/wp-content\/uploads\/2018\/12\/LIGUILLA-CLAUSURA-18.png 518w, https:\/\/www.hoymercedes.com.ar\/principal\/wp-content\/uploads\/2018\/12\/LIGUILLA-CLAUSURA-18-150x132.png 150w\" sizes=\"auto, (max-width: 518px) 100vw, 518px\" \/><\/p>\n","protected":false},"excerpt":{"rendered":"<p>La primera final del torneo Clausura se jug\u00f3 este domingo en el estadio de la Liga Mercedina y Juventud derrot\u00f3 &#8230; <a title=\"Juventud se puso adelante en la primera final del Clausura\" class=\"read-more\" href=\"https:\/\/www.hoymercedes.com.ar\/principal\/2018\/12\/03\/juventud-se-puso-adelante-en-la-primera-final-del-clausura\/\" aria-label=\"Leer m\u00e1s sobre Juventud se puso adelante en la primera final del Clausura\">Leer m\u00e1s<\/a><\/p>\n","protected":false},"author":1,"featured_media":84847,"comment_status":"closed","ping_status":"open","sticky":false,"template":"","format":"standard","meta":{"_monsterinsights_skip_tracking":false,"_monsterinsights_sitenote_active":false,"_monsterinsights_sitenote_note":"","_monsterinsights_sitenote_category":0,"jetpack_post_was_ever_published":false,"_jetpack_newsletter_access":"","_jetpack_dont_email_post_to_subs":false,"_jetpack_newsletter_tier_id":0,"_jetpack_memberships_contains_paywalled_content":false,"_jetpack_memberships_contains_paid_content":false,"footnotes":"","jetpack_publicize_message":"","jetpack_publicize_feature_enabled":true,"jetpack_social_post_already_shared":true,"jetpack_social_options":{"image_generator_settings":{"template":"highway","default_image_id":0,"font":"","enabled":false},"version":2},"_wpas_customize_per_network":false},"categories":[21],"tags":[9582,204,1003,1901],"class_list":["post-84846","post","type-post","status-publish","format-standard","has-post-thumbnail","hentry","category-deportes","tag-clausura","tag-deportes-2","tag-futbol","tag-liga-mercedina","generate-columns","tablet-grid-50","mobile-grid-100","grid-parent","grid-50"],"jetpack_publicize_connections":[],"jetpack_featured_media_url":"https:\/\/www.hoymercedes.com.ar\/principal\/wp-content\/uploads\/2018\/12\/LIGUILLA-CLAUSURA-18.png","wps_subtitle":"Liga Mercedina","jetpack_sharing_enabled":true,"_links":{"self":[{"href":"https:\/\/www.hoymercedes.com.ar\/principal\/wp-json\/wp\/v2\/posts\/84846","targetHints":{"allow":["GET"]}}],"collection":[{"href":"https:\/\/www.hoymercedes.com.ar\/principal\/wp-json\/wp\/v2\/posts"}],"about":[{"href":"https:\/\/www.hoymercedes.com.ar\/principal\/wp-json\/wp\/v2\/types\/post"}],"author":[{"embeddable":true,"href":"https:\/\/www.hoymercedes.com.ar\/principal\/wp-json\/wp\/v2\/users\/1"}],"replies":[{"embeddable":true,"href":"https:\/\/www.hoymercedes.com.ar\/principal\/wp-json\/wp\/v2\/comments?post=84846"}],"version-history":[{"count":0,"href":"https:\/\/www.hoymercedes.com.ar\/principal\/wp-json\/wp\/v2\/posts\/84846\/revisions"}],"wp:featuredmedia":[{"embeddable":true,"href":"https:\/\/www.hoymercedes.com.ar\/principal\/wp-json\/wp\/v2\/media\/84847"}],"wp:attachment":[{"href":"https:\/\/www.hoymercedes.com.ar\/principal\/wp-json\/wp\/v2\/media?parent=84846"}],"wp:term":[{"taxonomy":"category","embeddable":true,"href":"https:\/\/www.hoymercedes.com.ar\/principal\/wp-json\/wp\/v2\/categories?post=84846"},{"taxonomy":"post_tag","embeddable":true,"href":"https:\/\/www.hoymercedes.com.ar\/principal\/wp-json\/wp\/v2\/tags?post=84846"}],"curies":[{"name":"wp","href":"https:\/\/api.w.org\/{rel}","templated":true}]}}