{"id":84878,"date":"2018-12-04T09:00:59","date_gmt":"2018-12-04T12:00:59","guid":{"rendered":"http:\/\/www.hoymercedes.com.ar\/principal\/?p=84878"},"modified":"2018-12-04T15:24:35","modified_gmt":"2018-12-04T18:24:35","slug":"el-ajuste-llego-a-mercedes-es-el-turno-de-la-educacion","status":"publish","type":"post","link":"https:\/\/www.hoymercedes.com.ar\/principal\/2018\/12\/04\/el-ajuste-llego-a-mercedes-es-el-turno-de-la-educacion\/","title":{"rendered":"\u00abEl ajuste lleg\u00f3 a Mercedes, es el turno de la educaci\u00f3n\u00bb"},"content":{"rendered":"<p><strong><img loading=\"lazy\" decoding=\"async\" data-attachment-id=\"84879\" data-permalink=\"https:\/\/www.hoymercedes.com.ar\/principal\/2018\/12\/04\/el-ajuste-llego-a-mercedes-es-el-turno-de-la-educacion\/pacha\/#main\" data-orig-file=\"https:\/\/www.hoymercedes.com.ar\/principal\/wp-content\/uploads\/2018\/12\/pacha.jpeg\" data-orig-size=\"317,448\" data-comments-opened=\"0\" data-image-meta=\"{&quot;aperture&quot;:&quot;0&quot;,&quot;credit&quot;:&quot;&quot;,&quot;camera&quot;:&quot;&quot;,&quot;caption&quot;:&quot;&quot;,&quot;created_timestamp&quot;:&quot;0&quot;,&quot;copyright&quot;:&quot;&quot;,&quot;focal_length&quot;:&quot;0&quot;,&quot;iso&quot;:&quot;0&quot;,&quot;shutter_speed&quot;:&quot;0&quot;,&quot;title&quot;:&quot;&quot;,&quot;orientation&quot;:&quot;0&quot;}\" data-image-title=\"pacha\" data-image-description=\"\" data-image-caption=\"\" data-large-file=\"https:\/\/www.hoymercedes.com.ar\/principal\/wp-content\/uploads\/2018\/12\/pacha.jpeg\" class=\"wp-image-84879 alignleft\" src=\"https:\/\/www.hoymercedes.com.ar\/principal\/wp-content\/uploads\/2018\/12\/pacha.jpeg\" alt=\"\" width=\"147\" height=\"208\" srcset=\"https:\/\/www.hoymercedes.com.ar\/principal\/wp-content\/uploads\/2018\/12\/pacha.jpeg 317w, https:\/\/www.hoymercedes.com.ar\/principal\/wp-content\/uploads\/2018\/12\/pacha-106x150.jpeg 106w\" sizes=\"auto, (max-width: 147px) 100vw, 147px\" \/>Por Francisco \u201cPacha\u201d Cardozo<\/strong><\/p>\n<p>El pasado 7 de noviembre se hizo p\u00fablica la nueva directiva del Instituto de Formaci\u00f3n Docente N\u00b0 7, que hasta el momento nos ten\u00eda acostumbrados a noticias optimistas como aperturas de nuevas carreras, nuevos docentes para la ciudad, pioneros en materia educativa y hasta lograron posicionar a Mercedes como un foco educacional de la zona. Esta vez fue la excepci\u00f3n, una noticia que preocup\u00f3 a la sociedad: el cierre de los profesorados de Historia y Geograf\u00eda. El impacto inmediato de esta medida radica no solo en la p\u00e9rdida de puestos laborales y de carreras docentes, sino tambi\u00e9n es dejar el rumbo de la educaci\u00f3n como camino y comenzar a transitar el ajuste.<\/p>\n<p>Haciendo un balance hist\u00f3rico, desde la reforma universitaria del 1918 donde todos los argentinos comenzamos a gozar del derecho igualitario a la educaci\u00f3n, pasando por 1949 cuando Per\u00f3n instaura la gratuidad de la Universidad, hasta el creciente apogeo de la educaci\u00f3n que vivimos durante los \u00faltimos a\u00f1os en Argentina, con la creaci\u00f3n de decenas de Universidades, Terciarios y centros de estudios; en la actualidad comenzamos a ver el traslado de la crisis a las esferas educativas, que comienza con la punta de la pir\u00e1mide, privando de la carrera docente a los futuros maestros de nuestros hijos. Ello dar\u00e1 como resultado menos educadores, lo que se traduce en menos cursos en las escuelas. Sin\u00a0 dudas, estas acciones, nos dejan ver un ajuste planificado, que tiene como \u00fanico final el deterioro de la educaci\u00f3n. Es triste ver que se mide el presupuesto educativo como un gasto, faltando a un principio fundamental: la educaci\u00f3n es un derecho que brinda dignidad, crecimiento y equidad.<\/p>\n<p>Sin embargo, como nos tiene acostumbrado el pueblo mercedino, que conserva esas tradiciones familiares, donde el problema de uno es el problema de todos, pudimos ver una ciudad solidaria con este conflicto de ajuste. Vimos salir a la calle a los vecinos, marchar, haci\u00e9ndose o\u00edr y siendo parte de este reclamo.<\/p>\n<p>Los vecinos, estudiantes y docentes llevaron el problema al Concejo Deliberante para exigir el derecho a la educaci\u00f3n, comprometiendo a los representantes de los ciudadanos &#8211; los concejales &#8211; a que tomen cartas en el asunto y solucionen este conflicto que m\u00e1s all\u00e1 de lo presupuestario es moral.<\/p>\n<p>Mientras los mercedinos sigamos siendo solidarios y teniendo conciencia social, como lo venimos demostrando frente a cada desaf\u00edo, y podamos muy sabiamente comprometer a los representantes pol\u00edticos para que accionen por el pueblo, habr\u00e1 esperanza y futuro.<\/p>\n<p>Ojal\u00e1 podamos ser el espejo para la sociedad argentina, donde pueda reflejarse un pueblo comprometido.<\/p>\n<p>Los mercedinos somos solidarios, los mercedinos nos defendemos como familia.<\/p>\n","protected":false},"excerpt":{"rendered":"<p>Por Francisco \u201cPacha\u201d Cardozo El pasado 7 de noviembre se hizo p\u00fablica la nueva directiva del Instituto de Formaci\u00f3n Docente &#8230; <a title=\"\u00abEl ajuste lleg\u00f3 a Mercedes, es el turno de la educaci\u00f3n\u00bb\" class=\"read-more\" href=\"https:\/\/www.hoymercedes.com.ar\/principal\/2018\/12\/04\/el-ajuste-llego-a-mercedes-es-el-turno-de-la-educacion\/\" aria-label=\"Leer m\u00e1s sobre \u00abEl ajuste lleg\u00f3 a Mercedes, es el turno de la educaci\u00f3n\u00bb\">Leer m\u00e1s<\/a><\/p>\n","protected":false},"author":1,"featured_media":84879,"comment_status":"closed","ping_status":"open","sticky":false,"template":"","format":"standard","meta":{"_monsterinsights_skip_tracking":false,"_monsterinsights_sitenote_active":false,"_monsterinsights_sitenote_note":"","_monsterinsights_sitenote_category":0,"jetpack_post_was_ever_published":false,"_jetpack_newsletter_access":"","_jetpack_dont_email_post_to_subs":false,"_jetpack_newsletter_tier_id":0,"_jetpack_memberships_contains_paywalled_content":false,"_jetpack_memberships_contains_paid_content":false,"footnotes":"","jetpack_publicize_message":"","jetpack_publicize_feature_enabled":true,"jetpack_social_post_already_shared":true,"jetpack_social_options":{"image_generator_settings":{"template":"highway","default_image_id":0,"font":"","enabled":false},"version":2},"_wpas_customize_per_network":false},"categories":[5],"tags":[9923,5319],"class_list":["post-84878","post","type-post","status-publish","format-standard","has-post-thumbnail","hentry","category-politica","tag-agrupacion-25-de-mayo","tag-politica-2","generate-columns","tablet-grid-50","mobile-grid-100","grid-parent","grid-50"],"jetpack_publicize_connections":[],"jetpack_featured_media_url":"https:\/\/www.hoymercedes.com.ar\/principal\/wp-content\/uploads\/2018\/12\/pacha.jpeg","wps_subtitle":"Opini\u00f3n","jetpack_sharing_enabled":true,"_links":{"self":[{"href":"https:\/\/www.hoymercedes.com.ar\/principal\/wp-json\/wp\/v2\/posts\/84878","targetHints":{"allow":["GET"]}}],"collection":[{"href":"https:\/\/www.hoymercedes.com.ar\/principal\/wp-json\/wp\/v2\/posts"}],"about":[{"href":"https:\/\/www.hoymercedes.com.ar\/principal\/wp-json\/wp\/v2\/types\/post"}],"author":[{"embeddable":true,"href":"https:\/\/www.hoymercedes.com.ar\/principal\/wp-json\/wp\/v2\/users\/1"}],"replies":[{"embeddable":true,"href":"https:\/\/www.hoymercedes.com.ar\/principal\/wp-json\/wp\/v2\/comments?post=84878"}],"version-history":[{"count":0,"href":"https:\/\/www.hoymercedes.com.ar\/principal\/wp-json\/wp\/v2\/posts\/84878\/revisions"}],"wp:featuredmedia":[{"embeddable":true,"href":"https:\/\/www.hoymercedes.com.ar\/principal\/wp-json\/wp\/v2\/media\/84879"}],"wp:attachment":[{"href":"https:\/\/www.hoymercedes.com.ar\/principal\/wp-json\/wp\/v2\/media?parent=84878"}],"wp:term":[{"taxonomy":"category","embeddable":true,"href":"https:\/\/www.hoymercedes.com.ar\/principal\/wp-json\/wp\/v2\/categories?post=84878"},{"taxonomy":"post_tag","embeddable":true,"href":"https:\/\/www.hoymercedes.com.ar\/principal\/wp-json\/wp\/v2\/tags?post=84878"}],"curies":[{"name":"wp","href":"https:\/\/api.w.org\/{rel}","templated":true}]}}