{"id":84884,"date":"2018-12-03T22:25:33","date_gmt":"2018-12-04T01:25:33","guid":{"rendered":"http:\/\/www.hoymercedes.com.ar\/principal\/?p=84884"},"modified":"2018-12-03T22:25:33","modified_gmt":"2018-12-04T01:25:33","slug":"junto-a-las-familias-y-comision-directiva-ustarroz-inauguro-obras-en-club-comunicaciones","status":"publish","type":"post","link":"https:\/\/www.hoymercedes.com.ar\/principal\/2018\/12\/03\/junto-a-las-familias-y-comision-directiva-ustarroz-inauguro-obras-en-club-comunicaciones\/","title":{"rendered":"Junto a las familias y comisi\u00f3n directiva Ustarroz inaugur\u00f3 obras en Club Comunicaciones"},"content":{"rendered":"<figure id=\"attachment_84885\" aria-describedby=\"caption-attachment-84885\" style=\"width: 902px\" class=\"wp-caption aligncenter\"><img loading=\"lazy\" decoding=\"async\" data-attachment-id=\"84885\" data-permalink=\"https:\/\/www.hoymercedes.com.ar\/principal\/2018\/12\/03\/junto-a-las-familias-y-comision-directiva-ustarroz-inauguro-obras-en-club-comunicaciones\/comunicaciones-1\/#main\" data-orig-file=\"https:\/\/www.hoymercedes.com.ar\/principal\/wp-content\/uploads\/2018\/12\/Comunicaciones.1.jpg\" data-orig-size=\"912,608\" data-comments-opened=\"0\" data-image-meta=\"{&quot;aperture&quot;:&quot;0&quot;,&quot;credit&quot;:&quot;&quot;,&quot;camera&quot;:&quot;&quot;,&quot;caption&quot;:&quot;&quot;,&quot;created_timestamp&quot;:&quot;0&quot;,&quot;copyright&quot;:&quot;&quot;,&quot;focal_length&quot;:&quot;0&quot;,&quot;iso&quot;:&quot;0&quot;,&quot;shutter_speed&quot;:&quot;0&quot;,&quot;title&quot;:&quot;&quot;,&quot;orientation&quot;:&quot;0&quot;}\" data-image-title=\"Comunicaciones.1\" data-image-description=\"\" data-image-caption=\"&lt;p&gt;Club Comunicaciones&lt;\/p&gt;\n\" data-large-file=\"https:\/\/www.hoymercedes.com.ar\/principal\/wp-content\/uploads\/2018\/12\/Comunicaciones.1.jpg\" class=\"size-full wp-image-84885\" src=\"https:\/\/www.hoymercedes.com.ar\/principal\/wp-content\/uploads\/2018\/12\/Comunicaciones.1.jpg\" alt=\"\" width=\"912\" height=\"608\" srcset=\"https:\/\/www.hoymercedes.com.ar\/principal\/wp-content\/uploads\/2018\/12\/Comunicaciones.1.jpg 912w, https:\/\/www.hoymercedes.com.ar\/principal\/wp-content\/uploads\/2018\/12\/Comunicaciones.1-150x100.jpg 150w, https:\/\/www.hoymercedes.com.ar\/principal\/wp-content\/uploads\/2018\/12\/Comunicaciones.1-630x420.jpg 630w\" sizes=\"auto, (max-width: 912px) 100vw, 912px\" \/><figcaption id=\"caption-attachment-84885\" class=\"wp-caption-text\">Club Comunicaciones<\/figcaption><\/figure>\n<p style=\"font-weight: 400;\">El intendente de nuestra ciudad el Dr. Juan Ignacio Ustarroz, junto al equipo de la Direcci\u00f3n de Deportes, mediante el programa \u201cEsfuerzos Compartidos\u201d inauguraron las obras realizadas tanto en los vestuarios como en los ba\u00f1os de la entidad. \u201cCreo que es muy lindo que est\u00e9n todos hoy ac\u00e1 presentes, este a\u00f1o, entre el Municipio de Mercedes, la comisi\u00f3n directiva y padres, hemos logrado muchos avances para el club, y ojal\u00e1 el a\u00f1o que viene siga siendo as\u00ed\u201d puntualiz\u00f3 el jefe comunal.<\/p>\n<p style=\"font-weight: 400;\">En esta oportunidad, y mediante el trabajo mancomunado entre Municipio y el club, se colocaron los pisos nuevos, en ba\u00f1os y vestuarios. Esta obra se suma a las ya realizadas en el Club Comunicaciones: luces led para todo el campo deportivo, el alambrado perimetral que permiti\u00f3 cercar el campo de juego, construcci\u00f3n de vestuarios y ba\u00f1os nuevos, entrega de indumentaria deportiva, pelotas e instrumentos deportivos para todos los chicos que concurren a la entidad deportiva.<\/p>\n<p style=\"font-weight: 400;\">El intendente Juan Ignacio Ustarroz, adem\u00e1s, destac\u00f3 el gran marco de chicos y padres que se hicieron presentes \u201ces hermoso ver tantas familias y confraternidad en esta entidad deportiva que ya es un ejemplo en nuestra ciudad\u201d y agreg\u00f3 \u201cesto es gracias al gran trabajo realizado desde el club, que todos los d\u00edas abre sus puertas, donde no solamente se practica f\u00fatbol, sino tambi\u00e9n, se ense\u00f1an valores, compromiso, compa\u00f1erismo y generosidad entre todos los chicos que concurren a esa instituci\u00f3n deportiva\u201d.<\/p>\n<figure id=\"attachment_84886\" aria-describedby=\"caption-attachment-84886\" style=\"width: 902px\" class=\"wp-caption aligncenter\"><img loading=\"lazy\" decoding=\"async\" data-attachment-id=\"84886\" data-permalink=\"https:\/\/www.hoymercedes.com.ar\/principal\/2018\/12\/03\/junto-a-las-familias-y-comision-directiva-ustarroz-inauguro-obras-en-club-comunicaciones\/comunicaciones-2\/#main\" data-orig-file=\"https:\/\/www.hoymercedes.com.ar\/principal\/wp-content\/uploads\/2018\/12\/Comunicaciones.2.jpg\" data-orig-size=\"912,608\" data-comments-opened=\"0\" data-image-meta=\"{&quot;aperture&quot;:&quot;0&quot;,&quot;credit&quot;:&quot;&quot;,&quot;camera&quot;:&quot;&quot;,&quot;caption&quot;:&quot;&quot;,&quot;created_timestamp&quot;:&quot;0&quot;,&quot;copyright&quot;:&quot;&quot;,&quot;focal_length&quot;:&quot;0&quot;,&quot;iso&quot;:&quot;0&quot;,&quot;shutter_speed&quot;:&quot;0&quot;,&quot;title&quot;:&quot;&quot;,&quot;orientation&quot;:&quot;0&quot;}\" data-image-title=\"Comunicaciones.2\" data-image-description=\"\" data-image-caption=\"&lt;p&gt;Fiesta y entrega de trofeos adem\u00e1s de inauguraci\u00f3n&lt;\/p&gt;\n\" data-large-file=\"https:\/\/www.hoymercedes.com.ar\/principal\/wp-content\/uploads\/2018\/12\/Comunicaciones.2.jpg\" class=\"size-full wp-image-84886\" src=\"https:\/\/www.hoymercedes.com.ar\/principal\/wp-content\/uploads\/2018\/12\/Comunicaciones.2.jpg\" alt=\"\" width=\"912\" height=\"608\" srcset=\"https:\/\/www.hoymercedes.com.ar\/principal\/wp-content\/uploads\/2018\/12\/Comunicaciones.2.jpg 912w, https:\/\/www.hoymercedes.com.ar\/principal\/wp-content\/uploads\/2018\/12\/Comunicaciones.2-150x100.jpg 150w, https:\/\/www.hoymercedes.com.ar\/principal\/wp-content\/uploads\/2018\/12\/Comunicaciones.2-630x420.jpg 630w\" sizes=\"auto, (max-width: 912px) 100vw, 912px\" \/><figcaption id=\"caption-attachment-84886\" class=\"wp-caption-text\">Fiesta y entrega de trofeos adem\u00e1s de inauguraci\u00f3n<\/figcaption><\/figure>\n<p style=\"font-weight: 400;\">En ese sentido, el Dr. Ustarroz expres\u00f3 \u201cdesde toda el \u00e1rea de deportes estamos convencidos que los clubes son important\u00edsimos en la estructura de una comunidad, porque son lugares donde nuestros ni\u00f1os generan amistades, se reconocen y aprende a querer al pr\u00f3jimo\u201d.<\/p>\n<p style=\"font-weight: 400;\">Adem\u00e1s, el jefe comunal felicit\u00f3 a todos los que hacen grande a este club \u201cesto es lo que so\u00f1aron, trabajan todos los d\u00edas y ponen alma para que as\u00ed sea\u201d.<\/p>\n<p style=\"font-weight: 400;\"><strong>Club<\/strong><\/p>\n<p style=\"font-weight: 400;\">Alberto \u201cTorino\u201d \u00c1vila quien es parte de la comisi\u00f3n directiva del Club Comunicaciones, agradeci\u00f3 \u201cla siempre presente colaboraci\u00f3n del Municipio de Mercedes en nuestra entidad deportiva\u201d y agreg\u00f3 \u201cel cual aport\u00f3 para que nuestro campo de deportes tenga vestuarios nuevos, ba\u00f1os nuevos, materiales deportivos y camisetas para que los chicos puedan desarrollar el deporte de la mejor manera\u201d.<\/p>\n<p style=\"font-weight: 400;\">Es importante recordar, que le Municipio de Mercedes junto a la instituci\u00f3n deportiva, ya comenzaron a planificar la construcci\u00f3n del SUM que albergar\u00e1 a todas las familias que integran el club Comunicaciones.<\/p>\n<p>&nbsp;<\/p>\n<p><span style=\"color: #999999;\">Fuente: Dir. Deportes<\/span><\/p>\n","protected":false},"excerpt":{"rendered":"<p>El intendente de nuestra ciudad el Dr. Juan Ignacio Ustarroz, junto al equipo de la Direcci\u00f3n de Deportes, mediante el &#8230; <a title=\"Junto a las familias y comisi\u00f3n directiva Ustarroz inaugur\u00f3 obras en Club Comunicaciones\" class=\"read-more\" href=\"https:\/\/www.hoymercedes.com.ar\/principal\/2018\/12\/03\/junto-a-las-familias-y-comision-directiva-ustarroz-inauguro-obras-en-club-comunicaciones\/\" aria-label=\"Leer m\u00e1s sobre Junto a las familias y comisi\u00f3n directiva Ustarroz inaugur\u00f3 obras en Club Comunicaciones\">Leer m\u00e1s<\/a><\/p>\n","protected":false},"author":1,"featured_media":84885,"comment_status":"closed","ping_status":"open","sticky":false,"template":"","format":"standard","meta":{"_monsterinsights_skip_tracking":false,"_monsterinsights_sitenote_active":false,"_monsterinsights_sitenote_note":"","_monsterinsights_sitenote_category":0,"jetpack_post_was_ever_published":false,"_jetpack_newsletter_access":"","_jetpack_dont_email_post_to_subs":false,"_jetpack_newsletter_tier_id":0,"_jetpack_memberships_contains_paywalled_content":false,"_jetpack_memberships_contains_paid_content":false,"footnotes":"","jetpack_publicize_message":"","jetpack_publicize_feature_enabled":true,"jetpack_social_post_already_shared":true,"jetpack_social_options":{"image_generator_settings":{"template":"highway","default_image_id":0,"font":"","enabled":false},"version":2},"_wpas_customize_per_network":false},"categories":[21],"tags":[1006,12046,424],"class_list":["post-84884","post","type-post","status-publish","format-standard","has-post-thumbnail","hentry","category-deportes","tag-club-comunicaciones","tag-esfuerzos-compartidos","tag-ustarroz","generate-columns","tablet-grid-50","mobile-grid-100","grid-parent","grid-50"],"jetpack_publicize_connections":[],"jetpack_featured_media_url":"https:\/\/www.hoymercedes.com.ar\/principal\/wp-content\/uploads\/2018\/12\/Comunicaciones.1.jpg","wps_subtitle":"Beneficio social ","jetpack_sharing_enabled":true,"_links":{"self":[{"href":"https:\/\/www.hoymercedes.com.ar\/principal\/wp-json\/wp\/v2\/posts\/84884","targetHints":{"allow":["GET"]}}],"collection":[{"href":"https:\/\/www.hoymercedes.com.ar\/principal\/wp-json\/wp\/v2\/posts"}],"about":[{"href":"https:\/\/www.hoymercedes.com.ar\/principal\/wp-json\/wp\/v2\/types\/post"}],"author":[{"embeddable":true,"href":"https:\/\/www.hoymercedes.com.ar\/principal\/wp-json\/wp\/v2\/users\/1"}],"replies":[{"embeddable":true,"href":"https:\/\/www.hoymercedes.com.ar\/principal\/wp-json\/wp\/v2\/comments?post=84884"}],"version-history":[{"count":0,"href":"https:\/\/www.hoymercedes.com.ar\/principal\/wp-json\/wp\/v2\/posts\/84884\/revisions"}],"wp:featuredmedia":[{"embeddable":true,"href":"https:\/\/www.hoymercedes.com.ar\/principal\/wp-json\/wp\/v2\/media\/84885"}],"wp:attachment":[{"href":"https:\/\/www.hoymercedes.com.ar\/principal\/wp-json\/wp\/v2\/media?parent=84884"}],"wp:term":[{"taxonomy":"category","embeddable":true,"href":"https:\/\/www.hoymercedes.com.ar\/principal\/wp-json\/wp\/v2\/categories?post=84884"},{"taxonomy":"post_tag","embeddable":true,"href":"https:\/\/www.hoymercedes.com.ar\/principal\/wp-json\/wp\/v2\/tags?post=84884"}],"curies":[{"name":"wp","href":"https:\/\/api.w.org\/{rel}","templated":true}]}}