{"id":8489,"date":"2011-10-21T23:23:41","date_gmt":"2011-10-21T23:23:41","guid":{"rendered":"http:\/\/www.hoymercedes.com.ar\/principal\/?p=8489"},"modified":"2011-10-21T23:23:41","modified_gmt":"2011-10-21T23:23:41","slug":"ustarroz-continua-reuniones-pensando-en-la-seguridad","status":"publish","type":"post","link":"https:\/\/www.hoymercedes.com.ar\/principal\/2011\/10\/21\/ustarroz-continua-reuniones-pensando-en-la-seguridad\/","title":{"rendered":"Ustarroz contin\u00faa reuniones pensando en la Seguridad"},"content":{"rendered":"<p>Dias atr\u00e1s, el candidato a Intendente por el FMPV Juan Ignacio Ustarroz y el candidato a Diputado Provincial Alberto \u201cCucho\u201d Espa\u00f1a se reunieron con el Jefe de la Departamental Mercedes de la Polic\u00eda de la PBA, Comisario Inspector Roque Caputo y dialogaron sobre la seguridad de la Ciudad.<\/p>\n<p>Con la Seguridad como una de sus principales preocupaciones, el candidato a intendente Juani Ustarroz mantuvo una importante reuni\u00f3n con el alto funcionario de la polic\u00eda provincial, donde se destac\u00f3 la importancia de profundizar las pol\u00edticas de seguridad a fin de aumentar la prevenci\u00f3n de delitos.<\/p>\n<p>Al igual que en las reuniones que Ustarroz mantuvo con el Gobernador Daniel Scioli, el Ministro de Justicia y Seguridad de la Provincia Ricardo Casal y la Ministra de Seguridad de la Naci\u00f3n, Nilda Garr\u00e9, el candidato a intendente se mostr\u00f3 muy comprometido con la seguridad de los mercedinos y destac\u00f3 que trabajar en la prevenci\u00f3n del delito ser\u00e1 uno de sus ejes de gesti\u00f3n.<\/p>\n<p>El Comisario Inspector Caputo destac\u00f3 el Plan de Seguridad presentado por Ustarroz y coincidi\u00f3 en la necesidad de invertir en nuevas tecnolog\u00edas, dado que resulta fundamental para el abordaje integral de la seguridad poder contar con equipos sofisticados que permitan una amplia protecci\u00f3n de los vecinos.<\/p>\n<p>Otro de los puntos que se destac\u00f3 fue la gesti\u00f3n de Ustarroz ante la Ministra Garr\u00e9 para que la Ciudad pueda contar con el \u201cOperativo Centinela\u201d, el cual se instalar\u00e1 en los distintos accesos (en las entradas a la Ciudad por la ruta 5 y 41, como as\u00ed tambi\u00e9n en la estaci\u00f3n del ferrocarril). Este operativo consiste en la coordinaci\u00f3n entre las fuerzas federales, expresadas por la Gendarmer\u00eda Nacional y la Polic\u00eda Federal, con la Polic\u00eda Bonaerense.<\/p>\n<p>Por su parte, Caputo tambi\u00e9n coincidi\u00f3 con Ustarroz en la necesidad de invertir en m\u00e1s efectivos y m\u00f3viles policiales, principalmente para la Patrulla Rural, dado que hoy cuenta con muy pocos veh\u00edculos para todo el radio que debe cubrir.<\/p>\n<p>Asimismo, se destac\u00f3 la iniciativa de Ustarroz para la erradicaci\u00f3n de zonas inseguras, trabajando en la recuperaci\u00f3n de lugares en situaci\u00f3n de abandono, con problemas de luminaria o lugares identificados con la recurrencia de ciertas formas delictivas.<\/p>\n<p>Durante el encuentro tambi\u00e9n se destac\u00f3 la necesidad de abordar el tema en forma integral, para que a trav\u00e9s de distintas pol\u00edticas p\u00fablicas se pueda trabajar en la reducci\u00f3n de los il\u00edcitos y la conflictividad social.<\/p>\n<p>Finalmente, Caputo coincidi\u00f3 con Ustarroz en la necesidad de institucionalizar el \u00e1rea de seguridad dentro del municipio, as\u00ed como tambi\u00e9n fomentar la participaci\u00f3n comunitaria de los ciudadanos en materia de seguridad a trav\u00e9s de los Foros Barriales de Seguridad, los que deben trabajar en conjunto con el Municipio, el Foro de Seguridad Municipal y la Estaci\u00f3n de Polic\u00eda Comunal.<\/p>\n","protected":false},"excerpt":{"rendered":"<p>Dias atr\u00e1s, el candidato a Intendente por el FMPV Juan Ignacio Ustarroz y el candidato a Diputado Provincial Alberto \u201cCucho\u201d &#8230; <a title=\"Ustarroz contin\u00faa reuniones pensando en la Seguridad\" class=\"read-more\" href=\"https:\/\/www.hoymercedes.com.ar\/principal\/2011\/10\/21\/ustarroz-continua-reuniones-pensando-en-la-seguridad\/\" aria-label=\"Leer m\u00e1s sobre Ustarroz contin\u00faa reuniones pensando en la Seguridad\">Leer m\u00e1s<\/a><\/p>\n","protected":false},"author":1,"featured_media":0,"comment_status":"open","ping_status":"open","sticky":false,"template":"","format":"standard","meta":{"_monsterinsights_skip_tracking":false,"_monsterinsights_sitenote_active":false,"_monsterinsights_sitenote_note":"","_monsterinsights_sitenote_category":0,"jetpack_post_was_ever_published":false,"_jetpack_newsletter_access":"","_jetpack_dont_email_post_to_subs":false,"_jetpack_newsletter_tier_id":0,"_jetpack_memberships_contains_paywalled_content":false,"_jetpack_memberships_contains_paid_content":false,"footnotes":"","jetpack_publicize_message":"","jetpack_publicize_feature_enabled":true,"jetpack_social_post_already_shared":false,"jetpack_social_options":{"image_generator_settings":{"template":"highway","default_image_id":0,"font":"","enabled":false},"version":2},"_wpas_customize_per_network":false},"categories":[5],"tags":[424],"class_list":["post-8489","post","type-post","status-publish","format-standard","hentry","category-politica","tag-ustarroz","generate-columns","tablet-grid-50","mobile-grid-100","grid-parent","grid-50"],"jetpack_publicize_connections":[],"jetpack_featured_media_url":"","wps_subtitle":"","jetpack_sharing_enabled":true,"_links":{"self":[{"href":"https:\/\/www.hoymercedes.com.ar\/principal\/wp-json\/wp\/v2\/posts\/8489","targetHints":{"allow":["GET"]}}],"collection":[{"href":"https:\/\/www.hoymercedes.com.ar\/principal\/wp-json\/wp\/v2\/posts"}],"about":[{"href":"https:\/\/www.hoymercedes.com.ar\/principal\/wp-json\/wp\/v2\/types\/post"}],"author":[{"embeddable":true,"href":"https:\/\/www.hoymercedes.com.ar\/principal\/wp-json\/wp\/v2\/users\/1"}],"replies":[{"embeddable":true,"href":"https:\/\/www.hoymercedes.com.ar\/principal\/wp-json\/wp\/v2\/comments?post=8489"}],"version-history":[{"count":0,"href":"https:\/\/www.hoymercedes.com.ar\/principal\/wp-json\/wp\/v2\/posts\/8489\/revisions"}],"wp:attachment":[{"href":"https:\/\/www.hoymercedes.com.ar\/principal\/wp-json\/wp\/v2\/media?parent=8489"}],"wp:term":[{"taxonomy":"category","embeddable":true,"href":"https:\/\/www.hoymercedes.com.ar\/principal\/wp-json\/wp\/v2\/categories?post=8489"},{"taxonomy":"post_tag","embeddable":true,"href":"https:\/\/www.hoymercedes.com.ar\/principal\/wp-json\/wp\/v2\/tags?post=8489"}],"curies":[{"name":"wp","href":"https:\/\/api.w.org\/{rel}","templated":true}]}}