{"id":84892,"date":"2018-12-04T07:32:35","date_gmt":"2018-12-04T10:32:35","guid":{"rendered":"http:\/\/www.hoymercedes.com.ar\/principal\/?p=84892"},"modified":"2018-12-04T15:25:07","modified_gmt":"2018-12-04T18:25:07","slug":"el-sueno-del-ascenso-quedo-trunco-para-chinchu-rodriguez","status":"publish","type":"post","link":"https:\/\/www.hoymercedes.com.ar\/principal\/2018\/12\/04\/el-sueno-del-ascenso-quedo-trunco-para-chinchu-rodriguez\/","title":{"rendered":"El sue\u00f1o del ascenso qued\u00f3 trunco para \u00abChinchu\u00bb Rodr\u00edguez"},"content":{"rendered":"<p>Independiente empat\u00f3 1-1 ante Avil\u00e9s Industrial de Tarija en el partido de vuelta de la seminal de la Copa Sim\u00f3n Bol\u00edvar que se jug\u00f3 esta tarde en el estadio Patria de Sucre ante cerca de 20.000 espectadores. Con este resultado el equipo local qued\u00f3 eliminado.<\/p>\n<p><img loading=\"lazy\" decoding=\"async\" data-attachment-id=\"84897\" data-permalink=\"https:\/\/www.hoymercedes.com.ar\/principal\/2018\/12\/04\/el-sueno-del-ascenso-quedo-trunco-para-chinchu-rodriguez\/esteban-rodriguez-independiente-industrial-2\/#main\" data-orig-file=\"https:\/\/www.hoymercedes.com.ar\/principal\/wp-content\/uploads\/2018\/12\/Esteban-Rodriguez-Independiente-Industrial.jpg\" data-orig-size=\"696,517\" data-comments-opened=\"0\" data-image-meta=\"{&quot;aperture&quot;:&quot;0&quot;,&quot;credit&quot;:&quot;&quot;,&quot;camera&quot;:&quot;&quot;,&quot;caption&quot;:&quot;&quot;,&quot;created_timestamp&quot;:&quot;0&quot;,&quot;copyright&quot;:&quot;&quot;,&quot;focal_length&quot;:&quot;0&quot;,&quot;iso&quot;:&quot;0&quot;,&quot;shutter_speed&quot;:&quot;0&quot;,&quot;title&quot;:&quot;&quot;,&quot;orientation&quot;:&quot;0&quot;}\" data-image-title=\"Esteban Rodriguez Independiente Industrial\" data-image-description=\"\" data-image-caption=\"\" data-large-file=\"https:\/\/www.hoymercedes.com.ar\/principal\/wp-content\/uploads\/2018\/12\/Esteban-Rodriguez-Independiente-Industrial.jpg\" class=\"aligncenter size-full wp-image-84897\" src=\"https:\/\/www.hoymercedes.com.ar\/principal\/wp-content\/uploads\/2018\/12\/Esteban-Rodriguez-Independiente-Industrial.jpg\" alt=\"\" width=\"696\" height=\"517\" srcset=\"https:\/\/www.hoymercedes.com.ar\/principal\/wp-content\/uploads\/2018\/12\/Esteban-Rodriguez-Independiente-Industrial.jpg 696w, https:\/\/www.hoymercedes.com.ar\/principal\/wp-content\/uploads\/2018\/12\/Esteban-Rodriguez-Independiente-Industrial-150x111.jpg 150w, https:\/\/www.hoymercedes.com.ar\/principal\/wp-content\/uploads\/2018\/12\/Esteban-Rodriguez-Independiente-Industrial-630x468.jpg 630w\" sizes=\"auto, (max-width: 696px) 100vw, 696px\" \/><\/p>\n<p>Una semana despu\u00e9s de haber ca\u00eddo en Tarija (3-2), frente a este mismo rival, Independiente estaba obligado a ganar hoy para seguir con vida en su objetivo de retornar al f\u00fatbol profesional, pero fall\u00f3.<\/p>\n<p>El primer gol lleg\u00f3 en el minuto 14 del primer tiempo, cuando el defensor Gerson Garc\u00eda se cruz\u00f3 y envi\u00f3 el bal\u00f3n al fondo de su arco, desubicando al arquero Marcelo Robledo.<\/p>\n<p>Cuando transcurr\u00eda el minuto 36 del primer tiempo, Independiente consigui\u00f3 empatar con un gol de Miguel Padilla, lo que le devolvi\u00f3 la esperanza temporal.<\/p>\n<p>En el segundo tiempo, el marcador qued\u00f3 intacto. Hubo expulsiones en los dos equipos, Poly Vaca, de Independiente, en el minuto 54, y Marco Quiroga de Avil\u00e9s Industrial, en el minuto 77.<\/p>\n<p>Con este resultado, el equipo tarije\u00f1o clasific\u00f3 a la final y se enfrentar\u00e1 a Always Ready de La Paz.<\/p>\n","protected":false},"excerpt":{"rendered":"<p>Independiente empat\u00f3 1-1 ante Avil\u00e9s Industrial de Tarija en el partido de vuelta de la seminal de la Copa Sim\u00f3n &#8230; <a title=\"El sue\u00f1o del ascenso qued\u00f3 trunco para \u00abChinchu\u00bb Rodr\u00edguez\" class=\"read-more\" href=\"https:\/\/www.hoymercedes.com.ar\/principal\/2018\/12\/04\/el-sueno-del-ascenso-quedo-trunco-para-chinchu-rodriguez\/\" aria-label=\"Leer m\u00e1s sobre El sue\u00f1o del ascenso qued\u00f3 trunco para \u00abChinchu\u00bb Rodr\u00edguez\">Leer m\u00e1s<\/a><\/p>\n","protected":false},"author":1,"featured_media":84897,"comment_status":"closed","ping_status":"open","sticky":false,"template":"","format":"standard","meta":{"_monsterinsights_skip_tracking":false,"_monsterinsights_sitenote_active":false,"_monsterinsights_sitenote_note":"","_monsterinsights_sitenote_category":0,"jetpack_post_was_ever_published":false,"_jetpack_newsletter_access":"","_jetpack_dont_email_post_to_subs":false,"_jetpack_newsletter_tier_id":0,"_jetpack_memberships_contains_paywalled_content":false,"_jetpack_memberships_contains_paid_content":false,"footnotes":"","jetpack_publicize_message":"","jetpack_publicize_feature_enabled":true,"jetpack_social_post_already_shared":true,"jetpack_social_options":{"image_generator_settings":{"template":"highway","default_image_id":0,"font":"","enabled":false},"version":2},"_wpas_customize_per_network":false},"categories":[21],"tags":[13465,204,1003,7582],"class_list":["post-84892","post","type-post","status-publish","format-standard","has-post-thumbnail","hentry","category-deportes","tag-chinchu-rodriguez","tag-deportes-2","tag-futbol","tag-la-legion","generate-columns","tablet-grid-50","mobile-grid-100","grid-parent","grid-50"],"jetpack_publicize_connections":[],"jetpack_featured_media_url":"https:\/\/www.hoymercedes.com.ar\/principal\/wp-content\/uploads\/2018\/12\/Esteban-Rodriguez-Independiente-Industrial.jpg","wps_subtitle":"La Legi\u00f3n","jetpack_sharing_enabled":true,"jetpack-related-posts":[{"id":83021,"url":"https:\/\/www.hoymercedes.com.ar\/principal\/2018\/10\/25\/otro-gol-de-chinchu-rodriguez-para-la-goleada-de-independiente-de-sucre\/","url_meta":{"origin":84892,"position":0},"title":"Otro gol de \u00abChinchu\u00bb Rodr\u00edguez para la goleada de Independiente de Sucre","author":"hoymercedes","date":"25 octubre, 2018","format":false,"excerpt":"Independiente gole\u00f3 (4-1) a Ferrocarril Palmeiras de Potos\u00ed en el estadio Patria y conserva el primer puesto del Grupo C de la Copa Sim\u00f3n Bol\u00edvar. En la decimosegunda jornada completada la tarde de este domingo, Avil\u00e9s Industrial de Tarija tambi\u00e9n gan\u00f3 y est\u00e1 a un punto del l\u00edder, a falta\u2026","rel":"","context":"En \u00abDeportes\u00bb","block_context":{"text":"Deportes","link":"https:\/\/www.hoymercedes.com.ar\/principal\/category\/deportes\/"},"img":{"alt_text":"","src":"https:\/\/i0.wp.com\/www.hoymercedes.com.ar\/principal\/wp-content\/uploads\/2018\/10\/Esteban-Rodriguez-Independiente-Palmeiras.jpg?resize=350%2C200&ssl=1","width":350,"height":200,"srcset":"https:\/\/i0.wp.com\/www.hoymercedes.com.ar\/principal\/wp-content\/uploads\/2018\/10\/Esteban-Rodriguez-Independiente-Palmeiras.jpg?resize=350%2C200&ssl=1 1x, https:\/\/i0.wp.com\/www.hoymercedes.com.ar\/principal\/wp-content\/uploads\/2018\/10\/Esteban-Rodriguez-Independiente-Palmeiras.jpg?resize=525%2C300&ssl=1 1.5x"},"classes":[]},{"id":80850,"url":"https:\/\/www.hoymercedes.com.ar\/principal\/2018\/09\/10\/otro-gol-de-chinchu-rodriguez-para-una-nueva-goleada-de-independiente-de-sucre-video\/","url_meta":{"origin":84892,"position":1},"title":"Otro gol de \u00abChinchu\u00bb Rodr\u00edguez para una nueva goleada de Independiente de Sucre (video)","author":"hoymercedes","date":"10 septiembre, 2018","format":false,"excerpt":"Independiente de Sucre debut\u00f3 con el pie derecho en la Copa Sim\u00f3n Bol\u00edvar este s\u00e1bado luego de golear en el estadio Patria a Rosario Central de Potos\u00ed por 6-0, tambi\u00e9n ganaron en sus primeros partidos Always Ready, Empresa Minera Huanuni, Ferrocarril Palmeiras y Gatty Ribeiro. En el duelo jugado en\u2026","rel":"","context":"En \u00abDeportes\u00bb","block_context":{"text":"Deportes","link":"https:\/\/www.hoymercedes.com.ar\/principal\/category\/deportes\/"},"img":{"alt_text":"","src":"https:\/\/i0.wp.com\/www.hoymercedes.com.ar\/principal\/wp-content\/uploads\/2018\/09\/Esteban-Rodriguez-Copa-Simon-Bolivar-fecha-Vs-Rosario-Central-1.jpg?resize=350%2C200&ssl=1","width":350,"height":200,"srcset":"https:\/\/i0.wp.com\/www.hoymercedes.com.ar\/principal\/wp-content\/uploads\/2018\/09\/Esteban-Rodriguez-Copa-Simon-Bolivar-fecha-Vs-Rosario-Central-1.jpg?resize=350%2C200&ssl=1 1x, https:\/\/i0.wp.com\/www.hoymercedes.com.ar\/principal\/wp-content\/uploads\/2018\/09\/Esteban-Rodriguez-Copa-Simon-Bolivar-fecha-Vs-Rosario-Central-1.jpg?resize=525%2C300&ssl=1 1.5x, https:\/\/i0.wp.com\/www.hoymercedes.com.ar\/principal\/wp-content\/uploads\/2018\/09\/Esteban-Rodriguez-Copa-Simon-Bolivar-fecha-Vs-Rosario-Central-1.jpg?resize=700%2C400&ssl=1 2x"},"classes":[]},{"id":79754,"url":"https:\/\/www.hoymercedes.com.ar\/principal\/2018\/08\/13\/el-chinchu-rodriguez-ya-conoce-a-sus-rivales-en-la-copa-simon-bolivar\/","url_meta":{"origin":84892,"position":2},"title":"El \u00abChinchu\u00bb Rodr\u00edguez ya conoce a sus rivales en la Copa Sim\u00f3n Bolivar","author":"hoymercedes","date":"13 agosto, 2018","format":false,"excerpt":"correodelsur.com Independiente debutar\u00e1 como local y Deportivo Alem\u00e1n como visitante, seg\u00fan el rol de partidos aprobados ayer por el comit\u00e9 t\u00e9cnico de la Federaci\u00f3n Boliviana de F\u00fatbol (FBF). Los representantes chuquisaque\u00f1os forman parte del Grupo del Sur de la Copa Sim\u00f3n Bol\u00edvar, que arrancar\u00e1 en septiembre. Despu\u00e9s de varios tires\u2026","rel":"","context":"En \u00abDeportes\u00bb","block_context":{"text":"Deportes","link":"https:\/\/www.hoymercedes.com.ar\/principal\/category\/deportes\/"},"img":{"alt_text":"","src":"https:\/\/i0.wp.com\/www.hoymercedes.com.ar\/principal\/wp-content\/uploads\/2018\/08\/Esteban-Rodriguez-Independiente-JDCT.jpg?resize=350%2C200&ssl=1","width":350,"height":200,"srcset":"https:\/\/i0.wp.com\/www.hoymercedes.com.ar\/principal\/wp-content\/uploads\/2018\/08\/Esteban-Rodriguez-Independiente-JDCT.jpg?resize=350%2C200&ssl=1 1x, https:\/\/i0.wp.com\/www.hoymercedes.com.ar\/principal\/wp-content\/uploads\/2018\/08\/Esteban-Rodriguez-Independiente-JDCT.jpg?resize=525%2C300&ssl=1 1.5x, https:\/\/i0.wp.com\/www.hoymercedes.com.ar\/principal\/wp-content\/uploads\/2018\/08\/Esteban-Rodriguez-Independiente-JDCT.jpg?resize=700%2C400&ssl=1 2x"},"classes":[]},{"id":98389,"url":"https:\/\/www.hoymercedes.com.ar\/principal\/2019\/08\/15\/chinchu-rodriguez-se-corono-nuevamente-campeon-en-bolivia\/","url_meta":{"origin":84892,"position":3},"title":"\u00abChinchu\u00bb Rodr\u00edguez se coron\u00f3 nuevamente campe\u00f3n en Bolivia","author":"hoymercedes","date":"15 agosto, 2019","format":false,"excerpt":"Correo Del Sur. Independiente logr\u00f3 un t\u00edtulo reconfortante en el torneo de la Asociaci\u00f3n Chuquisaque\u00f1a de Futbol, el segundo de manera consecutiva, para acallar las cr\u00edticas por su producci\u00f3n en la Copa Sim\u00f3n Bol\u00edvar. Un empate era suficiente para que los dirigidos por Sandro Coelho se quedasen con la corona\u2026","rel":"","context":"En \u00abDeportes\u00bb","block_context":{"text":"Deportes","link":"https:\/\/www.hoymercedes.com.ar\/principal\/category\/deportes\/"},"img":{"alt_text":"","src":"https:\/\/i0.wp.com\/www.hoymercedes.com.ar\/principal\/wp-content\/uploads\/2019\/08\/Esteban-Rodriguez-campe%C3%B3n-Independiente.jpg?resize=350%2C200&ssl=1","width":350,"height":200,"srcset":"https:\/\/i0.wp.com\/www.hoymercedes.com.ar\/principal\/wp-content\/uploads\/2019\/08\/Esteban-Rodriguez-campe%C3%B3n-Independiente.jpg?resize=350%2C200&ssl=1 1x, https:\/\/i0.wp.com\/www.hoymercedes.com.ar\/principal\/wp-content\/uploads\/2019\/08\/Esteban-Rodriguez-campe%C3%B3n-Independiente.jpg?resize=525%2C300&ssl=1 1.5x, https:\/\/i0.wp.com\/www.hoymercedes.com.ar\/principal\/wp-content\/uploads\/2019\/08\/Esteban-Rodriguez-campe%C3%B3n-Independiente.jpg?resize=700%2C400&ssl=1 2x"},"classes":[]},{"id":80242,"url":"https:\/\/www.hoymercedes.com.ar\/principal\/2018\/08\/25\/gol-de-chinchu-rodriguez-en-el-amistoso-de-independiente-de-sucre-ante-aleman\/","url_meta":{"origin":84892,"position":4},"title":"Gol de \u00abChinchu\u00bb Rodr\u00edguez en el amistoso de Independiente de Sucre ante Alem\u00e1n","author":"hoymercedes","date":"25 agosto, 2018","format":false,"excerpt":"Independiente Petrolero de Sucre se sigue preparando para jugar la Copa Sim\u00f3n Bolivar y volvi\u00f3 a ganar en un amistoso. Fue 3 a 0 ante Deportivo Alem\u00e1n, con un gol del mercedino Esteban Rodr\u00edguez, que marc\u00f3 el primero de la cuenta de su equipo. En su primera aproximaci\u00f3n al arco\u2026","rel":"","context":"En \u00abDeportes\u00bb","block_context":{"text":"Deportes","link":"https:\/\/www.hoymercedes.com.ar\/principal\/category\/deportes\/"},"img":{"alt_text":"","src":"https:\/\/i0.wp.com\/www.hoymercedes.com.ar\/principal\/wp-content\/uploads\/2018\/08\/Esteban-Rodriguez-Independiente-Deportivo-Aleman.jpg?resize=350%2C200&ssl=1","width":350,"height":200,"srcset":"https:\/\/i0.wp.com\/www.hoymercedes.com.ar\/principal\/wp-content\/uploads\/2018\/08\/Esteban-Rodriguez-Independiente-Deportivo-Aleman.jpg?resize=350%2C200&ssl=1 1x, https:\/\/i0.wp.com\/www.hoymercedes.com.ar\/principal\/wp-content\/uploads\/2018\/08\/Esteban-Rodriguez-Independiente-Deportivo-Aleman.jpg?resize=525%2C300&ssl=1 1.5x, https:\/\/i0.wp.com\/www.hoymercedes.com.ar\/principal\/wp-content\/uploads\/2018\/08\/Esteban-Rodriguez-Independiente-Deportivo-Aleman.jpg?resize=700%2C400&ssl=1 2x"},"classes":[]},{"id":85098,"url":"https:\/\/www.hoymercedes.com.ar\/principal\/2018\/12\/07\/el-independiente-petrolero-del-chinchu-rodriguez-protesto-al-equipo-que-lo-elimino\/","url_meta":{"origin":84892,"position":5},"title":"El Independiente Petrolero del \u00abChinchu\u00bb Rodriguez protest\u00f3 al equipo que lo elimin\u00f3","author":"hoymercedes","date":"7 diciembre, 2018","format":false,"excerpt":"correodelsur.com Tras quedar eliminado de la Copa Sim\u00f3n Bol\u00edvar, Independiente decidi\u00f3 impugnar el partido que jug\u00f3 el reciente domingo contra Avil\u00e9s Industrial de Tarija y pidi\u00f3 ser declarado finalista argumentando que su rival fue habilitado ilegalmente al torneo. El cuadro capitalino argumenta que Avil\u00e9s Industrial sali\u00f3 tercero en el torneo\u2026","rel":"","context":"En \u00abDeportes\u00bb","block_context":{"text":"Deportes","link":"https:\/\/www.hoymercedes.com.ar\/principal\/category\/deportes\/"},"img":{"alt_text":"","src":"https:\/\/i0.wp.com\/www.hoymercedes.com.ar\/principal\/wp-content\/uploads\/2018\/12\/Independiente-Petrolero-de-Sucre.jpg?resize=350%2C200&ssl=1","width":350,"height":200,"srcset":"https:\/\/i0.wp.com\/www.hoymercedes.com.ar\/principal\/wp-content\/uploads\/2018\/12\/Independiente-Petrolero-de-Sucre.jpg?resize=350%2C200&ssl=1 1x, https:\/\/i0.wp.com\/www.hoymercedes.com.ar\/principal\/wp-content\/uploads\/2018\/12\/Independiente-Petrolero-de-Sucre.jpg?resize=525%2C300&ssl=1 1.5x, https:\/\/i0.wp.com\/www.hoymercedes.com.ar\/principal\/wp-content\/uploads\/2018\/12\/Independiente-Petrolero-de-Sucre.jpg?resize=700%2C400&ssl=1 2x"},"classes":[]}],"_links":{"self":[{"href":"https:\/\/www.hoymercedes.com.ar\/principal\/wp-json\/wp\/v2\/posts\/84892","targetHints":{"allow":["GET"]}}],"collection":[{"href":"https:\/\/www.hoymercedes.com.ar\/principal\/wp-json\/wp\/v2\/posts"}],"about":[{"href":"https:\/\/www.hoymercedes.com.ar\/principal\/wp-json\/wp\/v2\/types\/post"}],"author":[{"embeddable":true,"href":"https:\/\/www.hoymercedes.com.ar\/principal\/wp-json\/wp\/v2\/users\/1"}],"replies":[{"embeddable":true,"href":"https:\/\/www.hoymercedes.com.ar\/principal\/wp-json\/wp\/v2\/comments?post=84892"}],"version-history":[{"count":0,"href":"https:\/\/www.hoymercedes.com.ar\/principal\/wp-json\/wp\/v2\/posts\/84892\/revisions"}],"wp:featuredmedia":[{"embeddable":true,"href":"https:\/\/www.hoymercedes.com.ar\/principal\/wp-json\/wp\/v2\/media\/84897"}],"wp:attachment":[{"href":"https:\/\/www.hoymercedes.com.ar\/principal\/wp-json\/wp\/v2\/media?parent=84892"}],"wp:term":[{"taxonomy":"category","embeddable":true,"href":"https:\/\/www.hoymercedes.com.ar\/principal\/wp-json\/wp\/v2\/categories?post=84892"},{"taxonomy":"post_tag","embeddable":true,"href":"https:\/\/www.hoymercedes.com.ar\/principal\/wp-json\/wp\/v2\/tags?post=84892"}],"curies":[{"name":"wp","href":"https:\/\/api.w.org\/{rel}","templated":true}]}}