{"id":84908,"date":"2018-12-04T19:53:56","date_gmt":"2018-12-04T22:53:56","guid":{"rendered":"http:\/\/www.hoymercedes.com.ar\/principal\/?p=84908"},"modified":"2018-12-04T15:23:34","modified_gmt":"2018-12-04T18:23:34","slug":"por-penales-el-rejunte-se-quedo-con-el-campeonato","status":"publish","type":"post","link":"https:\/\/www.hoymercedes.com.ar\/principal\/2018\/12\/04\/por-penales-el-rejunte-se-quedo-con-el-campeonato\/","title":{"rendered":"Por penales, El Rejunte se qued\u00f3 con el campeonato"},"content":{"rendered":"<p><strong>Vibrante definici\u00f3n entre \u00e9ste y Carnicer\u00eda la 11, que empataron en el tiempo reglamentario y se defini\u00f3 desde los 12 pasos. Los veteranos siguen en el ruedo.<\/strong><\/p>\n<p><img loading=\"lazy\" decoding=\"async\" data-attachment-id=\"84909\" data-permalink=\"https:\/\/www.hoymercedes.com.ar\/principal\/2018\/12\/04\/por-penales-el-rejunte-se-quedo-con-el-campeonato\/foto-1\/#main\" data-orig-file=\"https:\/\/www.hoymercedes.com.ar\/principal\/wp-content\/uploads\/2018\/12\/Foto-1.jpg\" data-orig-size=\"1280,853\" data-comments-opened=\"0\" data-image-meta=\"{&quot;aperture&quot;:&quot;0&quot;,&quot;credit&quot;:&quot;&quot;,&quot;camera&quot;:&quot;&quot;,&quot;caption&quot;:&quot;&quot;,&quot;created_timestamp&quot;:&quot;0&quot;,&quot;copyright&quot;:&quot;&quot;,&quot;focal_length&quot;:&quot;0&quot;,&quot;iso&quot;:&quot;0&quot;,&quot;shutter_speed&quot;:&quot;0&quot;,&quot;title&quot;:&quot;&quot;,&quot;orientation&quot;:&quot;0&quot;}\" data-image-title=\"Foto 1\" data-image-description=\"\" data-image-caption=\"\" data-large-file=\"https:\/\/www.hoymercedes.com.ar\/principal\/wp-content\/uploads\/2018\/12\/Foto-1-1024x682.jpg\" class=\"aligncenter size-full wp-image-84909\" src=\"https:\/\/www.hoymercedes.com.ar\/principal\/wp-content\/uploads\/2018\/12\/Foto-1.jpg\" alt=\"\" width=\"1280\" height=\"853\" srcset=\"https:\/\/www.hoymercedes.com.ar\/principal\/wp-content\/uploads\/2018\/12\/Foto-1.jpg 1280w, https:\/\/www.hoymercedes.com.ar\/principal\/wp-content\/uploads\/2018\/12\/Foto-1-150x100.jpg 150w, https:\/\/www.hoymercedes.com.ar\/principal\/wp-content\/uploads\/2018\/12\/Foto-1-630x420.jpg 630w, https:\/\/www.hoymercedes.com.ar\/principal\/wp-content\/uploads\/2018\/12\/Foto-1-1024x682.jpg 1024w\" sizes=\"auto, (max-width: 1280px) 100vw, 1280px\" \/><\/p>\n<p>Transcurridas las fechas, y luego de algunos fines de semanas postergados por las inclemencias del tiempo, Walter Banega pudo cerrar otro exitoso y competitivo certamen dentro del complejo del Sindicato de la Carne, el cual correspondi\u00f3 a los m\u00e1s chicos. Los dos teams finalistas fueron los principales protagonistas de la tarde, las nubes y el viento estuvieron presentes, adem\u00e1s del c\u00e1lido sol.<\/p>\n<p><strong>Copa Mercedes Deportes <\/strong><\/p>\n<p>En un predio repleto de p\u00fablico, y desde el punto de penal, los j\u00f3venes de El Rejunte se alzaron con el trofeo. Finalizado el tiempo reglamentario de juego, el marcador culmin\u00f3 en empate con un gol por cada lado, en lo que fue un encuentro m\u00e1s que disputado en todos los sectores del verde c\u00e9sped. Comenzada la tanda de los cinco penales iniciales, malograron uno por cada lado. Luego, y en la instancia se visti\u00f3 de h\u00e9roe el guardametas de de El Rejunte, que tras atajar el penal dej\u00f3 servidas todas las chances para que su equipo convierta el penal final y finalmente grite \u00a1Dale campe\u00f3n!. Minutos despu\u00e9s, el organizador Walter Banega, realiz\u00f3 la correspondiente entrega de premios con un cerrado aplauso por parte de todos los presentes, en gesto de conformidad con la organizaci\u00f3n del certamen.<\/p>\n<p>Tambi\u00e9n hay que mencionar que se jug\u00f3 el match por el tercer puesto del podio, el cual fue protagonizado por Estudio Jur\u00eddico Pagano-Poggio y Los Pibes. Los mencionados en \u00faltimo t\u00e9rmino se quedaron con la victoria por dos goles contra nada. Braian Lucero anot\u00f3 un magn\u00edfico doblete.<\/p>\n<p><img loading=\"lazy\" decoding=\"async\" data-attachment-id=\"84910\" data-permalink=\"https:\/\/www.hoymercedes.com.ar\/principal\/2018\/12\/04\/por-penales-el-rejunte-se-quedo-con-el-campeonato\/foto-2\/#main\" data-orig-file=\"https:\/\/www.hoymercedes.com.ar\/principal\/wp-content\/uploads\/2018\/12\/Foto-2.jpg\" data-orig-size=\"1280,853\" data-comments-opened=\"0\" data-image-meta=\"{&quot;aperture&quot;:&quot;0&quot;,&quot;credit&quot;:&quot;&quot;,&quot;camera&quot;:&quot;&quot;,&quot;caption&quot;:&quot;&quot;,&quot;created_timestamp&quot;:&quot;0&quot;,&quot;copyright&quot;:&quot;&quot;,&quot;focal_length&quot;:&quot;0&quot;,&quot;iso&quot;:&quot;0&quot;,&quot;shutter_speed&quot;:&quot;0&quot;,&quot;title&quot;:&quot;&quot;,&quot;orientation&quot;:&quot;0&quot;}\" data-image-title=\"Foto 2\" data-image-description=\"\" data-image-caption=\"\" data-large-file=\"https:\/\/www.hoymercedes.com.ar\/principal\/wp-content\/uploads\/2018\/12\/Foto-2-1024x682.jpg\" class=\"aligncenter size-full wp-image-84910\" src=\"https:\/\/www.hoymercedes.com.ar\/principal\/wp-content\/uploads\/2018\/12\/Foto-2.jpg\" alt=\"\" width=\"1280\" height=\"853\" srcset=\"https:\/\/www.hoymercedes.com.ar\/principal\/wp-content\/uploads\/2018\/12\/Foto-2.jpg 1280w, https:\/\/www.hoymercedes.com.ar\/principal\/wp-content\/uploads\/2018\/12\/Foto-2-150x100.jpg 150w, https:\/\/www.hoymercedes.com.ar\/principal\/wp-content\/uploads\/2018\/12\/Foto-2-630x420.jpg 630w, https:\/\/www.hoymercedes.com.ar\/principal\/wp-content\/uploads\/2018\/12\/Foto-2-1024x682.jpg 1024w\" sizes=\"auto, (max-width: 1280px) 100vw, 1280px\" \/><\/p>\n<p><strong>Copa Goodyear Neum\u00e1ticos<\/strong><\/p>\n<p>Despu\u00e9s de algunas fechas sin que el bal\u00f3n ruede, los veteranos del sindicato terminaron de definir los clasificados a la siguiente instancia. Por el lado de la zona B, Rosario Pl\u00e1sticos-Autoservicio Marisol cerr\u00f3 su performance con un tres a uno sobre la gente de La Cortada. En cuanto a Consultorio Nuestra Se\u00f1ora y la Agrupaci\u00f3n Cipriano Reyes, el duelo entre s\u00ed finaliz\u00f3 cero a cero. Quien qued\u00f3 libre, Forrajer\u00eda El Cholo-Autoservicio El Cicl\u00f3n, se adue\u00f1\u00f3 de la zona.<\/p>\n<p>En el grupo A, El Rejunte gole\u00f3 por cuatro a uno a Lo Jarrones, y se clasific\u00f3 primero con nueve unidades. El Tonga no pudo ante Goodyear Neum\u00e1ticos, y cay\u00f3 tres a uno, para desequilibrar las posiciones. Por diferencia de goles, Ap\u00edcola Mercedes culmin\u00f3 segundo, relegando a Goodyear Neum\u00e1ticos a la tercera colocaci\u00f3n. En su jornada de f\u00fatbol, le gan\u00f3 uno a cero al Club Estrella del Sur.<\/p>\n<p><img loading=\"lazy\" decoding=\"async\" data-attachment-id=\"84911\" data-permalink=\"https:\/\/www.hoymercedes.com.ar\/principal\/2018\/12\/04\/por-penales-el-rejunte-se-quedo-con-el-campeonato\/foto-3\/#main\" data-orig-file=\"https:\/\/www.hoymercedes.com.ar\/principal\/wp-content\/uploads\/2018\/12\/Foto-3.jpg\" data-orig-size=\"1280,853\" data-comments-opened=\"0\" data-image-meta=\"{&quot;aperture&quot;:&quot;0&quot;,&quot;credit&quot;:&quot;&quot;,&quot;camera&quot;:&quot;&quot;,&quot;caption&quot;:&quot;&quot;,&quot;created_timestamp&quot;:&quot;0&quot;,&quot;copyright&quot;:&quot;&quot;,&quot;focal_length&quot;:&quot;0&quot;,&quot;iso&quot;:&quot;0&quot;,&quot;shutter_speed&quot;:&quot;0&quot;,&quot;title&quot;:&quot;&quot;,&quot;orientation&quot;:&quot;0&quot;}\" data-image-title=\"Foto 3\" data-image-description=\"\" data-image-caption=\"\" data-large-file=\"https:\/\/www.hoymercedes.com.ar\/principal\/wp-content\/uploads\/2018\/12\/Foto-3-1024x682.jpg\" class=\"aligncenter size-full wp-image-84911\" src=\"https:\/\/www.hoymercedes.com.ar\/principal\/wp-content\/uploads\/2018\/12\/Foto-3.jpg\" alt=\"\" width=\"1280\" height=\"853\" srcset=\"https:\/\/www.hoymercedes.com.ar\/principal\/wp-content\/uploads\/2018\/12\/Foto-3.jpg 1280w, https:\/\/www.hoymercedes.com.ar\/principal\/wp-content\/uploads\/2018\/12\/Foto-3-150x100.jpg 150w, https:\/\/www.hoymercedes.com.ar\/principal\/wp-content\/uploads\/2018\/12\/Foto-3-630x420.jpg 630w, https:\/\/www.hoymercedes.com.ar\/principal\/wp-content\/uploads\/2018\/12\/Foto-3-1024x682.jpg 1024w\" sizes=\"auto, (max-width: 1280px) 100vw, 1280px\" \/><\/p>\n<p><strong>Resultados completos torneo libre:<\/strong><\/p>\n<p>Carnicer\u00eda la 11: 1 (Lucas Lofreda)<\/p>\n<p>El Rejunte: 1 (Diego Maiorana)<\/p>\n<p>&nbsp;<\/p>\n<p>Estudio Jur\u00eddico Pagano-Poggio: 0<\/p>\n<p>Los Pibes: 2 (Braian Lucero 2)<\/p>\n<p><strong>Resultados completos torneo m\u00e1ster:<\/strong><\/p>\n<p>Agrupaci\u00f3n Cipriano Reyes: 0<\/p>\n<p>Consultorio Nuestra Se\u00f1ora: 0<\/p>\n<p>&nbsp;<\/p>\n<p>Rosario Pl\u00e1stico-Autoservicio Marisol: 3 (Pablo Palazzo, Rodrigo Piccone, David \u00c1vila)<\/p>\n<p>La Cortada: 1 (Pablo Boragno)<\/p>\n<p>&nbsp;<\/p>\n<p>Ap\u00edcola Mercedes: 1 (Pablo Mart\u00ednez)<\/p>\n<p>Club Estrella del Sur: 0<\/p>\n<p>&nbsp;<\/p>\n<p>Lo Jarrones: 1 (Juan Dorado)<\/p>\n<p>El Rejunte: 4 (Mauro Repetto 2, Carlos Salinas, Facundo Rodr\u00edguez)<\/p>\n<p>&nbsp;<\/p>\n<p>El Tonga: 1 (Maximiliano Ladebesse)<\/p>\n<p>Goodyear Neum\u00e1ticos: 3 (Fernando Bagnera, Lucas Novo, Esteban Montovio)<\/p>\n<p><img loading=\"lazy\" decoding=\"async\" data-attachment-id=\"84912\" data-permalink=\"https:\/\/www.hoymercedes.com.ar\/principal\/2018\/12\/04\/por-penales-el-rejunte-se-quedo-con-el-campeonato\/foto-4\/#main\" data-orig-file=\"https:\/\/www.hoymercedes.com.ar\/principal\/wp-content\/uploads\/2018\/12\/Foto-4.jpg\" data-orig-size=\"1280,853\" data-comments-opened=\"0\" data-image-meta=\"{&quot;aperture&quot;:&quot;0&quot;,&quot;credit&quot;:&quot;&quot;,&quot;camera&quot;:&quot;&quot;,&quot;caption&quot;:&quot;&quot;,&quot;created_timestamp&quot;:&quot;0&quot;,&quot;copyright&quot;:&quot;&quot;,&quot;focal_length&quot;:&quot;0&quot;,&quot;iso&quot;:&quot;0&quot;,&quot;shutter_speed&quot;:&quot;0&quot;,&quot;title&quot;:&quot;&quot;,&quot;orientation&quot;:&quot;0&quot;}\" data-image-title=\"Foto 4\" data-image-description=\"\" data-image-caption=\"\" data-large-file=\"https:\/\/www.hoymercedes.com.ar\/principal\/wp-content\/uploads\/2018\/12\/Foto-4-1024x682.jpg\" class=\"aligncenter size-full wp-image-84912\" src=\"https:\/\/www.hoymercedes.com.ar\/principal\/wp-content\/uploads\/2018\/12\/Foto-4.jpg\" alt=\"\" width=\"1280\" height=\"853\" srcset=\"https:\/\/www.hoymercedes.com.ar\/principal\/wp-content\/uploads\/2018\/12\/Foto-4.jpg 1280w, https:\/\/www.hoymercedes.com.ar\/principal\/wp-content\/uploads\/2018\/12\/Foto-4-150x100.jpg 150w, https:\/\/www.hoymercedes.com.ar\/principal\/wp-content\/uploads\/2018\/12\/Foto-4-630x420.jpg 630w, https:\/\/www.hoymercedes.com.ar\/principal\/wp-content\/uploads\/2018\/12\/Foto-4-1024x682.jpg 1024w\" sizes=\"auto, (max-width: 1280px) 100vw, 1280px\" \/><\/p>\n","protected":false},"excerpt":{"rendered":"<p>Vibrante definici\u00f3n entre \u00e9ste y Carnicer\u00eda la 11, que empataron en el tiempo reglamentario y se defini\u00f3 desde los 12 &#8230; <a title=\"Por penales, El Rejunte se qued\u00f3 con el campeonato\" class=\"read-more\" href=\"https:\/\/www.hoymercedes.com.ar\/principal\/2018\/12\/04\/por-penales-el-rejunte-se-quedo-con-el-campeonato\/\" aria-label=\"Leer m\u00e1s sobre Por penales, El Rejunte se qued\u00f3 con el campeonato\">Leer m\u00e1s<\/a><\/p>\n","protected":false},"author":1,"featured_media":84909,"comment_status":"closed","ping_status":"open","sticky":false,"template":"","format":"standard","meta":{"_monsterinsights_skip_tracking":false,"_monsterinsights_sitenote_active":false,"_monsterinsights_sitenote_note":"","_monsterinsights_sitenote_category":0,"jetpack_post_was_ever_published":false,"_jetpack_newsletter_access":"","_jetpack_dont_email_post_to_subs":false,"_jetpack_newsletter_tier_id":0,"_jetpack_memberships_contains_paywalled_content":false,"_jetpack_memberships_contains_paid_content":false,"footnotes":"","jetpack_publicize_message":"","jetpack_publicize_feature_enabled":true,"jetpack_social_post_already_shared":true,"jetpack_social_options":{"image_generator_settings":{"template":"highway","default_image_id":0,"font":"","enabled":false},"version":2},"_wpas_customize_per_network":false},"categories":[21],"tags":[204,12957,1789],"class_list":["post-84908","post","type-post","status-publish","format-standard","has-post-thumbnail","hentry","category-deportes","tag-deportes-2","tag-futbol-amateur","tag-sindicato-de-la-carne","generate-columns","tablet-grid-50","mobile-grid-100","grid-parent","grid-50"],"jetpack_publicize_connections":[],"jetpack_featured_media_url":"https:\/\/www.hoymercedes.com.ar\/principal\/wp-content\/uploads\/2018\/12\/Foto-1.jpg","wps_subtitle":"Torneo Sindicato de la Carne","jetpack_sharing_enabled":true,"jetpack-related-posts":[{"id":100475,"url":"https:\/\/www.hoymercedes.com.ar\/principal\/2019\/09\/27\/a-paso-firme-goodyear-neumaticos\/","url_meta":{"origin":84908,"position":0},"title":"A paso firme Goodyear Neum\u00e1ticos","author":"hoymercedes","date":"27 septiembre, 2019","format":false,"excerpt":"Cada vez causan m\u00e1s furor los dos torneos organizados por Walter Banega, quien con su impecable desempe\u00f1o dentro del predio mercedino, lleva adelante la Copa Goodyear Neum\u00e1ticos de mayores y la Copa Mercedes Deportes de los m\u00e1s chicos del complejo. En la tarde del s\u00e1bado, se concretaron los correspondientes partidos\u2026","rel":"","context":"En \u00abDeportes\u00bb","block_context":{"text":"Deportes","link":"https:\/\/www.hoymercedes.com.ar\/principal\/category\/deportes\/"},"img":{"alt_text":"","src":"https:\/\/i0.wp.com\/www.hoymercedes.com.ar\/principal\/wp-content\/uploads\/2019\/09\/consultorio.jpg.jpg?resize=350%2C200&ssl=1","width":350,"height":200,"srcset":"https:\/\/i0.wp.com\/www.hoymercedes.com.ar\/principal\/wp-content\/uploads\/2019\/09\/consultorio.jpg.jpg?resize=350%2C200&ssl=1 1x, https:\/\/i0.wp.com\/www.hoymercedes.com.ar\/principal\/wp-content\/uploads\/2019\/09\/consultorio.jpg.jpg?resize=525%2C300&ssl=1 1.5x, https:\/\/i0.wp.com\/www.hoymercedes.com.ar\/principal\/wp-content\/uploads\/2019\/09\/consultorio.jpg.jpg?resize=700%2C400&ssl=1 2x"},"classes":[]},{"id":83598,"url":"https:\/\/www.hoymercedes.com.ar\/principal\/2018\/11\/06\/los-menores-encararan-las-semifinales\/","url_meta":{"origin":84908,"position":1},"title":"Los menores encarar\u00e1n las semifinales","author":"hoymercedes","date":"6 noviembre, 2018","format":false,"excerpt":"Ya se encuentran definidos los cruces en el torneo libre, mientras que en veteranos lideran El Rejunte y Autoservicio El Cicl\u00f3n-Forrajer\u00eda El Cholo en cada una de las zonas. Menores (Copa Mercedes Deportes) Desde temprano, y con un caluroso clima para entrar al verde c\u00e9sped, se iniciaron los encuentros de\u2026","rel":"","context":"En \u00abDeportes\u00bb","block_context":{"text":"Deportes","link":"https:\/\/www.hoymercedes.com.ar\/principal\/category\/deportes\/"},"img":{"alt_text":"","src":"https:\/\/i0.wp.com\/www.hoymercedes.com.ar\/principal\/wp-content\/uploads\/2018\/11\/pibes-equipo.jpg?resize=350%2C200&ssl=1","width":350,"height":200,"srcset":"https:\/\/i0.wp.com\/www.hoymercedes.com.ar\/principal\/wp-content\/uploads\/2018\/11\/pibes-equipo.jpg?resize=350%2C200&ssl=1 1x, https:\/\/i0.wp.com\/www.hoymercedes.com.ar\/principal\/wp-content\/uploads\/2018\/11\/pibes-equipo.jpg?resize=525%2C300&ssl=1 1.5x, https:\/\/i0.wp.com\/www.hoymercedes.com.ar\/principal\/wp-content\/uploads\/2018\/11\/pibes-equipo.jpg?resize=700%2C400&ssl=1 2x"},"classes":[]},{"id":85290,"url":"https:\/\/www.hoymercedes.com.ar\/principal\/2018\/12\/11\/sindicato-de-la-carne-los-veteranos-estan-en-instancias-de-semifinales\/","url_meta":{"origin":84908,"position":2},"title":"Sindicato de la Carne: Los veteranos est\u00e1n en instancias de semifinales","author":"hoymercedes","date":"11 diciembre, 2018","format":false,"excerpt":"Pasaron los correspondientes cuartos de final del certamen Copa Goodyear Neum\u00e1ticos, y ya se conocen a los 4 planteles que lograron superar dicha etapa. El m\u00e1ster busca al \u00faltimo campe\u00f3n del 2018. Con un intenso calor, pero en algunos momentos una peque\u00f1a brisa corr\u00eda en el predio del sindicato, se\u2026","rel":"","context":"En \u00abDeportes\u00bb","block_context":{"text":"Deportes","link":"https:\/\/www.hoymercedes.com.ar\/principal\/category\/deportes\/"},"img":{"alt_text":"","src":"https:\/\/i0.wp.com\/www.hoymercedes.com.ar\/principal\/wp-content\/uploads\/2018\/12\/goodyear-forrajer%C3%ADa.jpg?resize=350%2C200&ssl=1","width":350,"height":200,"srcset":"https:\/\/i0.wp.com\/www.hoymercedes.com.ar\/principal\/wp-content\/uploads\/2018\/12\/goodyear-forrajer%C3%ADa.jpg?resize=350%2C200&ssl=1 1x, https:\/\/i0.wp.com\/www.hoymercedes.com.ar\/principal\/wp-content\/uploads\/2018\/12\/goodyear-forrajer%C3%ADa.jpg?resize=525%2C300&ssl=1 1.5x, https:\/\/i0.wp.com\/www.hoymercedes.com.ar\/principal\/wp-content\/uploads\/2018\/12\/goodyear-forrajer%C3%ADa.jpg?resize=700%2C400&ssl=1 2x, https:\/\/i0.wp.com\/www.hoymercedes.com.ar\/principal\/wp-content\/uploads\/2018\/12\/goodyear-forrajer%C3%ADa.jpg?resize=1050%2C600&ssl=1 3x, https:\/\/i0.wp.com\/www.hoymercedes.com.ar\/principal\/wp-content\/uploads\/2018\/12\/goodyear-forrajer%C3%ADa.jpg?resize=1400%2C800&ssl=1 4x"},"classes":[]},{"id":84516,"url":"https:\/\/www.hoymercedes.com.ar\/principal\/2018\/11\/26\/la-copa-mercedes-deportes-ya-tiene-a-sus-finalistas\/","url_meta":{"origin":84908,"position":3},"title":"La Copa Mercedes Deportes ya tiene a sus finalistas","author":"hoymercedes","date":"26 noviembre, 2018","format":false,"excerpt":"El s\u00e1bado por la tarde los del certamen de menores volvieron a tener su jornada futbol\u00edstica. El certamen que organiza de excelente manera Walter Banega, est\u00e1 en plena etapa de definici\u00f3n. Con una enorme cantidad de p\u00fablico que se registr\u00f3 en el complejo, acompa\u00f1ados de un d\u00eda a puro sol\u2026","rel":"","context":"En \u00abDeportes\u00bb","block_context":{"text":"Deportes","link":"https:\/\/www.hoymercedes.com.ar\/principal\/category\/deportes\/"},"img":{"alt_text":"","src":"https:\/\/i0.wp.com\/www.hoymercedes.com.ar\/principal\/wp-content\/uploads\/2018\/11\/el-rejunte.jpg?resize=350%2C200&ssl=1","width":350,"height":200,"srcset":"https:\/\/i0.wp.com\/www.hoymercedes.com.ar\/principal\/wp-content\/uploads\/2018\/11\/el-rejunte.jpg?resize=350%2C200&ssl=1 1x, https:\/\/i0.wp.com\/www.hoymercedes.com.ar\/principal\/wp-content\/uploads\/2018\/11\/el-rejunte.jpg?resize=525%2C300&ssl=1 1.5x, https:\/\/i0.wp.com\/www.hoymercedes.com.ar\/principal\/wp-content\/uploads\/2018\/11\/el-rejunte.jpg?resize=700%2C400&ssl=1 2x"},"classes":[]},{"id":85979,"url":"https:\/\/www.hoymercedes.com.ar\/principal\/2018\/12\/25\/rosario-plastico-autoservicio-marisol-y-apicola-mercedes-jugaran-la-final-de-veteranos\/","url_meta":{"origin":84908,"position":4},"title":"Rosario Pl\u00e1stico-Autoservicio Marisol y Ap\u00edcola Mercedes jugar\u00e1n la final de veteranos","author":"hoymercedes","date":"25 diciembre, 2018","format":false,"excerpt":"En la instancia decisiva para conocer al campe\u00f3n del complejo, nuevamente se ver\u00e1n las caras estos dos planteles. Supieron jugar la final\u00edsima hace algunos cert\u00e1menes atr\u00e1s. En menores comenz\u00f3 otra Copa Mercedes Deportes. Se realizaron las correspondientes semifinales del torneo m\u00e1ster, y se dio un nuevo inicio a otro campeonato\u2026","rel":"","context":"En \u00abDeportes\u00bb","block_context":{"text":"Deportes","link":"https:\/\/www.hoymercedes.com.ar\/principal\/category\/deportes\/"},"img":{"alt_text":"","src":"https:\/\/i0.wp.com\/www.hoymercedes.com.ar\/principal\/wp-content\/uploads\/2018\/12\/Rosario-Pl%C3%A1stico-Autoservicio-Marisol.jpg.jpg?resize=350%2C200&ssl=1","width":350,"height":200,"srcset":"https:\/\/i0.wp.com\/www.hoymercedes.com.ar\/principal\/wp-content\/uploads\/2018\/12\/Rosario-Pl%C3%A1stico-Autoservicio-Marisol.jpg.jpg?resize=350%2C200&ssl=1 1x, https:\/\/i0.wp.com\/www.hoymercedes.com.ar\/principal\/wp-content\/uploads\/2018\/12\/Rosario-Pl%C3%A1stico-Autoservicio-Marisol.jpg.jpg?resize=525%2C300&ssl=1 1.5x, https:\/\/i0.wp.com\/www.hoymercedes.com.ar\/principal\/wp-content\/uploads\/2018\/12\/Rosario-Pl%C3%A1stico-Autoservicio-Marisol.jpg.jpg?resize=700%2C400&ssl=1 2x"},"classes":[]},{"id":90104,"url":"https:\/\/www.hoymercedes.com.ar\/principal\/2019\/03\/25\/la-punta-de-la-liguilla-es-para-tres-conjuntos\/","url_meta":{"origin":84908,"position":5},"title":"La punta de la liguilla es para tres conjuntos","author":"hoymercedes","date":"25 marzo, 2019","format":false,"excerpt":"Una vez m\u00e1s hubo sorpresas en la jornada futbol\u00edstica. El torneo de mayores va llegando su momento definitorio. Ya es una costumbre que en el predio del Sindicato de la Carne Mercedes, tanto en la Copa Mercedes Deportes de menores y en la Copa Goodyear Neum\u00e1ticos de veteranos, cada s\u00e1bado\u2026","rel":"","context":"En \u00abDeportes\u00bb","block_context":{"text":"Deportes","link":"https:\/\/www.hoymercedes.com.ar\/principal\/category\/deportes\/"},"img":{"alt_text":"","src":"https:\/\/i0.wp.com\/www.hoymercedes.com.ar\/principal\/wp-content\/uploads\/2019\/03\/cone-san-mart%C3%ADn.jpg.jpg?resize=350%2C200&ssl=1","width":350,"height":200,"srcset":"https:\/\/i0.wp.com\/www.hoymercedes.com.ar\/principal\/wp-content\/uploads\/2019\/03\/cone-san-mart%C3%ADn.jpg.jpg?resize=350%2C200&ssl=1 1x, https:\/\/i0.wp.com\/www.hoymercedes.com.ar\/principal\/wp-content\/uploads\/2019\/03\/cone-san-mart%C3%ADn.jpg.jpg?resize=525%2C300&ssl=1 1.5x, https:\/\/i0.wp.com\/www.hoymercedes.com.ar\/principal\/wp-content\/uploads\/2019\/03\/cone-san-mart%C3%ADn.jpg.jpg?resize=700%2C400&ssl=1 2x"},"classes":[]}],"_links":{"self":[{"href":"https:\/\/www.hoymercedes.com.ar\/principal\/wp-json\/wp\/v2\/posts\/84908","targetHints":{"allow":["GET"]}}],"collection":[{"href":"https:\/\/www.hoymercedes.com.ar\/principal\/wp-json\/wp\/v2\/posts"}],"about":[{"href":"https:\/\/www.hoymercedes.com.ar\/principal\/wp-json\/wp\/v2\/types\/post"}],"author":[{"embeddable":true,"href":"https:\/\/www.hoymercedes.com.ar\/principal\/wp-json\/wp\/v2\/users\/1"}],"replies":[{"embeddable":true,"href":"https:\/\/www.hoymercedes.com.ar\/principal\/wp-json\/wp\/v2\/comments?post=84908"}],"version-history":[{"count":0,"href":"https:\/\/www.hoymercedes.com.ar\/principal\/wp-json\/wp\/v2\/posts\/84908\/revisions"}],"wp:featuredmedia":[{"embeddable":true,"href":"https:\/\/www.hoymercedes.com.ar\/principal\/wp-json\/wp\/v2\/media\/84909"}],"wp:attachment":[{"href":"https:\/\/www.hoymercedes.com.ar\/principal\/wp-json\/wp\/v2\/media?parent=84908"}],"wp:term":[{"taxonomy":"category","embeddable":true,"href":"https:\/\/www.hoymercedes.com.ar\/principal\/wp-json\/wp\/v2\/categories?post=84908"},{"taxonomy":"post_tag","embeddable":true,"href":"https:\/\/www.hoymercedes.com.ar\/principal\/wp-json\/wp\/v2\/tags?post=84908"}],"curies":[{"name":"wp","href":"https:\/\/api.w.org\/{rel}","templated":true}]}}