{"id":84914,"date":"2018-12-05T07:56:56","date_gmt":"2018-12-05T10:56:56","guid":{"rendered":"http:\/\/www.hoymercedes.com.ar\/principal\/?p=84914"},"modified":"2018-12-04T15:23:06","modified_gmt":"2018-12-04T18:23:06","slug":"se-inauguro-la-primera-cancha-de-softbol-de-la-ciudad","status":"publish","type":"post","link":"https:\/\/www.hoymercedes.com.ar\/principal\/2018\/12\/05\/se-inauguro-la-primera-cancha-de-softbol-de-la-ciudad\/","title":{"rendered":"Se inaugur\u00f3 la primera cancha de softbol de la ciudad"},"content":{"rendered":"<p class=\"x_MsoNormal\"><span lang=\"ES-AR\">El intendente Juan Ignacio Ustarroz, junto a la direcci\u00f3n de deportes, padres, profesores y un numeroso grupo de chicos y chicas que practican softbol inauguraron la primera cancha de este deporte en nuestra ciudad y la regi\u00f3n. Este nuevo lugar, modelo en la zona, fue llevado adelante con recursos municipales junto al trabajo en conjunto con la comisi\u00f3n municipal de softbol. \u201cSentimos orgullo y alegr\u00eda al ver tanto presente y futuro en el rostro de estos chicos y chicas que tanta pasi\u00f3n le ponen a este deporte\u201d defini\u00f3 el Dr. Ustarroz.<\/span><\/p>\n<p><img loading=\"lazy\" decoding=\"async\" data-attachment-id=\"84915\" data-permalink=\"https:\/\/www.hoymercedes.com.ar\/principal\/2018\/12\/05\/se-inauguro-la-primera-cancha-de-softbol-de-la-ciudad\/softball-1\/#main\" data-orig-file=\"https:\/\/www.hoymercedes.com.ar\/principal\/wp-content\/uploads\/2018\/12\/Softball-1.jpg\" data-orig-size=\"865,577\" data-comments-opened=\"0\" data-image-meta=\"{&quot;aperture&quot;:&quot;0&quot;,&quot;credit&quot;:&quot;&quot;,&quot;camera&quot;:&quot;&quot;,&quot;caption&quot;:&quot;&quot;,&quot;created_timestamp&quot;:&quot;0&quot;,&quot;copyright&quot;:&quot;&quot;,&quot;focal_length&quot;:&quot;0&quot;,&quot;iso&quot;:&quot;0&quot;,&quot;shutter_speed&quot;:&quot;0&quot;,&quot;title&quot;:&quot;&quot;,&quot;orientation&quot;:&quot;0&quot;}\" data-image-title=\"Softball-1\" data-image-description=\"\" data-image-caption=\"\" data-large-file=\"https:\/\/www.hoymercedes.com.ar\/principal\/wp-content\/uploads\/2018\/12\/Softball-1.jpg\" class=\"aligncenter size-full wp-image-84915\" src=\"https:\/\/www.hoymercedes.com.ar\/principal\/wp-content\/uploads\/2018\/12\/Softball-1.jpg\" alt=\"\" width=\"865\" height=\"577\" srcset=\"https:\/\/www.hoymercedes.com.ar\/principal\/wp-content\/uploads\/2018\/12\/Softball-1.jpg 865w, https:\/\/www.hoymercedes.com.ar\/principal\/wp-content\/uploads\/2018\/12\/Softball-1-150x100.jpg 150w, https:\/\/www.hoymercedes.com.ar\/principal\/wp-content\/uploads\/2018\/12\/Softball-1-630x420.jpg 630w\" sizes=\"auto, (max-width: 865px) 100vw, 865px\" \/><\/p>\n<p class=\"x_MsoNormal\"><span lang=\"ES-AR\">En la actividad que incluy\u00f3 competencias y exposiciones deportivas el jefe comunal expres\u00f3 \u201cnosotros apostamos much\u00edsimo al deporte, lo hacemos con una idea simple, ver la conjunci\u00f3n de trabajo entre padres, profesores y chicos, donde a trav\u00e9s del deporte, comparten, son solidarios y se transforman en mejores personas\u201d y a\u00f1adi\u00f3 \u201cnuestra idea es que en la ciudad cada vez m\u00e1s ni\u00f1os, j\u00f3venes, adultos y adultos mayores hagan deportes porque eso incrementa la salud y la integraci\u00f3n en la ciudad\u201d.<\/span><\/p>\n<p class=\"x_MsoNormal\"><span lang=\"ES-AR\">\u201cUna sociedad mejor es aquella que sabe apoyar al compa\u00f1ero, compartir, divertirse y disfrutar junto a los a dem\u00e1s\u201d apunt\u00f3 Ustarroz. A su vez, pidi\u00f3 un fuerte aplauso a las mam\u00e1s y los pap\u00e1s de los chicos que practican este deporte en nuestra ciudad \u201cporque esta nueva cancha la hicieron los padres, nosotros les dimos los materiales, y en esa sinergia de trabajo se logr\u00f3 construir este hermoso lugar\u201d.<\/span><\/p>\n<p class=\"x_MsoNormal\"><span lang=\"ES-AR\">Estuvo presente todo el equipo de la Direcci\u00f3n de Deportes, encabezado por su director, Mart\u00edn Silvestre, qui\u00e9n salud\u00f3 al gran n\u00famero de padres presentes \u201cquienes han trabajado tanto por este deporte, y han hecho que el softbol se vaya instalando en nuestra ciudad\u201d y apunt\u00f3 \u201cellos junto a los profesores y al se\u00f1or intendente el Dr. Ustarroz fueron los que llevaron adelante esta iniciativa, hasta este momento, en el cual estamos inaugurando oficialmente esta cancha\u201d.<\/span><\/p>\n<p><img loading=\"lazy\" decoding=\"async\" data-attachment-id=\"84916\" data-permalink=\"https:\/\/www.hoymercedes.com.ar\/principal\/2018\/12\/05\/se-inauguro-la-primera-cancha-de-softbol-de-la-ciudad\/softball-2\/#main\" data-orig-file=\"https:\/\/www.hoymercedes.com.ar\/principal\/wp-content\/uploads\/2018\/12\/Softball-2.jpg\" data-orig-size=\"865,577\" data-comments-opened=\"0\" data-image-meta=\"{&quot;aperture&quot;:&quot;0&quot;,&quot;credit&quot;:&quot;&quot;,&quot;camera&quot;:&quot;&quot;,&quot;caption&quot;:&quot;&quot;,&quot;created_timestamp&quot;:&quot;0&quot;,&quot;copyright&quot;:&quot;&quot;,&quot;focal_length&quot;:&quot;0&quot;,&quot;iso&quot;:&quot;0&quot;,&quot;shutter_speed&quot;:&quot;0&quot;,&quot;title&quot;:&quot;&quot;,&quot;orientation&quot;:&quot;0&quot;}\" data-image-title=\"Softball-2\" data-image-description=\"\" data-image-caption=\"\" data-large-file=\"https:\/\/www.hoymercedes.com.ar\/principal\/wp-content\/uploads\/2018\/12\/Softball-2.jpg\" class=\"aligncenter size-full wp-image-84916\" src=\"https:\/\/www.hoymercedes.com.ar\/principal\/wp-content\/uploads\/2018\/12\/Softball-2.jpg\" alt=\"\" width=\"865\" height=\"577\" srcset=\"https:\/\/www.hoymercedes.com.ar\/principal\/wp-content\/uploads\/2018\/12\/Softball-2.jpg 865w, https:\/\/www.hoymercedes.com.ar\/principal\/wp-content\/uploads\/2018\/12\/Softball-2-150x100.jpg 150w, https:\/\/www.hoymercedes.com.ar\/principal\/wp-content\/uploads\/2018\/12\/Softball-2-630x420.jpg 630w\" sizes=\"auto, (max-width: 865px) 100vw, 865px\" \/><\/p>\n<p class=\"x_MsoNormal\"><span lang=\"ES-AR\">Por su parte, el profesor de educaci\u00f3n f\u00edsica, Javier Chiacchiarini, qui\u00e9n lleva con gran pasi\u00f3n este deporte adelante, enfatiz\u00f3 \u201chace m\u00e1s de dos a\u00f1os arrancamos con este deporte, en el marco de las escuelas municipales de deportivas, y se ha formado un gran grupo de trabajo\u201d y se\u00f1al\u00f3 \u201cme siento parte de este proyecto que se est\u00e1 llevando a cabo en la ciudad, que intenta insertar a los chicos al deporte\u201d.\u00a0<\/span><\/p>\n<p class=\"x_MsoNormal\"><span lang=\"ES-AR\">Tambi\u00e9n, tom\u00f3 la palabra Silvia, una de las mam\u00e1s, que a su vez, es presidenta de la comisi\u00f3n municipal de softbol \u201cvenimos acompa\u00f1ando a los chicos desde que arrancaron junto a todos los profesores\u201d y remarc\u00f3 \u201cnosotros recibimos un gran apoyo de la Municipalidad de Mercedes, donde la idea es trabajar en equipo, en conjunto, y lograr que este deporte tan lindo siga adelante\u201d.<\/span><\/p>\n<p class=\"x_MsoNormal\"><span lang=\"ES-AR\">Asimismo, sum\u00e1ndose al festejo de esta nueva adquisici\u00f3n para el deporte mercedino, se disput\u00f3 un torneo a nivel regional, del cual participaron diferentes equipos de la zona. De esta manera, se encontraron chicos y chicas quienes pasaron una jornada a todo deporte en el predio del Ex Mart\u00edn Rodr\u00edguez.\u00a0 \u00a0<\/span><\/p>\n<p><img loading=\"lazy\" decoding=\"async\" data-attachment-id=\"84917\" data-permalink=\"https:\/\/www.hoymercedes.com.ar\/principal\/2018\/12\/05\/se-inauguro-la-primera-cancha-de-softbol-de-la-ciudad\/softball-3\/#main\" data-orig-file=\"https:\/\/www.hoymercedes.com.ar\/principal\/wp-content\/uploads\/2018\/12\/Softball-3.jpg\" data-orig-size=\"865,577\" data-comments-opened=\"0\" data-image-meta=\"{&quot;aperture&quot;:&quot;0&quot;,&quot;credit&quot;:&quot;&quot;,&quot;camera&quot;:&quot;&quot;,&quot;caption&quot;:&quot;&quot;,&quot;created_timestamp&quot;:&quot;0&quot;,&quot;copyright&quot;:&quot;&quot;,&quot;focal_length&quot;:&quot;0&quot;,&quot;iso&quot;:&quot;0&quot;,&quot;shutter_speed&quot;:&quot;0&quot;,&quot;title&quot;:&quot;&quot;,&quot;orientation&quot;:&quot;0&quot;}\" data-image-title=\"Softball-3\" data-image-description=\"\" data-image-caption=\"\" data-large-file=\"https:\/\/www.hoymercedes.com.ar\/principal\/wp-content\/uploads\/2018\/12\/Softball-3.jpg\" class=\"aligncenter size-full wp-image-84917\" src=\"https:\/\/www.hoymercedes.com.ar\/principal\/wp-content\/uploads\/2018\/12\/Softball-3.jpg\" alt=\"\" width=\"865\" height=\"577\" srcset=\"https:\/\/www.hoymercedes.com.ar\/principal\/wp-content\/uploads\/2018\/12\/Softball-3.jpg 865w, https:\/\/www.hoymercedes.com.ar\/principal\/wp-content\/uploads\/2018\/12\/Softball-3-150x100.jpg 150w, https:\/\/www.hoymercedes.com.ar\/principal\/wp-content\/uploads\/2018\/12\/Softball-3-630x420.jpg 630w\" sizes=\"auto, (max-width: 865px) 100vw, 865px\" \/><\/p>\n","protected":false},"excerpt":{"rendered":"<p>El intendente Juan Ignacio Ustarroz, junto a la direcci\u00f3n de deportes, padres, profesores y un numeroso grupo de chicos y &#8230; <a title=\"Se inaugur\u00f3 la primera cancha de softbol de la ciudad\" class=\"read-more\" href=\"https:\/\/www.hoymercedes.com.ar\/principal\/2018\/12\/05\/se-inauguro-la-primera-cancha-de-softbol-de-la-ciudad\/\" aria-label=\"Leer m\u00e1s sobre Se inaugur\u00f3 la primera cancha de softbol de la ciudad\">Leer m\u00e1s<\/a><\/p>\n","protected":false},"author":1,"featured_media":84915,"comment_status":"closed","ping_status":"open","sticky":false,"template":"","format":"standard","meta":{"_monsterinsights_skip_tracking":false,"_monsterinsights_sitenote_active":false,"_monsterinsights_sitenote_note":"","_monsterinsights_sitenote_category":0,"jetpack_post_was_ever_published":false,"_jetpack_newsletter_access":"","_jetpack_dont_email_post_to_subs":false,"_jetpack_newsletter_tier_id":0,"_jetpack_memberships_contains_paywalled_content":false,"_jetpack_memberships_contains_paid_content":false,"footnotes":"","jetpack_publicize_message":"","jetpack_publicize_feature_enabled":true,"jetpack_social_post_already_shared":true,"jetpack_social_options":{"image_generator_settings":{"template":"highway","default_image_id":0,"font":"","enabled":false},"version":2},"_wpas_customize_per_network":false},"categories":[21],"tags":[14157,204,9248,14158],"class_list":["post-84914","post","type-post","status-publish","format-standard","has-post-thumbnail","hentry","category-deportes","tag-cancha","tag-deportes-2","tag-inauguracion","tag-softbal","generate-columns","tablet-grid-50","mobile-grid-100","grid-parent","grid-50"],"jetpack_publicize_connections":[],"jetpack_featured_media_url":"https:\/\/www.hoymercedes.com.ar\/principal\/wp-content\/uploads\/2018\/12\/Softball-1.jpg","wps_subtitle":"","jetpack_sharing_enabled":true,"jetpack-related-posts":[{"id":82561,"url":"https:\/\/www.hoymercedes.com.ar\/principal\/2018\/10\/17\/municipio-realiza-un-nuevo-aporte-al-softbol-local\/","url_meta":{"origin":84914,"position":0},"title":"Municipio realiza un nuevo aporte al Softbol local","author":"hoymercedes","date":"17 octubre, 2018","format":false,"excerpt":"El intendente Ustarroz particip\u00f3 de un nuevo apoyo e impulso al deporte de nuestra ciudad. En esta ocasi\u00f3n a trav\u00e9s de la Escuela Municipal de\u00a0s\u00f3ftbol\u00a0que desempe\u00f1a actividades en la recientemente construida, y \u00fanica en la regi\u00f3n, cancha de la mencionada disciplina. \u201cLa idea es que puedan venir, disfrutar, juntarse, unir\u2026","rel":"","context":"En \u00abDeportes\u00bb","block_context":{"text":"Deportes","link":"https:\/\/www.hoymercedes.com.ar\/principal\/category\/deportes\/"},"img":{"alt_text":"","src":"https:\/\/i0.wp.com\/www.hoymercedes.com.ar\/principal\/wp-content\/uploads\/2018\/10\/sotball.1.jpg?resize=350%2C200&ssl=1","width":350,"height":200,"srcset":"https:\/\/i0.wp.com\/www.hoymercedes.com.ar\/principal\/wp-content\/uploads\/2018\/10\/sotball.1.jpg?resize=350%2C200&ssl=1 1x, https:\/\/i0.wp.com\/www.hoymercedes.com.ar\/principal\/wp-content\/uploads\/2018\/10\/sotball.1.jpg?resize=525%2C300&ssl=1 1.5x, https:\/\/i0.wp.com\/www.hoymercedes.com.ar\/principal\/wp-content\/uploads\/2018\/10\/sotball.1.jpg?resize=700%2C400&ssl=1 2x"},"classes":[]},{"id":151173,"url":"https:\/\/www.hoymercedes.com.ar\/principal\/2022\/07\/26\/softbol-mercedes-en-el-nacional-de-infantiles\/","url_meta":{"origin":84914,"position":1},"title":"Softbol: Mercedes en el Nacional de Infantiles\u00a0","author":"hoymercedes","date":"26 julio, 2022","format":false,"excerpt":"Softbol: Mercedes en el Nacional de Infantiles\u00a0","rel":"","context":"En \u00abDeportes\u00bb","block_context":{"text":"Deportes","link":"https:\/\/www.hoymercedes.com.ar\/principal\/category\/deportes\/"},"img":{"alt_text":"","src":"https:\/\/i0.wp.com\/www.hoymercedes.com.ar\/principal\/wp-content\/uploads\/2022\/07\/softbal-2507.jpeg?resize=350%2C200&ssl=1","width":350,"height":200,"srcset":"https:\/\/i0.wp.com\/www.hoymercedes.com.ar\/principal\/wp-content\/uploads\/2022\/07\/softbal-2507.jpeg?resize=350%2C200&ssl=1 1x, https:\/\/i0.wp.com\/www.hoymercedes.com.ar\/principal\/wp-content\/uploads\/2022\/07\/softbal-2507.jpeg?resize=525%2C300&ssl=1 1.5x, https:\/\/i0.wp.com\/www.hoymercedes.com.ar\/principal\/wp-content\/uploads\/2022\/07\/softbal-2507.jpeg?resize=700%2C400&ssl=1 2x"},"classes":[]},{"id":182453,"url":"https:\/\/www.hoymercedes.com.ar\/principal\/2025\/02\/10\/mercedes-sede-regional-de-encuentro-de-softbol\/","url_meta":{"origin":84914,"position":2},"title":"Mercedes sede regional de encuentro de Softbol","author":"hoymercedes","date":"10 febrero, 2025","format":false,"excerpt":"En la cancha construida en el Mart\u00edn Rodr\u00edguez contin\u00faa desarroll\u00e1ndose este deporte que cuenta con la \u00fanica estructura en toda la regi\u00f3n y una de las pocas en la provincia para desplegar esta disciplina que, adem\u00e1s, posee el fuerte impuso de la \u201cAsociaci\u00f3n Mercedina de Softbol\u201d y la Direcci\u00f3n de\u2026","rel":"","context":"En \u00abDeportes\u00bb","block_context":{"text":"Deportes","link":"https:\/\/www.hoymercedes.com.ar\/principal\/category\/deportes\/"},"img":{"alt_text":"Mercedes sede regional de encuentro de Softbol","src":"https:\/\/i0.wp.com\/www.hoymercedes.com.ar\/principal\/wp-content\/uploads\/2025\/02\/Softbol-2.jpg?resize=350%2C200&ssl=1","width":350,"height":200,"srcset":"https:\/\/i0.wp.com\/www.hoymercedes.com.ar\/principal\/wp-content\/uploads\/2025\/02\/Softbol-2.jpg?resize=350%2C200&ssl=1 1x, https:\/\/i0.wp.com\/www.hoymercedes.com.ar\/principal\/wp-content\/uploads\/2025\/02\/Softbol-2.jpg?resize=525%2C300&ssl=1 1.5x, https:\/\/i0.wp.com\/www.hoymercedes.com.ar\/principal\/wp-content\/uploads\/2025\/02\/Softbol-2.jpg?resize=700%2C400&ssl=1 2x, https:\/\/i0.wp.com\/www.hoymercedes.com.ar\/principal\/wp-content\/uploads\/2025\/02\/Softbol-2.jpg?resize=1050%2C600&ssl=1 3x"},"classes":[]},{"id":60061,"url":"https:\/\/www.hoymercedes.com.ar\/principal\/2017\/02\/23\/javier-chiacchiarini-varios-profesores-implementan-el-softbol-en-los-colegios\/","url_meta":{"origin":84914,"position":3},"title":"Javier Chiacchiarini: \u00abVarios profesores implementan el softbol en los colegios\u00bb","author":"hoymercedes","date":"23 febrero, 2017","format":false,"excerpt":"Un deporte que desde la Municipalidad de Mercedes est\u00e1n tratando de instalar en la ciudad es el softbol, que desde el a\u00f1o pasado se practica en el ex Instituto Mart\u00edn Rodr\u00edguez a cargo de Javier Chicchiarini, que en di\u00e1logo con el programa El Pulso dijo que est\u00e1 \"muy poco difundido\u2026","rel":"","context":"En \u00abDeportes\u00bb","block_context":{"text":"Deportes","link":"https:\/\/www.hoymercedes.com.ar\/principal\/category\/deportes\/"},"img":{"alt_text":"","src":"https:\/\/i0.wp.com\/www.hoymercedes.com.ar\/principal\/wp-content\/uploads\/2017\/02\/Javier-Chiachiarini.jpg?resize=350%2C200&ssl=1","width":350,"height":200},"classes":[]},{"id":175143,"url":"https:\/\/www.hoymercedes.com.ar\/principal\/2024\/04\/25\/inauguraron-nueva-cancha-para-divisiones-infantiles-en-los-carteros\/","url_meta":{"origin":84914,"position":4},"title":"Inauguraron nueva cancha para divisiones infantiles en Los Carteros","author":"hoymercedes","date":"25 abril, 2024","format":false,"excerpt":"El intendente Juan Ignacio Ustarroz acompa\u00f1\u00f3 a las familias y comisi\u00f3n directiva del club Los Carteros quienes llevaron adelante la inauguraci\u00f3n de la nueva cancha de f\u00fatbol dedicadas a las divisiones femeninas. Del encuentro, realizado en esta instituci\u00f3n deportiva, participaron una importante cantidad de familias que acompa\u00f1aron a las jugadoras,\u2026","rel":"","context":"En \u00abDeportes\u00bb","block_context":{"text":"Deportes","link":"https:\/\/www.hoymercedes.com.ar\/principal\/category\/deportes\/"},"img":{"alt_text":"Inauguraron nueva cancha para divisiones infantiles en Los Carteros","src":"https:\/\/i0.wp.com\/www.hoymercedes.com.ar\/principal\/wp-content\/uploads\/2024\/04\/Los-Carteros.jpg?resize=350%2C200&ssl=1","width":350,"height":200,"srcset":"https:\/\/i0.wp.com\/www.hoymercedes.com.ar\/principal\/wp-content\/uploads\/2024\/04\/Los-Carteros.jpg?resize=350%2C200&ssl=1 1x, https:\/\/i0.wp.com\/www.hoymercedes.com.ar\/principal\/wp-content\/uploads\/2024\/04\/Los-Carteros.jpg?resize=525%2C300&ssl=1 1.5x, https:\/\/i0.wp.com\/www.hoymercedes.com.ar\/principal\/wp-content\/uploads\/2024\/04\/Los-Carteros.jpg?resize=700%2C400&ssl=1 2x, https:\/\/i0.wp.com\/www.hoymercedes.com.ar\/principal\/wp-content\/uploads\/2024\/04\/Los-Carteros.jpg?resize=1050%2C600&ssl=1 3x"},"classes":[]},{"id":101681,"url":"https:\/\/www.hoymercedes.com.ar\/principal\/2019\/10\/23\/avanza-la-primera-cancha-de-hockey-sintetico-realizada-entre-ateneo-y-el-municipio\/","url_meta":{"origin":84914,"position":5},"title":"Avanza la primera cancha de hockey sint\u00e9tico realizada entre Ateneo y el Municipio","author":"hoymercedes","date":"23 octubre, 2019","format":false,"excerpt":"Preparaci\u00f3n del terreno El Municipio de Mercedes contin\u00faa trabajando de manera mancomunada con las diferentes instituciones, y en este caso en post de una actividad deportiva que viene creciendo a\u00f1o a a\u00f1o, como lo es el hockey. De esta manera, se est\u00e1 realizando la primera cancha de c\u00e9sped sint\u00e9tico en\u2026","rel":"","context":"En \u00abDeportes\u00bb","block_context":{"text":"Deportes","link":"https:\/\/www.hoymercedes.com.ar\/principal\/category\/deportes\/"},"img":{"alt_text":"","src":"https:\/\/i0.wp.com\/www.hoymercedes.com.ar\/principal\/wp-content\/uploads\/2019\/10\/Ateneo1.jpeg?resize=350%2C200&ssl=1","width":350,"height":200,"srcset":"https:\/\/i0.wp.com\/www.hoymercedes.com.ar\/principal\/wp-content\/uploads\/2019\/10\/Ateneo1.jpeg?resize=350%2C200&ssl=1 1x, https:\/\/i0.wp.com\/www.hoymercedes.com.ar\/principal\/wp-content\/uploads\/2019\/10\/Ateneo1.jpeg?resize=525%2C300&ssl=1 1.5x"},"classes":[]}],"_links":{"self":[{"href":"https:\/\/www.hoymercedes.com.ar\/principal\/wp-json\/wp\/v2\/posts\/84914","targetHints":{"allow":["GET"]}}],"collection":[{"href":"https:\/\/www.hoymercedes.com.ar\/principal\/wp-json\/wp\/v2\/posts"}],"about":[{"href":"https:\/\/www.hoymercedes.com.ar\/principal\/wp-json\/wp\/v2\/types\/post"}],"author":[{"embeddable":true,"href":"https:\/\/www.hoymercedes.com.ar\/principal\/wp-json\/wp\/v2\/users\/1"}],"replies":[{"embeddable":true,"href":"https:\/\/www.hoymercedes.com.ar\/principal\/wp-json\/wp\/v2\/comments?post=84914"}],"version-history":[{"count":0,"href":"https:\/\/www.hoymercedes.com.ar\/principal\/wp-json\/wp\/v2\/posts\/84914\/revisions"}],"wp:featuredmedia":[{"embeddable":true,"href":"https:\/\/www.hoymercedes.com.ar\/principal\/wp-json\/wp\/v2\/media\/84915"}],"wp:attachment":[{"href":"https:\/\/www.hoymercedes.com.ar\/principal\/wp-json\/wp\/v2\/media?parent=84914"}],"wp:term":[{"taxonomy":"category","embeddable":true,"href":"https:\/\/www.hoymercedes.com.ar\/principal\/wp-json\/wp\/v2\/categories?post=84914"},{"taxonomy":"post_tag","embeddable":true,"href":"https:\/\/www.hoymercedes.com.ar\/principal\/wp-json\/wp\/v2\/tags?post=84914"}],"curies":[{"name":"wp","href":"https:\/\/api.w.org\/{rel}","templated":true}]}}