{"id":8492,"date":"2011-10-21T23:25:35","date_gmt":"2011-10-21T23:25:35","guid":{"rendered":"http:\/\/www.hoymercedes.com.ar\/principal\/?p=8492"},"modified":"2011-10-21T23:25:35","modified_gmt":"2011-10-21T23:25:35","slug":"pusieron-en-marcha-la-planta-de-gestion-y-tratamiento-integral-de-residuos-solidos-urbanos","status":"publish","type":"post","link":"https:\/\/www.hoymercedes.com.ar\/principal\/2011\/10\/21\/pusieron-en-marcha-la-planta-de-gestion-y-tratamiento-integral-de-residuos-solidos-urbanos\/","title":{"rendered":"Pusieron en marcha la Planta de Gesti\u00f3n y Tratamiento Integral de Residuos S\u00f3lidos Urbanos"},"content":{"rendered":"<p><a href=\"https:\/\/www.hoymercedes.com.ar\/principal\/wp-content\/uploads\/2011\/10\/Planta-Residuos.jpg\"><img loading=\"lazy\" decoding=\"async\" data-attachment-id=\"8493\" data-permalink=\"https:\/\/www.hoymercedes.com.ar\/principal\/2011\/10\/21\/pusieron-en-marcha-la-planta-de-gestion-y-tratamiento-integral-de-residuos-solidos-urbanos\/planta-residuos\/#main\" data-orig-file=\"https:\/\/www.hoymercedes.com.ar\/principal\/wp-content\/uploads\/2011\/10\/Planta-Residuos.jpg\" data-orig-size=\"600,220\" data-comments-opened=\"1\" data-image-meta=\"{&quot;aperture&quot;:&quot;4&quot;,&quot;credit&quot;:&quot;&quot;,&quot;camera&quot;:&quot;NIKON D50&quot;,&quot;caption&quot;:&quot;&quot;,&quot;created_timestamp&quot;:&quot;1319198217&quot;,&quot;copyright&quot;:&quot;&quot;,&quot;focal_length&quot;:&quot;28&quot;,&quot;iso&quot;:&quot;0&quot;,&quot;shutter_speed&quot;:&quot;0.016666666666667&quot;,&quot;title&quot;:&quot;&quot;}\" data-image-title=\"Planta-Residuos\" data-image-description=\"\" data-image-caption=\"\" data-large-file=\"https:\/\/www.hoymercedes.com.ar\/principal\/wp-content\/uploads\/2011\/10\/Planta-Residuos.jpg\" class=\"aligncenter size-full wp-image-8493\" title=\"Planta-Residuos\" src=\"https:\/\/www.hoymercedes.com.ar\/principal\/wp-content\/uploads\/2011\/10\/Planta-Residuos.jpg\" alt=\"\" width=\"600\" height=\"220\" \/><\/a><\/p>\n<p>Hoy por la ma\u00f1ana el Intendente Municipal Carlos Selva se hizo presente en la Planta de Gesti\u00f3n y Tratamiento Integral de Residuos S\u00f3lidos Urbanos.<\/p>\n<p>De este encuentro participaron alumnos de las Escuelas N\u00b0 11 y N\u00b0 35, que vienen trabajando en el marco piloto del Programa \u201cTu manzana recicla\u201d.<\/p>\n<p>En realidad, en este encuentro informal, la visita de los alumnos motivaron la presencia del Jefe Comunal y algunos funcionarios interesados en el tema, m\u00e1s los responsables de la planta.<\/p>\n<p>El Sr. Juan Carlos Suarez, Jefe del Departamento de Medio Ambiente, dependiente de la Direccion de Salud municipal, fue el encargado de brindar una charla did\u00e1ctica, que se dedico a explicar a los alumnos el funcionamiento de la planta, as\u00ed las chicas y chicos pod\u00edan observar lo que ya hab\u00edan visto en las aulas, pero a trav\u00e9s de la teor\u00eda. Todo lo estudiado, lo pod\u00edan ver en funcionamiento en la nueva Planta.<\/p>\n<p>Fue ocasi\u00f3n tambi\u00e9n para que el Intendente hiciera uso de la palabra, felicitando a los docentes y a los alumnos que vienen estudiando y trabajando por el medio ambiente en nuestra ciudad<\/p>\n","protected":false},"excerpt":{"rendered":"<p>Hoy por la ma\u00f1ana el Intendente Municipal Carlos Selva se hizo presente en la Planta de Gesti\u00f3n y Tratamiento Integral &#8230; <a title=\"Pusieron en marcha la Planta de Gesti\u00f3n y Tratamiento Integral de Residuos S\u00f3lidos Urbanos\" class=\"read-more\" href=\"https:\/\/www.hoymercedes.com.ar\/principal\/2011\/10\/21\/pusieron-en-marcha-la-planta-de-gestion-y-tratamiento-integral-de-residuos-solidos-urbanos\/\" aria-label=\"Leer m\u00e1s sobre Pusieron en marcha la Planta de Gesti\u00f3n y Tratamiento Integral de Residuos S\u00f3lidos Urbanos\">Leer m\u00e1s<\/a><\/p>\n","protected":false},"author":1,"featured_media":0,"comment_status":"open","ping_status":"open","sticky":false,"template":"","format":"standard","meta":{"_monsterinsights_skip_tracking":false,"_monsterinsights_sitenote_active":false,"_monsterinsights_sitenote_note":"","_monsterinsights_sitenote_category":0,"jetpack_post_was_ever_published":false,"_jetpack_newsletter_access":"","_jetpack_dont_email_post_to_subs":false,"_jetpack_newsletter_tier_id":0,"_jetpack_memberships_contains_paywalled_content":false,"_jetpack_memberships_contains_paid_content":false,"footnotes":"","jetpack_publicize_message":"","jetpack_publicize_feature_enabled":true,"jetpack_social_post_already_shared":false,"jetpack_social_options":{"image_generator_settings":{"template":"highway","default_image_id":0,"font":"","enabled":false},"version":2},"_wpas_customize_per_network":false},"categories":[30],"tags":[1498],"class_list":["post-8492","post","type-post","status-publish","format-standard","hentry","category-municipio","tag-planta-de-residuos","generate-columns","tablet-grid-50","mobile-grid-100","grid-parent","grid-50"],"jetpack_publicize_connections":[],"jetpack_featured_media_url":"","wps_subtitle":"","jetpack_sharing_enabled":true,"_links":{"self":[{"href":"https:\/\/www.hoymercedes.com.ar\/principal\/wp-json\/wp\/v2\/posts\/8492","targetHints":{"allow":["GET"]}}],"collection":[{"href":"https:\/\/www.hoymercedes.com.ar\/principal\/wp-json\/wp\/v2\/posts"}],"about":[{"href":"https:\/\/www.hoymercedes.com.ar\/principal\/wp-json\/wp\/v2\/types\/post"}],"author":[{"embeddable":true,"href":"https:\/\/www.hoymercedes.com.ar\/principal\/wp-json\/wp\/v2\/users\/1"}],"replies":[{"embeddable":true,"href":"https:\/\/www.hoymercedes.com.ar\/principal\/wp-json\/wp\/v2\/comments?post=8492"}],"version-history":[{"count":0,"href":"https:\/\/www.hoymercedes.com.ar\/principal\/wp-json\/wp\/v2\/posts\/8492\/revisions"}],"wp:attachment":[{"href":"https:\/\/www.hoymercedes.com.ar\/principal\/wp-json\/wp\/v2\/media?parent=8492"}],"wp:term":[{"taxonomy":"category","embeddable":true,"href":"https:\/\/www.hoymercedes.com.ar\/principal\/wp-json\/wp\/v2\/categories?post=8492"},{"taxonomy":"post_tag","embeddable":true,"href":"https:\/\/www.hoymercedes.com.ar\/principal\/wp-json\/wp\/v2\/tags?post=8492"}],"curies":[{"name":"wp","href":"https:\/\/api.w.org\/{rel}","templated":true}]}}