{"id":84926,"date":"2018-12-04T11:38:37","date_gmt":"2018-12-04T14:38:37","guid":{"rendered":"http:\/\/www.hoymercedes.com.ar\/principal\/?p=84926"},"modified":"2018-12-04T09:47:03","modified_gmt":"2018-12-04T12:47:03","slug":"convocatoria-contra-la-decision-judicial-del-caso-de-lucia-perez","status":"publish","type":"post","link":"https:\/\/www.hoymercedes.com.ar\/principal\/2018\/12\/04\/convocatoria-contra-la-decision-judicial-del-caso-de-lucia-perez\/","title":{"rendered":"Convocatoria contra la decisi\u00f3n judicial del caso de Luc\u00eda P\u00e9rez"},"content":{"rendered":"<p>\u00abMe llamo Luc\u00eda P\u00e9rez Montero. En 2016 fui drogada, violada y asesinada. Hoy la (in) justicia absolvi\u00f3 a los tres acusados por mi femicidio. Lo cuento yo porque Luc\u00eda no puede\u00bb, expresa la comunicaci\u00f3n enviada por la Asamblea de Mujeres Mercedinas que convoca a una movilizaci\u00f3n para el mi\u00e9rcoles 5 de diciembre, 18 horas, contra el poder judicial que absolvi\u00f3 a los responsables de la muerte de Luc\u00eda.<\/p>\n<p>\u00abY s\u00ed, lo contamos nosotras y lo gritamos con dolor, porque nos matan y nos vuelven a matar cada vez que absuelven a nuestros asesinos y nos dejan as\u00ed, con toda la culpa sobre nuestro genero: que si consum\u00eda drogas, si se fue con unas personas que la sobrepasaban y mucho en sus cortos 16, si la entreg\u00f3 una amiga. Estos elementos son presentados rapidamente para orientar la explicaci\u00f3n por el lado de las propias responsabilidades.<\/p>\n<p>Ya sabemos: las ni\u00f1as buenas van al cielo, las malas a todas partes, y lo que suceda fuera de lugar les suceder\u00e1 por eso, por malas, \u201cpor putas\u201d.\u00a0Ese eco mis\u00f3gino resuena en cada sentencia hac\u00eda nuestras hermanas asesinadas.<br \/>\nPor eso m\u00e1s que nunca vamos a salir a las calles, vamos a pedir por todas las que ya no tienen voz para hacerlo, porque no queremos m\u00e1s este pa\u00eds de justicia patriarcal\u00bb<\/p>\n<p>La Asamblea de Mujeres Mercedinas al grito de \u00abSomos Luc\u00eda\u00bb, concentrar\u00e1 haciendo extensiva la invitaci\u00f3n a todos y todas para el mi\u00e9rcoles, 18 horas, en la plaza San Mart\u00edn.<\/p>\n<p><img loading=\"lazy\" decoding=\"async\" data-attachment-id=\"84927\" data-permalink=\"https:\/\/www.hoymercedes.com.ar\/principal\/2018\/12\/04\/convocatoria-contra-la-decision-judicial-del-caso-de-lucia-perez\/04-lucia-perez\/#main\" data-orig-file=\"https:\/\/www.hoymercedes.com.ar\/principal\/wp-content\/uploads\/2018\/12\/04-lucia-perez.jpg\" data-orig-size=\"480,672\" data-comments-opened=\"0\" data-image-meta=\"{&quot;aperture&quot;:&quot;0&quot;,&quot;credit&quot;:&quot;&quot;,&quot;camera&quot;:&quot;&quot;,&quot;caption&quot;:&quot;&quot;,&quot;created_timestamp&quot;:&quot;0&quot;,&quot;copyright&quot;:&quot;&quot;,&quot;focal_length&quot;:&quot;0&quot;,&quot;iso&quot;:&quot;0&quot;,&quot;shutter_speed&quot;:&quot;0&quot;,&quot;title&quot;:&quot;&quot;,&quot;orientation&quot;:&quot;0&quot;}\" data-image-title=\"04 lucia perez\" data-image-description=\"\" data-image-caption=\"\" data-large-file=\"https:\/\/www.hoymercedes.com.ar\/principal\/wp-content\/uploads\/2018\/12\/04-lucia-perez.jpg\" class=\"aligncenter size-full wp-image-84927\" src=\"https:\/\/www.hoymercedes.com.ar\/principal\/wp-content\/uploads\/2018\/12\/04-lucia-perez.jpg\" alt=\"\" width=\"480\" height=\"672\" srcset=\"https:\/\/www.hoymercedes.com.ar\/principal\/wp-content\/uploads\/2018\/12\/04-lucia-perez.jpg 480w, https:\/\/www.hoymercedes.com.ar\/principal\/wp-content\/uploads\/2018\/12\/04-lucia-perez-107x150.jpg 107w, https:\/\/www.hoymercedes.com.ar\/principal\/wp-content\/uploads\/2018\/12\/04-lucia-perez-443x620.jpg 443w\" sizes=\"auto, (max-width: 480px) 100vw, 480px\" \/><\/p>\n","protected":false},"excerpt":{"rendered":"<p>\u00abMe llamo Luc\u00eda P\u00e9rez Montero. En 2016 fui drogada, violada y asesinada. Hoy la (in) justicia absolvi\u00f3 a los tres &#8230; <a title=\"Convocatoria contra la decisi\u00f3n judicial del caso de Luc\u00eda P\u00e9rez\" class=\"read-more\" href=\"https:\/\/www.hoymercedes.com.ar\/principal\/2018\/12\/04\/convocatoria-contra-la-decision-judicial-del-caso-de-lucia-perez\/\" aria-label=\"Leer m\u00e1s sobre Convocatoria contra la decisi\u00f3n judicial del caso de Luc\u00eda P\u00e9rez\">Leer m\u00e1s<\/a><\/p>\n","protected":false},"author":1,"featured_media":84927,"comment_status":"closed","ping_status":"open","sticky":false,"template":"","format":"standard","meta":{"_monsterinsights_skip_tracking":false,"_monsterinsights_sitenote_active":false,"_monsterinsights_sitenote_note":"","_monsterinsights_sitenote_category":0,"jetpack_post_was_ever_published":false,"_jetpack_newsletter_access":"","_jetpack_dont_email_post_to_subs":false,"_jetpack_newsletter_tier_id":0,"_jetpack_memberships_contains_paywalled_content":false,"_jetpack_memberships_contains_paid_content":false,"footnotes":"","jetpack_publicize_message":"","jetpack_publicize_feature_enabled":true,"jetpack_social_post_already_shared":true,"jetpack_social_options":{"image_generator_settings":{"template":"highway","default_image_id":0,"font":"","enabled":false},"version":2},"_wpas_customize_per_network":false},"categories":[8],"tags":[10931,325,8985,7802],"class_list":["post-84926","post","type-post","status-publish","format-standard","has-post-thumbnail","hentry","category-sociedad","tag-femicidios","tag-justicia","tag-sistema-judicial","tag-sociedad","generate-columns","tablet-grid-50","mobile-grid-100","grid-parent","grid-50"],"jetpack_publicize_connections":[],"jetpack_featured_media_url":"https:\/\/www.hoymercedes.com.ar\/principal\/wp-content\/uploads\/2018\/12\/04-lucia-perez.jpg","wps_subtitle":"El mi\u00e9rcoles 5, 18 horas","jetpack_sharing_enabled":true,"_links":{"self":[{"href":"https:\/\/www.hoymercedes.com.ar\/principal\/wp-json\/wp\/v2\/posts\/84926","targetHints":{"allow":["GET"]}}],"collection":[{"href":"https:\/\/www.hoymercedes.com.ar\/principal\/wp-json\/wp\/v2\/posts"}],"about":[{"href":"https:\/\/www.hoymercedes.com.ar\/principal\/wp-json\/wp\/v2\/types\/post"}],"author":[{"embeddable":true,"href":"https:\/\/www.hoymercedes.com.ar\/principal\/wp-json\/wp\/v2\/users\/1"}],"replies":[{"embeddable":true,"href":"https:\/\/www.hoymercedes.com.ar\/principal\/wp-json\/wp\/v2\/comments?post=84926"}],"version-history":[{"count":0,"href":"https:\/\/www.hoymercedes.com.ar\/principal\/wp-json\/wp\/v2\/posts\/84926\/revisions"}],"wp:featuredmedia":[{"embeddable":true,"href":"https:\/\/www.hoymercedes.com.ar\/principal\/wp-json\/wp\/v2\/media\/84927"}],"wp:attachment":[{"href":"https:\/\/www.hoymercedes.com.ar\/principal\/wp-json\/wp\/v2\/media?parent=84926"}],"wp:term":[{"taxonomy":"category","embeddable":true,"href":"https:\/\/www.hoymercedes.com.ar\/principal\/wp-json\/wp\/v2\/categories?post=84926"},{"taxonomy":"post_tag","embeddable":true,"href":"https:\/\/www.hoymercedes.com.ar\/principal\/wp-json\/wp\/v2\/tags?post=84926"}],"curies":[{"name":"wp","href":"https:\/\/api.w.org\/{rel}","templated":true}]}}