{"id":84944,"date":"2018-12-04T16:49:32","date_gmt":"2018-12-04T19:49:32","guid":{"rendered":"http:\/\/www.hoymercedes.com.ar\/principal\/?p=84944"},"modified":"2018-12-04T16:49:32","modified_gmt":"2018-12-04T19:49:32","slug":"muestra-en-el-mamm-la-fuerza-de-quien-mira","status":"publish","type":"post","link":"https:\/\/www.hoymercedes.com.ar\/principal\/2018\/12\/04\/muestra-en-el-mamm-la-fuerza-de-quien-mira\/","title":{"rendered":"Muestra en el MAMM: \u00abLa Fuerza de Quien Mira\u00bb"},"content":{"rendered":"<p>El pr\u00f3ximo viernes 7 de diciembre, inaugura en el Museo de Arte (MAMM) la muestra \u201cLa fuerza de quien mira\u201d del grupo de talleristas del \u00abMirador Mirado\u00bb , el taller que Miguel Ronsino realiza en Mercedes desde hace dos a\u00f1os. En la exposici\u00f3n podran verse trabajos de distintas disciplinas: fotograf\u00edas, videos, pinturas y objetos.<\/p>\n<p>\u201cHoy, frente a estas piezas, y al conmovedor resultado que hemos logrado, pienso que he tenido mucha suerte al dar con personas talentosas e interesantes. A partir del trabajo en el taller hemos logrado llegar al punto en que cada uno de los participantes pudo convertir la tarea en una suerte de espejo.\u00a0 Asi, creo, han podido aproximarse con sus realizaciones en alg\u00fan grado, m\u00e1s o menos concientemente, a aquello que Idea Vilari\u00f1o confeso en 1971 a Mario Benedetti, dijo que una vez\u2026 \u201ca los once a\u00f1os me qued\u00e9 mirando en un espejo mis ojos serios, adultos. Fue una conmoci\u00f3n profunda saber que yo estaba ah\u00ed \u2013 persona, no ni\u00f1a- como estoy hoy. Los ojos siguen estando\u201d, expresa el mismo Miguel Ronsino.<\/p>\n<p>\u00abAgradecer\u00e9 siempre a todos los participantes de esta experiencia en la que desde la confianza , el respeto, el talento y la entrega, se han generado obras \u201ccomo espejos\u201d, que quiz\u00e1 nos hagan decir secretamente a nosotros tambi\u00e9n (como me pas\u00f3 a m\u00ed): los ojos siguen estando. \u00bfNo es a caso eso, una mirada, lo que siempre andamos buscando?\u201d, agrega<\/p>\n<p>Participan de la exposici\u00f3n: Paola Bertolotto, Pablo Blasberg, Mar\u00eda L\u00eda Dominguez, Nancy Enrique, Gladys Freire, Mercedes Gutierrez, Cecilia Martinez, Silvia Mosconi y Lucas Riselli.<\/p>\n<p>La invitaci\u00f3n es para el viernes 7 de diciembre a partir de la hora 20 en el MAMM (Calle 23 N\u00ba 383) con la muestra \u201cLa fuerza de quien mira\u201d del Taller Mirador Mirado de Miguel Ronsino. La exposici\u00f3n podr\u00e1 visitarse en los d\u00edas y horarios habituales.<\/p>\n<p>&nbsp;<\/p>\n","protected":false},"excerpt":{"rendered":"<p>El pr\u00f3ximo viernes 7 de diciembre, inaugura en el Museo de Arte (MAMM) la muestra \u201cLa fuerza de quien mira\u201d &#8230; <a title=\"Muestra en el MAMM: \u00abLa Fuerza de Quien Mira\u00bb\" class=\"read-more\" href=\"https:\/\/www.hoymercedes.com.ar\/principal\/2018\/12\/04\/muestra-en-el-mamm-la-fuerza-de-quien-mira\/\" aria-label=\"Leer m\u00e1s sobre Muestra en el MAMM: \u00abLa Fuerza de Quien Mira\u00bb\">Leer m\u00e1s<\/a><\/p>\n","protected":false},"author":1,"featured_media":84945,"comment_status":"closed","ping_status":"open","sticky":false,"template":"","format":"standard","meta":{"_monsterinsights_skip_tracking":false,"_monsterinsights_sitenote_active":false,"_monsterinsights_sitenote_note":"","_monsterinsights_sitenote_category":0,"jetpack_post_was_ever_published":false,"_jetpack_newsletter_access":"","_jetpack_dont_email_post_to_subs":false,"_jetpack_newsletter_tier_id":0,"_jetpack_memberships_contains_paywalled_content":false,"_jetpack_memberships_contains_paid_content":false,"footnotes":"","jetpack_publicize_message":"","jetpack_publicize_feature_enabled":true,"jetpack_social_post_already_shared":true,"jetpack_social_options":{"image_generator_settings":{"template":"highway","default_image_id":0,"font":"","enabled":false},"version":2},"_wpas_customize_per_network":false},"categories":[104],"tags":[7805,9248,8674,11434],"class_list":["post-84944","post","type-post","status-publish","format-standard","has-post-thumbnail","hentry","category-cultura","tag-cultura","tag-inauguracion","tag-mamm","tag-muestra-de-arte","generate-columns","tablet-grid-50","mobile-grid-100","grid-parent","grid-50"],"jetpack_publicize_connections":[],"jetpack_featured_media_url":"https:\/\/www.hoymercedes.com.ar\/principal\/wp-content\/uploads\/2018\/12\/04-mamm-mirador-mirado.jpg","wps_subtitle":"Inaugura el viernes 7","jetpack_sharing_enabled":true,"_links":{"self":[{"href":"https:\/\/www.hoymercedes.com.ar\/principal\/wp-json\/wp\/v2\/posts\/84944","targetHints":{"allow":["GET"]}}],"collection":[{"href":"https:\/\/www.hoymercedes.com.ar\/principal\/wp-json\/wp\/v2\/posts"}],"about":[{"href":"https:\/\/www.hoymercedes.com.ar\/principal\/wp-json\/wp\/v2\/types\/post"}],"author":[{"embeddable":true,"href":"https:\/\/www.hoymercedes.com.ar\/principal\/wp-json\/wp\/v2\/users\/1"}],"replies":[{"embeddable":true,"href":"https:\/\/www.hoymercedes.com.ar\/principal\/wp-json\/wp\/v2\/comments?post=84944"}],"version-history":[{"count":0,"href":"https:\/\/www.hoymercedes.com.ar\/principal\/wp-json\/wp\/v2\/posts\/84944\/revisions"}],"wp:featuredmedia":[{"embeddable":true,"href":"https:\/\/www.hoymercedes.com.ar\/principal\/wp-json\/wp\/v2\/media\/84945"}],"wp:attachment":[{"href":"https:\/\/www.hoymercedes.com.ar\/principal\/wp-json\/wp\/v2\/media?parent=84944"}],"wp:term":[{"taxonomy":"category","embeddable":true,"href":"https:\/\/www.hoymercedes.com.ar\/principal\/wp-json\/wp\/v2\/categories?post=84944"},{"taxonomy":"post_tag","embeddable":true,"href":"https:\/\/www.hoymercedes.com.ar\/principal\/wp-json\/wp\/v2\/tags?post=84944"}],"curies":[{"name":"wp","href":"https:\/\/api.w.org\/{rel}","templated":true}]}}