{"id":84948,"date":"2018-12-06T09:31:17","date_gmt":"2018-12-06T12:31:17","guid":{"rendered":"http:\/\/www.hoymercedes.com.ar\/principal\/?p=84948"},"modified":"2018-12-05T09:51:45","modified_gmt":"2018-12-05T12:51:45","slug":"manuela-tejo-presenta-micromundos","status":"publish","type":"post","link":"https:\/\/www.hoymercedes.com.ar\/principal\/2018\/12\/06\/manuela-tejo-presenta-micromundos\/","title":{"rendered":"Manuela Tejo presenta Micromundos"},"content":{"rendered":"<p>La serie \u00abMicromundos\u00bb de Manuela Tejo, artista y dise\u00f1adora mercedina, estar\u00e1n expuestas desde el 8 de diciembre en el Museo de Arte \u00abMunicipalidad de Mercedes\u00bb. La inauguraci\u00f3n ser\u00e1 a la hora 20 del s\u00e1bado. La curadur\u00eda es de Luisa Uriburu.<\/p>\n<p>\u00abUn paseo ensay\u00edstico por la transformaci\u00f3n de la vida y el arte. La textura de aromas, el rumor de los colores, cada fibra, cada c\u00e9lula, en la vibrante b\u00fasqueda de consumar su deseo, de ser, de existir, de explotar. Es el universo l\u00edquido de los sentidos, donde lo org\u00e1nico, lo h\u00edbrido, derrama su vitalidad incontenible y plet\u00f3rica para ser digerido, transmutado. Todo nos toca, nos llama, nos recuerda, nos sorprende. Es el flujo, efusivo y viscoso, donde las formas encuentran un fr\u00e1gil y breve reposo y contin\u00faan hacia lo incierto, lo nuevo. As\u00ed como los reflejos, que cambian, que se mueven, mostr\u00e1ndonos siempre distintos, en desarrollo\u00bb, dice la invitaci\u00f3n enviada por el MAMM.<\/p>\n<p>Manuela Tejo (28 a\u00f1os), es artista y dise\u00f1adora mercedina.\u00a0Egresada de la UBA en la carrera de Dise\u00f1o de Indumentaria, Manuela realiza trabajos combinando el inter\u00e9s por lo art\u00edstico y social, dando vida a piezas que despiertan desde lo sensorial la curiosidad, generando impacto por el entrecruce de mundos disciplinarios, materiales, emocionales.<\/p>\n<p>La exposici\u00f3n podr\u00e1 verse en las Salas C y D del MAMM, de martes a viernes de 8 a 19 hs, y s\u00e1bados y domingos de 16 a 20 hs.<\/p>\n<p>&nbsp;<\/p>\n","protected":false},"excerpt":{"rendered":"<p>La serie \u00abMicromundos\u00bb de Manuela Tejo, artista y dise\u00f1adora mercedina, estar\u00e1n expuestas desde el 8 de diciembre en el Museo &#8230; <a title=\"Manuela Tejo presenta Micromundos\" class=\"read-more\" href=\"https:\/\/www.hoymercedes.com.ar\/principal\/2018\/12\/06\/manuela-tejo-presenta-micromundos\/\" aria-label=\"Leer m\u00e1s sobre Manuela Tejo presenta Micromundos\">Leer m\u00e1s<\/a><\/p>\n","protected":false},"author":1,"featured_media":84946,"comment_status":"closed","ping_status":"open","sticky":false,"template":"","format":"standard","meta":{"_monsterinsights_skip_tracking":false,"_monsterinsights_sitenote_active":false,"_monsterinsights_sitenote_note":"","_monsterinsights_sitenote_category":0,"jetpack_post_was_ever_published":false,"_jetpack_newsletter_access":"","_jetpack_dont_email_post_to_subs":false,"_jetpack_newsletter_tier_id":0,"_jetpack_memberships_contains_paywalled_content":false,"_jetpack_memberships_contains_paid_content":false,"footnotes":"","jetpack_publicize_message":"","jetpack_publicize_feature_enabled":true,"jetpack_social_post_already_shared":true,"jetpack_social_options":{"image_generator_settings":{"template":"highway","default_image_id":0,"font":"","enabled":false},"version":2},"_wpas_customize_per_network":false},"categories":[104],"tags":[7805,8674],"class_list":["post-84948","post","type-post","status-publish","format-standard","has-post-thumbnail","hentry","category-cultura","tag-cultura","tag-mamm","generate-columns","tablet-grid-50","mobile-grid-100","grid-parent","grid-50"],"jetpack_publicize_connections":[],"jetpack_featured_media_url":"https:\/\/www.hoymercedes.com.ar\/principal\/wp-content\/uploads\/2018\/12\/05-mamm-muestra.jpeg","wps_subtitle":"Apertura en el MAMM","jetpack_sharing_enabled":true,"_links":{"self":[{"href":"https:\/\/www.hoymercedes.com.ar\/principal\/wp-json\/wp\/v2\/posts\/84948","targetHints":{"allow":["GET"]}}],"collection":[{"href":"https:\/\/www.hoymercedes.com.ar\/principal\/wp-json\/wp\/v2\/posts"}],"about":[{"href":"https:\/\/www.hoymercedes.com.ar\/principal\/wp-json\/wp\/v2\/types\/post"}],"author":[{"embeddable":true,"href":"https:\/\/www.hoymercedes.com.ar\/principal\/wp-json\/wp\/v2\/users\/1"}],"replies":[{"embeddable":true,"href":"https:\/\/www.hoymercedes.com.ar\/principal\/wp-json\/wp\/v2\/comments?post=84948"}],"version-history":[{"count":0,"href":"https:\/\/www.hoymercedes.com.ar\/principal\/wp-json\/wp\/v2\/posts\/84948\/revisions"}],"wp:featuredmedia":[{"embeddable":true,"href":"https:\/\/www.hoymercedes.com.ar\/principal\/wp-json\/wp\/v2\/media\/84946"}],"wp:attachment":[{"href":"https:\/\/www.hoymercedes.com.ar\/principal\/wp-json\/wp\/v2\/media?parent=84948"}],"wp:term":[{"taxonomy":"category","embeddable":true,"href":"https:\/\/www.hoymercedes.com.ar\/principal\/wp-json\/wp\/v2\/categories?post=84948"},{"taxonomy":"post_tag","embeddable":true,"href":"https:\/\/www.hoymercedes.com.ar\/principal\/wp-json\/wp\/v2\/tags?post=84948"}],"curies":[{"name":"wp","href":"https:\/\/api.w.org\/{rel}","templated":true}]}}