{"id":84950,"date":"2018-12-04T17:31:22","date_gmt":"2018-12-04T20:31:22","guid":{"rendered":"http:\/\/www.hoymercedes.com.ar\/principal\/?p=84950"},"modified":"2018-12-04T17:03:17","modified_gmt":"2018-12-04T20:03:17","slug":"los-concejos-deliberantes-comenzaran-a-sesionar-el-1-de-marzo","status":"publish","type":"post","link":"https:\/\/www.hoymercedes.com.ar\/principal\/2018\/12\/04\/los-concejos-deliberantes-comenzaran-a-sesionar-el-1-de-marzo\/","title":{"rendered":"Los Concejos Deliberantes comenzar\u00e1n a sesionar el 1 de Marzo"},"content":{"rendered":"<p>Diputados bonaerenses convirti\u00f3 en ley un proyecto que adelanta un mes la apertura de sesiones ya que hasta el momento los cuerpos deliberativos locales comenzaban el 1\u00ba de abril.<\/p>\n<p>La C\u00e1mara de Diputados convirti\u00f3 en ley un proyecto que modifica la Ley Org\u00e1nica de las Municipalidades, estableciendo que el per\u00edodo de sesiones ordinarias de los concejos deliberantes ser\u00e1 desde el 1\u00ba de marzo hasta el 30 de noviembre.<\/p>\n<p>De este modo, se adelanta un mes la apertura de sesiones ya que hasta el momento los cuerpos deliberativos locales comenzaban el 1\u00ba de abril de cada a\u00f1o.<\/p>\n<p>fuente: Parlamentario.com<\/p>\n","protected":false},"excerpt":{"rendered":"<p>Diputados bonaerenses convirti\u00f3 en ley un proyecto que adelanta un mes la apertura de sesiones ya que hasta el momento &#8230; <a title=\"Los Concejos Deliberantes comenzar\u00e1n a sesionar el 1 de Marzo\" class=\"read-more\" href=\"https:\/\/www.hoymercedes.com.ar\/principal\/2018\/12\/04\/los-concejos-deliberantes-comenzaran-a-sesionar-el-1-de-marzo\/\" aria-label=\"Leer m\u00e1s sobre Los Concejos Deliberantes comenzar\u00e1n a sesionar el 1 de Marzo\">Leer m\u00e1s<\/a><\/p>\n","protected":false},"author":1,"featured_media":83088,"comment_status":"closed","ping_status":"open","sticky":false,"template":"","format":"standard","meta":{"_monsterinsights_skip_tracking":false,"_monsterinsights_sitenote_active":false,"_monsterinsights_sitenote_note":"","_monsterinsights_sitenote_category":0,"jetpack_post_was_ever_published":false,"_jetpack_newsletter_access":"","_jetpack_dont_email_post_to_subs":false,"_jetpack_newsletter_tier_id":0,"_jetpack_memberships_contains_paywalled_content":false,"_jetpack_memberships_contains_paid_content":false,"footnotes":"","jetpack_publicize_message":"","jetpack_publicize_feature_enabled":true,"jetpack_social_post_already_shared":true,"jetpack_social_options":{"image_generator_settings":{"template":"highway","default_image_id":0,"font":"","enabled":false},"version":2},"_wpas_customize_per_network":false},"categories":[8881],"tags":[236,15,10,1803],"class_list":["post-84950","post","type-post","status-publish","format-standard","has-post-thumbnail","hentry","category-provincia","tag-concejo-deliberante","tag-hcd","tag-mercedes","tag-provincia","generate-columns","tablet-grid-50","mobile-grid-100","grid-parent","grid-50"],"jetpack_publicize_connections":[],"jetpack_featured_media_url":"https:\/\/www.hoymercedes.com.ar\/principal\/wp-content\/uploads\/2018\/10\/26-recinto-HCD.jpg","wps_subtitle":"Ley provincial","jetpack_sharing_enabled":true,"_links":{"self":[{"href":"https:\/\/www.hoymercedes.com.ar\/principal\/wp-json\/wp\/v2\/posts\/84950","targetHints":{"allow":["GET"]}}],"collection":[{"href":"https:\/\/www.hoymercedes.com.ar\/principal\/wp-json\/wp\/v2\/posts"}],"about":[{"href":"https:\/\/www.hoymercedes.com.ar\/principal\/wp-json\/wp\/v2\/types\/post"}],"author":[{"embeddable":true,"href":"https:\/\/www.hoymercedes.com.ar\/principal\/wp-json\/wp\/v2\/users\/1"}],"replies":[{"embeddable":true,"href":"https:\/\/www.hoymercedes.com.ar\/principal\/wp-json\/wp\/v2\/comments?post=84950"}],"version-history":[{"count":0,"href":"https:\/\/www.hoymercedes.com.ar\/principal\/wp-json\/wp\/v2\/posts\/84950\/revisions"}],"wp:featuredmedia":[{"embeddable":true,"href":"https:\/\/www.hoymercedes.com.ar\/principal\/wp-json\/wp\/v2\/media\/83088"}],"wp:attachment":[{"href":"https:\/\/www.hoymercedes.com.ar\/principal\/wp-json\/wp\/v2\/media?parent=84950"}],"wp:term":[{"taxonomy":"category","embeddable":true,"href":"https:\/\/www.hoymercedes.com.ar\/principal\/wp-json\/wp\/v2\/categories?post=84950"},{"taxonomy":"post_tag","embeddable":true,"href":"https:\/\/www.hoymercedes.com.ar\/principal\/wp-json\/wp\/v2\/tags?post=84950"}],"curies":[{"name":"wp","href":"https:\/\/api.w.org\/{rel}","templated":true}]}}