{"id":84995,"date":"2018-12-06T07:58:16","date_gmt":"2018-12-06T10:58:16","guid":{"rendered":"http:\/\/www.hoymercedes.com.ar\/principal\/?p=84995"},"modified":"2018-12-06T10:09:33","modified_gmt":"2018-12-06T13:09:33","slug":"84995","status":"publish","type":"post","link":"https:\/\/www.hoymercedes.com.ar\/principal\/2018\/12\/06\/84995\/","title":{"rendered":"Mat\u00edas Cabrera y Juan Scasso deslumbraron en Salto"},"content":{"rendered":"<p><strong>MX La Revista.<\/strong> En el circuito El Molino de la ciudad bonaerense de Salto, los mercedinos Mat\u00edas Cabrera y Juan Scasso, se consagraron Sub Campeones Provinciales en el certamen denominado MX del Norte. El campeonato fiscalizado por la FEBOM concret\u00f3 su fecha Coronaci\u00f3n con puntaje y medio y all\u00ed estuvieron presentes los pilotos mercedinos.<\/p>\n<p><img loading=\"lazy\" decoding=\"async\" data-attachment-id=\"84997\" data-permalink=\"https:\/\/www.hoymercedes.com.ar\/principal\/2018\/12\/06\/84995\/matias-cabrera-moto\/#main\" data-orig-file=\"https:\/\/www.hoymercedes.com.ar\/principal\/wp-content\/uploads\/2018\/12\/Matias-Cabrera-Moto.jpg\" data-orig-size=\"797,600\" data-comments-opened=\"0\" data-image-meta=\"{&quot;aperture&quot;:&quot;0&quot;,&quot;credit&quot;:&quot;&quot;,&quot;camera&quot;:&quot;&quot;,&quot;caption&quot;:&quot;&quot;,&quot;created_timestamp&quot;:&quot;0&quot;,&quot;copyright&quot;:&quot;&quot;,&quot;focal_length&quot;:&quot;0&quot;,&quot;iso&quot;:&quot;0&quot;,&quot;shutter_speed&quot;:&quot;0&quot;,&quot;title&quot;:&quot;&quot;,&quot;orientation&quot;:&quot;0&quot;}\" data-image-title=\"Matias Cabrera Moto\" data-image-description=\"\" data-image-caption=\"\" data-large-file=\"https:\/\/www.hoymercedes.com.ar\/principal\/wp-content\/uploads\/2018\/12\/Matias-Cabrera-Moto.jpg\" class=\"aligncenter size-full wp-image-84997\" src=\"https:\/\/www.hoymercedes.com.ar\/principal\/wp-content\/uploads\/2018\/12\/Matias-Cabrera-Moto.jpg\" alt=\"\" width=\"797\" height=\"600\" srcset=\"https:\/\/www.hoymercedes.com.ar\/principal\/wp-content\/uploads\/2018\/12\/Matias-Cabrera-Moto.jpg 797w, https:\/\/www.hoymercedes.com.ar\/principal\/wp-content\/uploads\/2018\/12\/Matias-Cabrera-Moto-150x113.jpg 150w, https:\/\/www.hoymercedes.com.ar\/principal\/wp-content\/uploads\/2018\/12\/Matias-Cabrera-Moto-630x474.jpg 630w\" sizes=\"auto, (max-width: 797px) 100vw, 797px\" \/><\/p>\n<p>&nbsp;<\/p>\n<p>Ambos llegaban con chances, aunque estaba demasiado dif\u00edcil pelear el t\u00edtulo especialmente porque hab\u00edan resignado una fecha y eso en un certamen de 7 cap\u00edtulos representa una importante ventaja. As\u00ed fue que en la categor\u00eda Intermedia, haciendo su debut en la misma, Mat\u00edas Cabrera pudo pelear los puestos de privilegio ante un experimentado piloto como es Leandro Campitelli.<\/p>\n<p>El gaucho se afianz\u00f3 en esta nueva experiencia y pudo terminar la carrera en el segundo escal\u00f3n del podio y lograr la medalla de plata en la temporada 2018. En tanto Juan Scasso fue otro de los que pele\u00f3 en la Promocional, certamen que pudo liderar hasta promediando el a\u00f1o.<\/p>\n<p>Finalmente fue campe\u00f3n Juan Segundo Lutz y el piloto mercedino consigui\u00f3 el subcampeonato provincial de su categor\u00eda. La delegaci\u00f3n mercedina en Salto la complet\u00f3 Santiago Scasso quien particip\u00f3 de la MX2 logrando un 6\u00ba puesto en la primera manga de competencia y debiendo abandonar en la prueba final por problemas mec\u00e1nicos.<\/p>\n","protected":false},"excerpt":{"rendered":"<p>MX La Revista. En el circuito El Molino de la ciudad bonaerense de Salto, los mercedinos Mat\u00edas Cabrera y Juan &#8230; <a title=\"Mat\u00edas Cabrera y Juan Scasso deslumbraron en Salto\" class=\"read-more\" href=\"https:\/\/www.hoymercedes.com.ar\/principal\/2018\/12\/06\/84995\/\" aria-label=\"Leer m\u00e1s sobre Mat\u00edas Cabrera y Juan Scasso deslumbraron en Salto\">Leer m\u00e1s<\/a><\/p>\n","protected":false},"author":1,"featured_media":84997,"comment_status":"closed","ping_status":"open","sticky":false,"template":"","format":"standard","meta":{"_monsterinsights_skip_tracking":false,"_monsterinsights_sitenote_active":false,"_monsterinsights_sitenote_note":"","_monsterinsights_sitenote_category":0,"jetpack_post_was_ever_published":false,"_jetpack_newsletter_access":"","_jetpack_dont_email_post_to_subs":false,"_jetpack_newsletter_tier_id":0,"_jetpack_memberships_contains_paywalled_content":false,"_jetpack_memberships_contains_paid_content":false,"footnotes":"","jetpack_publicize_message":"","jetpack_publicize_feature_enabled":true,"jetpack_social_post_already_shared":true,"jetpack_social_options":{"image_generator_settings":{"template":"highway","default_image_id":0,"font":"","enabled":false},"version":2},"_wpas_customize_per_network":false},"categories":[21],"tags":[204,13150,11332,10984],"class_list":["post-84995","post","type-post","status-publish","format-standard","has-post-thumbnail","hentry","category-deportes","tag-deportes-2","tag-juan-scasso","tag-matias-cabrera","tag-motocross","generate-columns","tablet-grid-50","mobile-grid-100","grid-parent","grid-50"],"jetpack_publicize_connections":[],"jetpack_featured_media_url":"https:\/\/www.hoymercedes.com.ar\/principal\/wp-content\/uploads\/2018\/12\/Matias-Cabrera-Moto.jpg","wps_subtitle":"Motocross","jetpack_sharing_enabled":true,"jetpack-related-posts":[{"id":78148,"url":"https:\/\/www.hoymercedes.com.ar\/principal\/2018\/07\/05\/juan-y-santiago-scasso-y-matias-cabrera-se-lucieron-en-trenque-lauquen\/","url_meta":{"origin":84995,"position":0},"title":"Juan y Santiago Scasso y Mat\u00edas Cabrera se lucieron en Trenque Lauquen","author":"hoymercedes","date":"5 julio, 2018","format":false,"excerpt":"Tres pilotos mercedinos participaron este fin de semana de la primera fecha del certamen denominado Doble MX que se desarrolla \u00edntegramente en la ciudad bonaerense de Trenque Lauquen, ciudad donde existen dos circuitos de los mejores que pueden verse en territorio provincial. La primera de las competencias se desarroll\u00f3 en\u2026","rel":"","context":"En \u00abDeportes\u00bb","block_context":{"text":"Deportes","link":"https:\/\/www.hoymercedes.com.ar\/principal\/category\/deportes\/"},"img":{"alt_text":"","src":"https:\/\/i0.wp.com\/www.hoymercedes.com.ar\/principal\/wp-content\/uploads\/2018\/07\/Santiago-Scasso-Trenque-Lauquen.jpg?resize=350%2C200&ssl=1","width":350,"height":200},"classes":[]},{"id":76117,"url":"https:\/\/www.hoymercedes.com.ar\/principal\/2018\/05\/22\/juan-scasso-y-matias-cabrera-se-perfilan-como-candidatos\/","url_meta":{"origin":84995,"position":1},"title":"Juan Scasso y Mat\u00edas Cabrera se perfilan como candidatos","author":"hoymercedes","date":"22 mayo, 2018","format":false,"excerpt":"Foto: Laura Kruger. Uno en la Promocional y el otro en Intermedia. Ambos terminaron segundos en la general de la carrera en Bragado y est\u00e1n decididos a pelear por el t\u00edtulo de la temporada. Agust\u00edn C\u00e1mpora y Santiago Scasso tambi\u00e9n fueron parte de la carrera. El pasado fin de semana\u2026","rel":"","context":"En \u00abDeportes\u00bb","block_context":{"text":"Deportes","link":"https:\/\/www.hoymercedes.com.ar\/principal\/category\/deportes\/"},"img":{"alt_text":"","src":"https:\/\/i0.wp.com\/www.hoymercedes.com.ar\/principal\/wp-content\/uploads\/2018\/05\/WhatsApp-Image-2018-05-21-at-10.07.06.jpeg?resize=350%2C200&ssl=1","width":350,"height":200,"srcset":"https:\/\/i0.wp.com\/www.hoymercedes.com.ar\/principal\/wp-content\/uploads\/2018\/05\/WhatsApp-Image-2018-05-21-at-10.07.06.jpeg?resize=350%2C200&ssl=1 1x, https:\/\/i0.wp.com\/www.hoymercedes.com.ar\/principal\/wp-content\/uploads\/2018\/05\/WhatsApp-Image-2018-05-21-at-10.07.06.jpeg?resize=525%2C300&ssl=1 1.5x, https:\/\/i0.wp.com\/www.hoymercedes.com.ar\/principal\/wp-content\/uploads\/2018\/05\/WhatsApp-Image-2018-05-21-at-10.07.06.jpeg?resize=700%2C400&ssl=1 2x"},"classes":[]},{"id":81204,"url":"https:\/\/www.hoymercedes.com.ar\/principal\/2018\/09\/18\/mx-del-norte-cabrera-y-scasso-se-destacaron-en-zarate\/","url_meta":{"origin":84995,"position":2},"title":"MX del Norte: Cabrera y Scasso se destacaron en Zarate","author":"hoymercedes","date":"18 septiembre, 2018","format":false,"excerpt":"El MX del Norte tuvo una nueva cita en la ciudad de Zarate donde se evalu\u00f3 en las primeras horas de la ma\u00f1ana del domingo una posible suspensi\u00f3n debido a las condiciones clim\u00e1ticas. La decisi\u00f3n de realizarse se tom\u00f3 a media ma\u00f1ana y despu\u00e9s del mediod\u00eda comenzaron las carreras. Por\u2026","rel":"","context":"En \u00abDeportes\u00bb","block_context":{"text":"Deportes","link":"https:\/\/www.hoymercedes.com.ar\/principal\/category\/deportes\/"},"img":{"alt_text":"","src":"https:\/\/i0.wp.com\/www.hoymercedes.com.ar\/principal\/wp-content\/uploads\/2018\/09\/cabrera-zarate.jpg?resize=350%2C200&ssl=1","width":350,"height":200,"srcset":"https:\/\/i0.wp.com\/www.hoymercedes.com.ar\/principal\/wp-content\/uploads\/2018\/09\/cabrera-zarate.jpg?resize=350%2C200&ssl=1 1x, https:\/\/i0.wp.com\/www.hoymercedes.com.ar\/principal\/wp-content\/uploads\/2018\/09\/cabrera-zarate.jpg?resize=525%2C300&ssl=1 1.5x, https:\/\/i0.wp.com\/www.hoymercedes.com.ar\/principal\/wp-content\/uploads\/2018\/09\/cabrera-zarate.jpg?resize=700%2C400&ssl=1 2x"},"classes":[]},{"id":152453,"url":"https:\/\/www.hoymercedes.com.ar\/principal\/2022\/08\/30\/motocross-scasso-fue-septimo-en-cordoba\/","url_meta":{"origin":84995,"position":3},"title":"Motocross: Scasso fue s\u00e9ptimo en C\u00f3rdoba\u00a0","author":"hoymercedes","date":"30 agosto, 2022","format":false,"excerpt":"Juan Scasso consigui\u00f3 una s\u00e9ptima ubicaci\u00f3n buscando volver a su mejor forma para poder pelear m\u00e1s arriba.\u00a0","rel":"","context":"En \u00abDeportes\u00bb","block_context":{"text":"Deportes","link":"https:\/\/www.hoymercedes.com.ar\/principal\/category\/deportes\/"},"img":{"alt_text":"","src":"https:\/\/i0.wp.com\/www.hoymercedes.com.ar\/principal\/wp-content\/uploads\/2022\/08\/moto-2908.jpeg?resize=350%2C200&ssl=1","width":350,"height":200,"srcset":"https:\/\/i0.wp.com\/www.hoymercedes.com.ar\/principal\/wp-content\/uploads\/2022\/08\/moto-2908.jpeg?resize=350%2C200&ssl=1 1x, https:\/\/i0.wp.com\/www.hoymercedes.com.ar\/principal\/wp-content\/uploads\/2022\/08\/moto-2908.jpeg?resize=525%2C300&ssl=1 1.5x, https:\/\/i0.wp.com\/www.hoymercedes.com.ar\/principal\/wp-content\/uploads\/2022\/08\/moto-2908.jpeg?resize=700%2C400&ssl=1 2x"},"classes":[]},{"id":148402,"url":"https:\/\/www.hoymercedes.com.ar\/principal\/2022\/05\/24\/santiago-scasso-logro-imponerse-en-el-campeonato-cordobes\/","url_meta":{"origin":84995,"position":4},"title":"Santiago Scasso logr\u00f3 imponerse\u00a0en el campeonato cordob\u00e9s\u00a0","author":"hoymercedes","date":"24 mayo, 2022","format":false,"excerpt":"El mercedino logr\u00f3 subirse al escal\u00f3n m\u00e1s alto del podio. Fue cuarto en la primera manga y luego termin\u00f3 coron\u00e1ndose en la segunda. En tanto, Juan intent\u00f3 pelear en la mitad del clasificador aunque sufri\u00f3 dos ca\u00eddas, una en cada competencia, que lo relegaron a finalizar en el puesto 15.\u00a0\u00a0\u2026","rel":"","context":"En \u00abDeportes\u00bb","block_context":{"text":"Deportes","link":"https:\/\/www.hoymercedes.com.ar\/principal\/category\/deportes\/"},"img":{"alt_text":"","src":"https:\/\/i0.wp.com\/www.hoymercedes.com.ar\/principal\/wp-content\/uploads\/2022\/05\/moto-2305-1.jpeg?resize=350%2C200&ssl=1","width":350,"height":200,"srcset":"https:\/\/i0.wp.com\/www.hoymercedes.com.ar\/principal\/wp-content\/uploads\/2022\/05\/moto-2305-1.jpeg?resize=350%2C200&ssl=1 1x, https:\/\/i0.wp.com\/www.hoymercedes.com.ar\/principal\/wp-content\/uploads\/2022\/05\/moto-2305-1.jpeg?resize=525%2C300&ssl=1 1.5x"},"classes":[]},{"id":148104,"url":"https:\/\/www.hoymercedes.com.ar\/principal\/2022\/05\/17\/los-hermanos-scasso-se-codean-con-los-mejores-del-nacional\/","url_meta":{"origin":84995,"position":5},"title":"Los Hermanos Scasso se codean&nbsp;con los mejores del Nacional&nbsp;","author":"hoymercedes","date":"17 mayo, 2022","format":false,"excerpt":"El MX Argentino retom\u00f3 su temporada en el 2022 con un inicio durante el mes de abril donde tanto Juan como Santiago, fueron parte de este regreso.\u00a0El pasado fin de semana los hermanos Scasso volvieron a participar de una fecha del certamen nacional de Motocross.\u00a0\u00a0 El MX Argentino retom\u00f3 su\u2026","rel":"","context":"En \u00abDeportes\u00bb","block_context":{"text":"Deportes","link":"https:\/\/www.hoymercedes.com.ar\/principal\/category\/deportes\/"},"img":{"alt_text":"","src":"https:\/\/i0.wp.com\/www.hoymercedes.com.ar\/principal\/wp-content\/uploads\/2022\/05\/moto-1.jpeg?resize=350%2C200&ssl=1","width":350,"height":200,"srcset":"https:\/\/i0.wp.com\/www.hoymercedes.com.ar\/principal\/wp-content\/uploads\/2022\/05\/moto-1.jpeg?resize=350%2C200&ssl=1 1x, https:\/\/i0.wp.com\/www.hoymercedes.com.ar\/principal\/wp-content\/uploads\/2022\/05\/moto-1.jpeg?resize=525%2C300&ssl=1 1.5x, https:\/\/i0.wp.com\/www.hoymercedes.com.ar\/principal\/wp-content\/uploads\/2022\/05\/moto-1.jpeg?resize=700%2C400&ssl=1 2x"},"classes":[]}],"_links":{"self":[{"href":"https:\/\/www.hoymercedes.com.ar\/principal\/wp-json\/wp\/v2\/posts\/84995","targetHints":{"allow":["GET"]}}],"collection":[{"href":"https:\/\/www.hoymercedes.com.ar\/principal\/wp-json\/wp\/v2\/posts"}],"about":[{"href":"https:\/\/www.hoymercedes.com.ar\/principal\/wp-json\/wp\/v2\/types\/post"}],"author":[{"embeddable":true,"href":"https:\/\/www.hoymercedes.com.ar\/principal\/wp-json\/wp\/v2\/users\/1"}],"replies":[{"embeddable":true,"href":"https:\/\/www.hoymercedes.com.ar\/principal\/wp-json\/wp\/v2\/comments?post=84995"}],"version-history":[{"count":0,"href":"https:\/\/www.hoymercedes.com.ar\/principal\/wp-json\/wp\/v2\/posts\/84995\/revisions"}],"wp:featuredmedia":[{"embeddable":true,"href":"https:\/\/www.hoymercedes.com.ar\/principal\/wp-json\/wp\/v2\/media\/84997"}],"wp:attachment":[{"href":"https:\/\/www.hoymercedes.com.ar\/principal\/wp-json\/wp\/v2\/media?parent=84995"}],"wp:term":[{"taxonomy":"category","embeddable":true,"href":"https:\/\/www.hoymercedes.com.ar\/principal\/wp-json\/wp\/v2\/categories?post=84995"},{"taxonomy":"post_tag","embeddable":true,"href":"https:\/\/www.hoymercedes.com.ar\/principal\/wp-json\/wp\/v2\/tags?post=84995"}],"curies":[{"name":"wp","href":"https:\/\/api.w.org\/{rel}","templated":true}]}}