{"id":85019,"date":"2018-12-06T15:06:12","date_gmt":"2018-12-06T18:06:12","guid":{"rendered":"http:\/\/www.hoymercedes.com.ar\/principal\/?p=85019"},"modified":"2018-12-06T15:06:12","modified_gmt":"2018-12-06T18:06:12","slug":"dietrich-y-vidal-en-el-inicio-de-obra-de-ruta-entre-mercedes-y-bragado","status":"publish","type":"post","link":"https:\/\/www.hoymercedes.com.ar\/principal\/2018\/12\/06\/dietrich-y-vidal-en-el-inicio-de-obra-de-ruta-entre-mercedes-y-bragado\/","title":{"rendered":"Dietrich y Vidal en el inicio de obra de ruta entre Mercedes y Bragado"},"content":{"rendered":"<p>El Ministro de Transporte de la Naci\u00f3n, Guillermo Dietrich, y la gobernadora de la provincia de Buenos Aires, Mar\u00eda Eugenia Vidal, inauguraron este jueves las obras de la nueva autopista que unir\u00e1 las ciudades de Mercedes y Bragado sobre la traza de la Ruta Nacional N\u00b05.<\/p>\n<p><img loading=\"lazy\" decoding=\"async\" data-attachment-id=\"85020\" data-permalink=\"https:\/\/www.hoymercedes.com.ar\/principal\/2018\/12\/06\/dietrich-y-vidal-en-el-inicio-de-obra-de-ruta-entre-mercedes-y-bragado\/06-vidal-dietrich\/#main\" data-orig-file=\"https:\/\/www.hoymercedes.com.ar\/principal\/wp-content\/uploads\/2018\/12\/06-vidal-dietrich.jpg\" data-orig-size=\"750,500\" data-comments-opened=\"0\" data-image-meta=\"{&quot;aperture&quot;:&quot;5.6&quot;,&quot;credit&quot;:&quot;VA&quot;,&quot;camera&quot;:&quot;Canon EOS 5D Mark III&quot;,&quot;caption&quot;:&quot;&quot;,&quot;created_timestamp&quot;:&quot;1544093598&quot;,&quot;copyright&quot;:&quot;Agencia VA&quot;,&quot;focal_length&quot;:&quot;118&quot;,&quot;iso&quot;:&quot;200&quot;,&quot;shutter_speed&quot;:&quot;0.001&quot;,&quot;title&quot;:&quot;&quot;,&quot;orientation&quot;:&quot;0&quot;}\" data-image-title=\"06 vidal dietrich\" data-image-description=\"\" data-image-caption=\"\" data-large-file=\"https:\/\/www.hoymercedes.com.ar\/principal\/wp-content\/uploads\/2018\/12\/06-vidal-dietrich.jpg\" class=\"aligncenter size-full wp-image-85020\" src=\"https:\/\/www.hoymercedes.com.ar\/principal\/wp-content\/uploads\/2018\/12\/06-vidal-dietrich.jpg\" alt=\"\" width=\"750\" height=\"500\" srcset=\"https:\/\/www.hoymercedes.com.ar\/principal\/wp-content\/uploads\/2018\/12\/06-vidal-dietrich.jpg 750w, https:\/\/www.hoymercedes.com.ar\/principal\/wp-content\/uploads\/2018\/12\/06-vidal-dietrich-150x100.jpg 150w, https:\/\/www.hoymercedes.com.ar\/principal\/wp-content\/uploads\/2018\/12\/06-vidal-dietrich-630x420.jpg 630w\" sizes=\"auto, (max-width: 750px) 100vw, 750px\" \/><\/p>\n<p>Acompa\u00f1ados por los intendentes Juan Ignacio Ustarroz (Mercedes), Oscar Luciani (Luj\u00e1n), Guillermo Britos (Chivilcoy), Germ\u00e1n Lago (Alberti), Vicente Gatica (Bragado), Mariano Barroso (9 de Julio), Daniel Stadnik (interino de Carlos Casares), Miguel Fern\u00e1ndez (Trenque Lauquen), Guillermo Pacheco (Pellegrini) y Alejandro Federico (Suipacha), adem\u00e1s del subsecretario de Asuntos Municipales bonaerense, Alex Campbell; y los diputados nacionales Sergio Buil y Pablo Torello, el Ministro y la Gobernadora oficializaron el inicio de obra despu\u00e9s de instalarse el obrador en la localidad de Suipacha d\u00edas atr\u00e1s.<\/p>\n<p>En su discurso, el Ministro Dietrich hizo referencia al G20. \u00abLo que firmamos con una empresa china son ahora estas m\u00e1quinas trabajando para mejorar el turismo y la log\u00edstica pero sobre todo, la seguridad vial de la Ruta 5 que se ha llevado tantas vidas por falta de buena infraestructura\u00bb, expres\u00f3.<\/p>\n<p><img loading=\"lazy\" decoding=\"async\" data-attachment-id=\"85021\" data-permalink=\"https:\/\/www.hoymercedes.com.ar\/principal\/2018\/12\/06\/dietrich-y-vidal-en-el-inicio-de-obra-de-ruta-entre-mercedes-y-bragado\/06-vidal-dietrich1\/#main\" data-orig-file=\"https:\/\/www.hoymercedes.com.ar\/principal\/wp-content\/uploads\/2018\/12\/06-vidal-dietrich1.jpg\" data-orig-size=\"750,515\" data-comments-opened=\"0\" data-image-meta=\"{&quot;aperture&quot;:&quot;0&quot;,&quot;credit&quot;:&quot;&quot;,&quot;camera&quot;:&quot;&quot;,&quot;caption&quot;:&quot;&quot;,&quot;created_timestamp&quot;:&quot;0&quot;,&quot;copyright&quot;:&quot;&quot;,&quot;focal_length&quot;:&quot;0&quot;,&quot;iso&quot;:&quot;0&quot;,&quot;shutter_speed&quot;:&quot;0&quot;,&quot;title&quot;:&quot;&quot;,&quot;orientation&quot;:&quot;0&quot;}\" data-image-title=\"06 vidal dietrich1\" data-image-description=\"\" data-image-caption=\"\" data-large-file=\"https:\/\/www.hoymercedes.com.ar\/principal\/wp-content\/uploads\/2018\/12\/06-vidal-dietrich1.jpg\" class=\"aligncenter size-full wp-image-85021\" src=\"https:\/\/www.hoymercedes.com.ar\/principal\/wp-content\/uploads\/2018\/12\/06-vidal-dietrich1.jpg\" alt=\"\" width=\"750\" height=\"515\" srcset=\"https:\/\/www.hoymercedes.com.ar\/principal\/wp-content\/uploads\/2018\/12\/06-vidal-dietrich1.jpg 750w, https:\/\/www.hoymercedes.com.ar\/principal\/wp-content\/uploads\/2018\/12\/06-vidal-dietrich1-150x103.jpg 150w, https:\/\/www.hoymercedes.com.ar\/principal\/wp-content\/uploads\/2018\/12\/06-vidal-dietrich1-630x433.jpg 630w\" sizes=\"auto, (max-width: 750px) 100vw, 750px\" \/><\/p>\n<p>Por su parte, Vidal agreg\u00f3: \u00abCon este camino nuevo que empezamos, el inicio de esta autopista, estamos mostrando que estas obras se pod\u00edan hacer realidad. Esto es bien concreto: se puede ver, se puede pisar, se puede hacer de manera honesta y trabajando en equipo, con los intendentes y el Gobierno Nacional. Esta es una oportunidad de trasladar la producci\u00f3n para la ganader\u00eda, la agricultura, la industria l\u00e1ctea, las aceiteras de la regi\u00f3n\u00bb.<\/p>\n<p>\u00abLes va a dar tambi\u00e9n seguridad. Estas obras son las que reducen los siniestros viales y salvan vidas, y tambi\u00e9n dan trabajo a los argentinos. Esto es recuperar la confianza en nosotros mismos, es demostrarle al mundo y a nosotros mismos que podemos, que estamos para m\u00e1s, que las cosas que durante a\u00f1os fueron imposibles, son posibles\u00bb, agreg\u00f3 en su discurso en el marco del acto formal.<\/p>\n<p><img loading=\"lazy\" decoding=\"async\" data-attachment-id=\"85023\" data-permalink=\"https:\/\/www.hoymercedes.com.ar\/principal\/2018\/12\/06\/dietrich-y-vidal-en-el-inicio-de-obra-de-ruta-entre-mercedes-y-bragado\/06-vidal-dietrich3\/#main\" data-orig-file=\"https:\/\/www.hoymercedes.com.ar\/principal\/wp-content\/uploads\/2018\/12\/06-vidal-dietrich3.jpg\" data-orig-size=\"750,500\" data-comments-opened=\"0\" data-image-meta=\"{&quot;aperture&quot;:&quot;0&quot;,&quot;credit&quot;:&quot;&quot;,&quot;camera&quot;:&quot;&quot;,&quot;caption&quot;:&quot;&quot;,&quot;created_timestamp&quot;:&quot;0&quot;,&quot;copyright&quot;:&quot;&quot;,&quot;focal_length&quot;:&quot;0&quot;,&quot;iso&quot;:&quot;0&quot;,&quot;shutter_speed&quot;:&quot;0&quot;,&quot;title&quot;:&quot;&quot;,&quot;orientation&quot;:&quot;0&quot;}\" data-image-title=\"06 vidal dietrich3\" data-image-description=\"\" data-image-caption=\"\" data-large-file=\"https:\/\/www.hoymercedes.com.ar\/principal\/wp-content\/uploads\/2018\/12\/06-vidal-dietrich3.jpg\" class=\"aligncenter size-full wp-image-85023\" src=\"https:\/\/www.hoymercedes.com.ar\/principal\/wp-content\/uploads\/2018\/12\/06-vidal-dietrich3.jpg\" alt=\"\" width=\"750\" height=\"500\" srcset=\"https:\/\/www.hoymercedes.com.ar\/principal\/wp-content\/uploads\/2018\/12\/06-vidal-dietrich3.jpg 750w, https:\/\/www.hoymercedes.com.ar\/principal\/wp-content\/uploads\/2018\/12\/06-vidal-dietrich3-150x100.jpg 150w, https:\/\/www.hoymercedes.com.ar\/principal\/wp-content\/uploads\/2018\/12\/06-vidal-dietrich3-630x420.jpg 630w\" sizes=\"auto, (max-width: 750px) 100vw, 750px\" \/><\/p>\n<p><strong>Obra Ruta Nacional N\u00b05<\/strong><br \/>\nCon una inversi\u00f3n de USD 1.100 M de PPP (Participaci\u00f3n P\u00fablica Privada), la nueva Autopista RN\u00b05 Luj\u00e1n-Bragado beneficiar\u00e1 a 10 mil personas todos los d\u00edas que viajar\u00e1n m\u00e1s r\u00e1pido y seguro. Permitir\u00e1 dinamizar el intercambio comercial y productivo de todas las localidades que atraviesa, principalmente volcadas a la agricultura y la ganader\u00eda. Adem\u00e1s, beneficiar\u00e1 a industrias regionales aceiteras, l\u00e1cteas y de biodiesel.<\/p>\n<p>En el marco de las obras de la Ruta Nacional N\u00b05, ya se inaugur\u00f3, en marzo de 2018, el bypass Luj\u00e1n. La obra comenz\u00f3 en 2001 en el tramo entre el distribuidor de Acceso Oeste hasta la antigua Ruta Nacional N\u00b07. En el 2003 las obras se detuvieron por un conflicto con la Universidad de Luj\u00e1n. Luego de casi 15 a\u00f1os el Gobierno Nacional resolvi\u00f3 el conflicto y reactiv\u00f3 la obra en mayo de 2016 y se inaugur\u00f3 en noviembre de ese mismo a\u00f1o.<\/p>\n<p><img loading=\"lazy\" decoding=\"async\" data-attachment-id=\"85022\" data-permalink=\"https:\/\/www.hoymercedes.com.ar\/principal\/2018\/12\/06\/dietrich-y-vidal-en-el-inicio-de-obra-de-ruta-entre-mercedes-y-bragado\/06-vidal-dietrich2\/#main\" data-orig-file=\"https:\/\/www.hoymercedes.com.ar\/principal\/wp-content\/uploads\/2018\/12\/06-vidal-dietrich2.jpg\" data-orig-size=\"784,523\" data-comments-opened=\"0\" data-image-meta=\"{&quot;aperture&quot;:&quot;0&quot;,&quot;credit&quot;:&quot;&quot;,&quot;camera&quot;:&quot;&quot;,&quot;caption&quot;:&quot;&quot;,&quot;created_timestamp&quot;:&quot;0&quot;,&quot;copyright&quot;:&quot;&quot;,&quot;focal_length&quot;:&quot;0&quot;,&quot;iso&quot;:&quot;0&quot;,&quot;shutter_speed&quot;:&quot;0&quot;,&quot;title&quot;:&quot;&quot;,&quot;orientation&quot;:&quot;0&quot;}\" data-image-title=\"06 vidal dietrich2\" data-image-description=\"\" data-image-caption=\"\" data-large-file=\"https:\/\/www.hoymercedes.com.ar\/principal\/wp-content\/uploads\/2018\/12\/06-vidal-dietrich2.jpg\" class=\"aligncenter size-full wp-image-85022\" src=\"https:\/\/www.hoymercedes.com.ar\/principal\/wp-content\/uploads\/2018\/12\/06-vidal-dietrich2.jpg\" alt=\"\" width=\"784\" height=\"523\" srcset=\"https:\/\/www.hoymercedes.com.ar\/principal\/wp-content\/uploads\/2018\/12\/06-vidal-dietrich2.jpg 784w, https:\/\/www.hoymercedes.com.ar\/principal\/wp-content\/uploads\/2018\/12\/06-vidal-dietrich2-150x100.jpg 150w, https:\/\/www.hoymercedes.com.ar\/principal\/wp-content\/uploads\/2018\/12\/06-vidal-dietrich2-630x420.jpg 630w\" sizes=\"auto, (max-width: 784px) 100vw, 784px\" \/><\/p>\n","protected":false},"excerpt":{"rendered":"<p>El Ministro de Transporte de la Naci\u00f3n, Guillermo Dietrich, y la gobernadora de la provincia de Buenos Aires, Mar\u00eda Eugenia &#8230; <a title=\"Dietrich y Vidal en el inicio de obra de ruta entre Mercedes y Bragado\" class=\"read-more\" href=\"https:\/\/www.hoymercedes.com.ar\/principal\/2018\/12\/06\/dietrich-y-vidal-en-el-inicio-de-obra-de-ruta-entre-mercedes-y-bragado\/\" aria-label=\"Leer m\u00e1s sobre Dietrich y Vidal en el inicio de obra de ruta entre Mercedes y Bragado\">Leer m\u00e1s<\/a><\/p>\n","protected":false},"author":1,"featured_media":85022,"comment_status":"closed","ping_status":"open","sticky":false,"template":"","format":"standard","meta":{"_monsterinsights_skip_tracking":false,"_monsterinsights_sitenote_active":false,"_monsterinsights_sitenote_note":"","_monsterinsights_sitenote_category":0,"jetpack_post_was_ever_published":false,"_jetpack_newsletter_access":"","_jetpack_dont_email_post_to_subs":false,"_jetpack_newsletter_tier_id":0,"_jetpack_memberships_contains_paywalled_content":false,"_jetpack_memberships_contains_paid_content":false,"footnotes":"","jetpack_publicize_message":"","jetpack_publicize_feature_enabled":true,"jetpack_social_post_already_shared":true,"jetpack_social_options":{"image_generator_settings":{"template":"highway","default_image_id":0,"font":"","enabled":false},"version":2},"_wpas_customize_per_network":false},"categories":[5501],"tags":[14171,1803,9322,538],"class_list":["post-85019","post","type-post","status-publish","format-standard","has-post-thumbnail","hentry","category-region","tag-autovia","tag-provincia","tag-region","tag-ruta-5","generate-columns","tablet-grid-50","mobile-grid-100","grid-parent","grid-50"],"jetpack_publicize_connections":[],"jetpack_featured_media_url":"https:\/\/www.hoymercedes.com.ar\/principal\/wp-content\/uploads\/2018\/12\/06-vidal-dietrich2.jpg","wps_subtitle":"Esta ma\u00f1ana en Suipacha","jetpack_sharing_enabled":true,"_links":{"self":[{"href":"https:\/\/www.hoymercedes.com.ar\/principal\/wp-json\/wp\/v2\/posts\/85019","targetHints":{"allow":["GET"]}}],"collection":[{"href":"https:\/\/www.hoymercedes.com.ar\/principal\/wp-json\/wp\/v2\/posts"}],"about":[{"href":"https:\/\/www.hoymercedes.com.ar\/principal\/wp-json\/wp\/v2\/types\/post"}],"author":[{"embeddable":true,"href":"https:\/\/www.hoymercedes.com.ar\/principal\/wp-json\/wp\/v2\/users\/1"}],"replies":[{"embeddable":true,"href":"https:\/\/www.hoymercedes.com.ar\/principal\/wp-json\/wp\/v2\/comments?post=85019"}],"version-history":[{"count":0,"href":"https:\/\/www.hoymercedes.com.ar\/principal\/wp-json\/wp\/v2\/posts\/85019\/revisions"}],"wp:featuredmedia":[{"embeddable":true,"href":"https:\/\/www.hoymercedes.com.ar\/principal\/wp-json\/wp\/v2\/media\/85022"}],"wp:attachment":[{"href":"https:\/\/www.hoymercedes.com.ar\/principal\/wp-json\/wp\/v2\/media?parent=85019"}],"wp:term":[{"taxonomy":"category","embeddable":true,"href":"https:\/\/www.hoymercedes.com.ar\/principal\/wp-json\/wp\/v2\/categories?post=85019"},{"taxonomy":"post_tag","embeddable":true,"href":"https:\/\/www.hoymercedes.com.ar\/principal\/wp-json\/wp\/v2\/tags?post=85019"}],"curies":[{"name":"wp","href":"https:\/\/api.w.org\/{rel}","templated":true}]}}