{"id":85042,"date":"2018-12-07T09:53:56","date_gmt":"2018-12-07T12:53:56","guid":{"rendered":"http:\/\/www.hoymercedes.com.ar\/principal\/?p=85042"},"modified":"2018-12-07T17:33:30","modified_gmt":"2018-12-07T20:33:30","slug":"suspenden-estacionamiento-medido-del-17-de-diciembre-al-6-de-enero","status":"publish","type":"post","link":"https:\/\/www.hoymercedes.com.ar\/principal\/2018\/12\/07\/suspenden-estacionamiento-medido-del-17-de-diciembre-al-6-de-enero\/","title":{"rendered":"Suspenden estacionamiento medido del 17 de diciembre al 6 de enero"},"content":{"rendered":"<p>Atendiendo la solicitud de la C\u00e1mara Econ\u00f3mica Mercedina entregada la semana pasada, el Intendente Municipal Juan Ignacio Ustarroz confirm\u00f3 por decreto la suspensi\u00f3n del cobro del estacionamiento en el radio c\u00e9ntrico en la \u00e9poca festiva.<\/p>\n<p>El Municipio har\u00e1 efectiva la suspensi\u00f3n desde el d\u00eda lunes 17 de diciembre extendi\u00e9ndose el plazo hasta el 6 de enero de 2019, inclusive. El decreto tambi\u00e9n permite el estacionamiento en mano izquierda en aquellas manos alcanzadas por el estacionamiento medidos.<\/p>\n<p>La Comisi\u00f3n Directiva agradece al Municipio por hacerse eco de la petici\u00f3n y atender las necesidades de los comercios c\u00e9ntricos y de los vecinos de la ciudad y as\u00ed tener mayor espacio para estacionar sin necesitar abonar el estacionamiento durante las compras de fin de a\u00f1o.<\/p>\n","protected":false},"excerpt":{"rendered":"<p>Atendiendo la solicitud de la C\u00e1mara Econ\u00f3mica Mercedina entregada la semana pasada, el Intendente Municipal Juan Ignacio Ustarroz confirm\u00f3 por &#8230; <a title=\"Suspenden estacionamiento medido del 17 de diciembre al 6 de enero\" class=\"read-more\" href=\"https:\/\/www.hoymercedes.com.ar\/principal\/2018\/12\/07\/suspenden-estacionamiento-medido-del-17-de-diciembre-al-6-de-enero\/\" aria-label=\"Leer m\u00e1s sobre Suspenden estacionamiento medido del 17 de diciembre al 6 de enero\">Leer m\u00e1s<\/a><\/p>\n","protected":false},"author":1,"featured_media":0,"comment_status":"closed","ping_status":"open","sticky":false,"template":"","format":"standard","meta":{"_monsterinsights_skip_tracking":false,"_monsterinsights_sitenote_active":false,"_monsterinsights_sitenote_note":"","_monsterinsights_sitenote_category":0,"jetpack_post_was_ever_published":false,"_jetpack_newsletter_access":"","_jetpack_dont_email_post_to_subs":false,"_jetpack_newsletter_tier_id":0,"_jetpack_memberships_contains_paywalled_content":false,"_jetpack_memberships_contains_paid_content":false,"footnotes":"","jetpack_publicize_message":"","jetpack_publicize_feature_enabled":true,"jetpack_social_post_already_shared":true,"jetpack_social_options":{"image_generator_settings":{"template":"highway","default_image_id":0,"font":"","enabled":false},"version":2},"_wpas_customize_per_network":false},"categories":[8],"tags":[682,5030,8879],"class_list":["post-85042","post","type-post","status-publish","format-standard","hentry","category-sociedad","tag-cem","tag-estacionamiento-medido","tag-suspension","generate-columns","tablet-grid-50","mobile-grid-100","grid-parent","grid-50"],"jetpack_publicize_connections":[],"jetpack_featured_media_url":"","wps_subtitle":"Tras el pedido de la CEM","jetpack_sharing_enabled":true,"_links":{"self":[{"href":"https:\/\/www.hoymercedes.com.ar\/principal\/wp-json\/wp\/v2\/posts\/85042","targetHints":{"allow":["GET"]}}],"collection":[{"href":"https:\/\/www.hoymercedes.com.ar\/principal\/wp-json\/wp\/v2\/posts"}],"about":[{"href":"https:\/\/www.hoymercedes.com.ar\/principal\/wp-json\/wp\/v2\/types\/post"}],"author":[{"embeddable":true,"href":"https:\/\/www.hoymercedes.com.ar\/principal\/wp-json\/wp\/v2\/users\/1"}],"replies":[{"embeddable":true,"href":"https:\/\/www.hoymercedes.com.ar\/principal\/wp-json\/wp\/v2\/comments?post=85042"}],"version-history":[{"count":0,"href":"https:\/\/www.hoymercedes.com.ar\/principal\/wp-json\/wp\/v2\/posts\/85042\/revisions"}],"wp:attachment":[{"href":"https:\/\/www.hoymercedes.com.ar\/principal\/wp-json\/wp\/v2\/media?parent=85042"}],"wp:term":[{"taxonomy":"category","embeddable":true,"href":"https:\/\/www.hoymercedes.com.ar\/principal\/wp-json\/wp\/v2\/categories?post=85042"},{"taxonomy":"post_tag","embeddable":true,"href":"https:\/\/www.hoymercedes.com.ar\/principal\/wp-json\/wp\/v2\/tags?post=85042"}],"curies":[{"name":"wp","href":"https:\/\/api.w.org\/{rel}","templated":true}]}}