{"id":85073,"date":"2018-12-07T17:33:41","date_gmt":"2018-12-07T20:33:41","guid":{"rendered":"http:\/\/www.hoymercedes.com.ar\/principal\/?p=85073"},"modified":"2018-12-07T20:00:48","modified_gmt":"2018-12-07T23:00:48","slug":"fuga-de-gas-habria-ocasionado-explosion-en-una-vivienda","status":"publish","type":"post","link":"https:\/\/www.hoymercedes.com.ar\/principal\/2018\/12\/07\/fuga-de-gas-habria-ocasionado-explosion-en-una-vivienda\/","title":{"rendered":"Fuga de gas habr\u00eda ocasionado explosi\u00f3n en una vivienda"},"content":{"rendered":"<figure id=\"attachment_85074\" aria-describedby=\"caption-attachment-85074\" style=\"width: 720px\" class=\"wp-caption aligncenter\"><img loading=\"lazy\" decoding=\"async\" data-attachment-id=\"85074\" data-permalink=\"https:\/\/www.hoymercedes.com.ar\/principal\/2018\/12\/07\/fuga-de-gas-habria-ocasionado-explosion-en-una-vivienda\/explocion2\/#main\" data-orig-file=\"https:\/\/www.hoymercedes.com.ar\/principal\/wp-content\/uploads\/2018\/12\/explocion2.jpeg\" data-orig-size=\"730,411\" data-comments-opened=\"0\" data-image-meta=\"{&quot;aperture&quot;:&quot;0&quot;,&quot;credit&quot;:&quot;&quot;,&quot;camera&quot;:&quot;&quot;,&quot;caption&quot;:&quot;&quot;,&quot;created_timestamp&quot;:&quot;0&quot;,&quot;copyright&quot;:&quot;&quot;,&quot;focal_length&quot;:&quot;0&quot;,&quot;iso&quot;:&quot;0&quot;,&quot;shutter_speed&quot;:&quot;0&quot;,&quot;title&quot;:&quot;&quot;,&quot;orientation&quot;:&quot;0&quot;}\" data-image-title=\"explocion2\" data-image-description=\"\" data-image-caption=\"&lt;p&gt;Explosi\u00f3n 10 entre 23 y 21&lt;\/p&gt;\n\" data-large-file=\"https:\/\/www.hoymercedes.com.ar\/principal\/wp-content\/uploads\/2018\/12\/explocion2.jpeg\" class=\"size-full wp-image-85074\" src=\"https:\/\/www.hoymercedes.com.ar\/principal\/wp-content\/uploads\/2018\/12\/explocion2.jpeg\" alt=\"\" width=\"730\" height=\"411\" srcset=\"https:\/\/www.hoymercedes.com.ar\/principal\/wp-content\/uploads\/2018\/12\/explocion2.jpeg 730w, https:\/\/www.hoymercedes.com.ar\/principal\/wp-content\/uploads\/2018\/12\/explocion2-150x84.jpeg 150w, https:\/\/www.hoymercedes.com.ar\/principal\/wp-content\/uploads\/2018\/12\/explocion2-630x355.jpeg 630w\" sizes=\"auto, (max-width: 730px) 100vw, 730px\" \/><figcaption id=\"caption-attachment-85074\" class=\"wp-caption-text\">Explosi\u00f3n 10 entre 23 y 21<\/figcaption><\/figure>\n<p>En calle 10 entre 21 y 23 se produjo aparentemente una fuga de gas en una vivienda que gener\u00f3 graves consecuencias a la propiedad. Como consecuencia una mujer se encuentra internada.<\/p>\n<p>Al lugar r\u00e1pidamente accedieron los Bomberos Voluntarios, la Secretar\u00eda de Seguridad, la Secretar\u00eda de Desarrollo Social y Protecci\u00f3n civil por parte de la Municipalidad de Mercedes.<\/p>\n<figure id=\"attachment_85075\" aria-describedby=\"caption-attachment-85075\" style=\"width: 720px\" class=\"wp-caption aligncenter\"><img loading=\"lazy\" decoding=\"async\" data-attachment-id=\"85075\" data-permalink=\"https:\/\/www.hoymercedes.com.ar\/principal\/2018\/12\/07\/fuga-de-gas-habria-ocasionado-explosion-en-una-vivienda\/explocion3\/#main\" data-orig-file=\"https:\/\/www.hoymercedes.com.ar\/principal\/wp-content\/uploads\/2018\/12\/explocion3.jpeg\" data-orig-size=\"730,398\" data-comments-opened=\"0\" data-image-meta=\"{&quot;aperture&quot;:&quot;0&quot;,&quot;credit&quot;:&quot;&quot;,&quot;camera&quot;:&quot;&quot;,&quot;caption&quot;:&quot;&quot;,&quot;created_timestamp&quot;:&quot;0&quot;,&quot;copyright&quot;:&quot;&quot;,&quot;focal_length&quot;:&quot;0&quot;,&quot;iso&quot;:&quot;0&quot;,&quot;shutter_speed&quot;:&quot;0&quot;,&quot;title&quot;:&quot;&quot;,&quot;orientation&quot;:&quot;0&quot;}\" data-image-title=\"explocion3\" data-image-description=\"\" data-image-caption=\"&lt;p&gt;vivienda afectada y linderas&lt;\/p&gt;\n\" data-large-file=\"https:\/\/www.hoymercedes.com.ar\/principal\/wp-content\/uploads\/2018\/12\/explocion3.jpeg\" class=\"size-full wp-image-85075\" src=\"https:\/\/www.hoymercedes.com.ar\/principal\/wp-content\/uploads\/2018\/12\/explocion3.jpeg\" alt=\"\" width=\"730\" height=\"398\" srcset=\"https:\/\/www.hoymercedes.com.ar\/principal\/wp-content\/uploads\/2018\/12\/explocion3.jpeg 730w, https:\/\/www.hoymercedes.com.ar\/principal\/wp-content\/uploads\/2018\/12\/explocion3-150x82.jpeg 150w, https:\/\/www.hoymercedes.com.ar\/principal\/wp-content\/uploads\/2018\/12\/explocion3-630x343.jpeg 630w\" sizes=\"auto, (max-width: 730px) 100vw, 730px\" \/><figcaption id=\"caption-attachment-85075\" class=\"wp-caption-text\">vivienda afectada y linderas<\/figcaption><\/figure>\n<p>Desde la cartera de Seguridad comunal su responsable Josefina Kelly confirm\u00f3 que distintos equipos comunales est\u00e1n en el lugar. A\u00f1adi\u00f3 que se est\u00e1 cortando la calle porque es necesario evaluar todos los riesgos, adem\u00e1s de ver las locaciones linderas como as\u00ed tambi\u00e9n el jard\u00edn de infantes que se encuentra en la otra esquina.<\/p>\n<p>La situaci\u00f3n se convirti\u00f3 en una preocupaci\u00f3n grande, pero, se pudo llevar tranquilidad a medida que intervinieron las fuerzas de atenci\u00f3n al vecino.<\/p>\n<figure id=\"attachment_85076\" aria-describedby=\"caption-attachment-85076\" style=\"width: 571px\" class=\"wp-caption aligncenter\"><img loading=\"lazy\" decoding=\"async\" data-attachment-id=\"85076\" data-permalink=\"https:\/\/www.hoymercedes.com.ar\/principal\/2018\/12\/07\/fuga-de-gas-habria-ocasionado-explosion-en-una-vivienda\/explocion\/#main\" data-orig-file=\"https:\/\/www.hoymercedes.com.ar\/principal\/wp-content\/uploads\/2018\/12\/explocion.jpeg\" data-orig-size=\"581,893\" data-comments-opened=\"0\" data-image-meta=\"{&quot;aperture&quot;:&quot;0&quot;,&quot;credit&quot;:&quot;&quot;,&quot;camera&quot;:&quot;&quot;,&quot;caption&quot;:&quot;&quot;,&quot;created_timestamp&quot;:&quot;0&quot;,&quot;copyright&quot;:&quot;&quot;,&quot;focal_length&quot;:&quot;0&quot;,&quot;iso&quot;:&quot;0&quot;,&quot;shutter_speed&quot;:&quot;0&quot;,&quot;title&quot;:&quot;&quot;,&quot;orientation&quot;:&quot;0&quot;}\" data-image-title=\"explocion\" data-image-description=\"\" data-image-caption=\"&lt;p&gt;Vivienda afectadas&lt;\/p&gt;\n\" data-large-file=\"https:\/\/www.hoymercedes.com.ar\/principal\/wp-content\/uploads\/2018\/12\/explocion.jpeg\" class=\"size-full wp-image-85076\" src=\"https:\/\/www.hoymercedes.com.ar\/principal\/wp-content\/uploads\/2018\/12\/explocion.jpeg\" alt=\"\" width=\"581\" height=\"893\" srcset=\"https:\/\/www.hoymercedes.com.ar\/principal\/wp-content\/uploads\/2018\/12\/explocion.jpeg 581w, https:\/\/www.hoymercedes.com.ar\/principal\/wp-content\/uploads\/2018\/12\/explocion-98x150.jpeg 98w, https:\/\/www.hoymercedes.com.ar\/principal\/wp-content\/uploads\/2018\/12\/explocion-403x620.jpeg 403w\" sizes=\"auto, (max-width: 581px) 100vw, 581px\" \/><figcaption id=\"caption-attachment-85076\" class=\"wp-caption-text\">Vivienda afectad<\/figcaption><\/figure>\n","protected":false},"excerpt":{"rendered":"<p>En calle 10 entre 21 y 23 se produjo aparentemente una fuga de gas en una vivienda que gener\u00f3 graves &#8230; <a title=\"Fuga de gas habr\u00eda ocasionado explosi\u00f3n en una vivienda\" class=\"read-more\" href=\"https:\/\/www.hoymercedes.com.ar\/principal\/2018\/12\/07\/fuga-de-gas-habria-ocasionado-explosion-en-una-vivienda\/\" aria-label=\"Leer m\u00e1s sobre Fuga de gas habr\u00eda ocasionado explosi\u00f3n en una vivienda\">Leer m\u00e1s<\/a><\/p>\n","protected":false},"author":1,"featured_media":85074,"comment_status":"closed","ping_status":"open","sticky":false,"template":"","format":"standard","meta":{"_monsterinsights_skip_tracking":false,"_monsterinsights_sitenote_active":false,"_monsterinsights_sitenote_note":"","_monsterinsights_sitenote_category":0,"jetpack_post_was_ever_published":false,"_jetpack_newsletter_access":"","_jetpack_dont_email_post_to_subs":false,"_jetpack_newsletter_tier_id":0,"_jetpack_memberships_contains_paywalled_content":false,"_jetpack_memberships_contains_paid_content":false,"footnotes":"","jetpack_publicize_message":"","jetpack_publicize_feature_enabled":true,"jetpack_social_post_already_shared":true,"jetpack_social_options":{"image_generator_settings":{"template":"highway","default_image_id":0,"font":"","enabled":false},"version":2},"_wpas_customize_per_network":false},"categories":[8],"tags":[4128,14174,7538,11080],"class_list":["post-85073","post","type-post","status-publish","format-standard","has-post-thumbnail","hentry","category-sociedad","tag-bomberos","tag-explosion","tag-kelly","tag-secretaria-de-seguridad","generate-columns","tablet-grid-50","mobile-grid-100","grid-parent","grid-50"],"jetpack_publicize_connections":[],"jetpack_featured_media_url":"https:\/\/www.hoymercedes.com.ar\/principal\/wp-content\/uploads\/2018\/12\/explocion2.jpeg","wps_subtitle":"Una mujer grave","jetpack_sharing_enabled":true,"_links":{"self":[{"href":"https:\/\/www.hoymercedes.com.ar\/principal\/wp-json\/wp\/v2\/posts\/85073","targetHints":{"allow":["GET"]}}],"collection":[{"href":"https:\/\/www.hoymercedes.com.ar\/principal\/wp-json\/wp\/v2\/posts"}],"about":[{"href":"https:\/\/www.hoymercedes.com.ar\/principal\/wp-json\/wp\/v2\/types\/post"}],"author":[{"embeddable":true,"href":"https:\/\/www.hoymercedes.com.ar\/principal\/wp-json\/wp\/v2\/users\/1"}],"replies":[{"embeddable":true,"href":"https:\/\/www.hoymercedes.com.ar\/principal\/wp-json\/wp\/v2\/comments?post=85073"}],"version-history":[{"count":0,"href":"https:\/\/www.hoymercedes.com.ar\/principal\/wp-json\/wp\/v2\/posts\/85073\/revisions"}],"wp:featuredmedia":[{"embeddable":true,"href":"https:\/\/www.hoymercedes.com.ar\/principal\/wp-json\/wp\/v2\/media\/85074"}],"wp:attachment":[{"href":"https:\/\/www.hoymercedes.com.ar\/principal\/wp-json\/wp\/v2\/media?parent=85073"}],"wp:term":[{"taxonomy":"category","embeddable":true,"href":"https:\/\/www.hoymercedes.com.ar\/principal\/wp-json\/wp\/v2\/categories?post=85073"},{"taxonomy":"post_tag","embeddable":true,"href":"https:\/\/www.hoymercedes.com.ar\/principal\/wp-json\/wp\/v2\/tags?post=85073"}],"curies":[{"name":"wp","href":"https:\/\/api.w.org\/{rel}","templated":true}]}}