{"id":85078,"date":"2018-12-07T19:30:27","date_gmt":"2018-12-07T22:30:27","guid":{"rendered":"http:\/\/www.hoymercedes.com.ar\/principal\/?p=85078"},"modified":"2018-12-07T18:42:21","modified_gmt":"2018-12-07T21:42:21","slug":"ustarroz-junto-a-ex-combatientes-anuncio-un-necesario-homenaje-con-la-construccion-de-la-casa-de-veteranos-de-malvinas","status":"publish","type":"post","link":"https:\/\/www.hoymercedes.com.ar\/principal\/2018\/12\/07\/ustarroz-junto-a-ex-combatientes-anuncio-un-necesario-homenaje-con-la-construccion-de-la-casa-de-veteranos-de-malvinas\/","title":{"rendered":"Ustarroz junto a ex combatientes anunci\u00f3 un necesario homenaje con la construcci\u00f3n de la \u201cCasa de Veteranos de Malvinas\u201d"},"content":{"rendered":"<figure id=\"attachment_85079\" aria-describedby=\"caption-attachment-85079\" style=\"width: 710px\" class=\"wp-caption aligncenter\"><img loading=\"lazy\" decoding=\"async\" data-attachment-id=\"85079\" data-permalink=\"https:\/\/www.hoymercedes.com.ar\/principal\/2018\/12\/07\/ustarroz-junto-a-ex-combatientes-anuncio-un-necesario-homenaje-con-la-construccion-de-la-casa-de-veteranos-de-malvinas\/combatientes_final\/#main\" data-orig-file=\"https:\/\/www.hoymercedes.com.ar\/principal\/wp-content\/uploads\/2018\/12\/COMBATIENTES_FINAL.jpg\" data-orig-size=\"720,438\" data-comments-opened=\"0\" data-image-meta=\"{&quot;aperture&quot;:&quot;0&quot;,&quot;credit&quot;:&quot;&quot;,&quot;camera&quot;:&quot;&quot;,&quot;caption&quot;:&quot;&quot;,&quot;created_timestamp&quot;:&quot;0&quot;,&quot;copyright&quot;:&quot;&quot;,&quot;focal_length&quot;:&quot;0&quot;,&quot;iso&quot;:&quot;0&quot;,&quot;shutter_speed&quot;:&quot;0&quot;,&quot;title&quot;:&quot;&quot;,&quot;orientation&quot;:&quot;0&quot;}\" data-image-title=\"Casa ex combatientes\" data-image-description=\"\" data-image-caption=\"&lt;p&gt;Casa del Veterano, proyecto a realizarse&lt;\/p&gt;\n\" data-large-file=\"https:\/\/www.hoymercedes.com.ar\/principal\/wp-content\/uploads\/2018\/12\/COMBATIENTES_FINAL.jpg\" class=\"size-full wp-image-85079\" src=\"https:\/\/www.hoymercedes.com.ar\/principal\/wp-content\/uploads\/2018\/12\/COMBATIENTES_FINAL.jpg\" alt=\"\" width=\"720\" height=\"438\" srcset=\"https:\/\/www.hoymercedes.com.ar\/principal\/wp-content\/uploads\/2018\/12\/COMBATIENTES_FINAL.jpg 720w, https:\/\/www.hoymercedes.com.ar\/principal\/wp-content\/uploads\/2018\/12\/COMBATIENTES_FINAL-150x91.jpg 150w, https:\/\/www.hoymercedes.com.ar\/principal\/wp-content\/uploads\/2018\/12\/COMBATIENTES_FINAL-630x383.jpg 630w\" sizes=\"auto, (max-width: 720px) 100vw, 720px\" \/><figcaption id=\"caption-attachment-85079\" class=\"wp-caption-text\">Casa del Veterano, proyecto a realizarse<\/figcaption><\/figure>\n<p>&nbsp;<\/p>\n<p>El intendente Juan Ignacio Ustarroz anunci\u00f3 que se construir\u00e1 en nuestra ciudad la primera casa para los Veteranos de Malvinas. El anuncio lo hizo acompa\u00f1ado de los ex combatientes. La misma se ejecutar\u00e1 mediante un trabajo mancomunado entre la Municipalidad de Mercedes, Gendarmer\u00eda y la ciudadan\u00eda. \u201cPretendemos que sea un hecho comunitario, social, abierto para que todo aquel que quiera hacer un aporte lo haga\u201d indic\u00f3 el Dr. Ustarroz. El lugar donde ser\u00e1 erigido este espacio conmemorativo y representativo queda ubicado en calle 35 entre 108 y 110. La construcci\u00f3n est\u00e1 estipulada que se inicie en el comienzo del a\u00f1o pr\u00f3ximo.<\/p>\n<p><strong>Homenaje<\/strong><\/p>\n<p>De esta manera, el jefe comunal sostuvo \u201chace mucho tiempo que nuestros excombatientes esperaban, reclamaban, peticionaban un espacio, para la memoria de Malvinas. Por ese motivo, luego de diferentes an\u00e1lisis, realizamos una propuesta, consensuamos un lugar, y hoy oficialmente anunciamos que muy pronto ellos tendr\u00e1n su espacio\u201d.<\/p>\n<p>Adem\u00e1s, el jefe comunal indic\u00f3 \u201cya est\u00e1n hechos los proyectos, se contabiliz\u00f3 el presupuesto que el Municipio va a invertir\u201d y remarc\u00f3 \u201cvamos a construir este espacio de memoria junto a la ciudadan\u00eda, en primer lugar, tenemos el compromiso de Gendarmer\u00eda de apoyarnos y acompa\u00f1arnos con la mano de obra, por ese motivo, desde la comuna aportaremos todos los materiales\u201d.<\/p>\n<p>Y recalc\u00f3 \u201ctambi\u00e9n podr\u00e1n sumarse todos aquellos que solidariamente quieran hacerlo\u201d.<\/p>\n<figure id=\"attachment_85080\" aria-describedby=\"caption-attachment-85080\" style=\"width: 1270px\" class=\"wp-caption aligncenter\"><img loading=\"lazy\" decoding=\"async\" data-attachment-id=\"85080\" data-permalink=\"https:\/\/www.hoymercedes.com.ar\/principal\/2018\/12\/07\/ustarroz-junto-a-ex-combatientes-anuncio-un-necesario-homenaje-con-la-construccion-de-la-casa-de-veteranos-de-malvinas\/casaveteranos2\/#main\" data-orig-file=\"https:\/\/www.hoymercedes.com.ar\/principal\/wp-content\/uploads\/2018\/12\/casaveteranos2..jpeg\" data-orig-size=\"1280,622\" data-comments-opened=\"0\" data-image-meta=\"{&quot;aperture&quot;:&quot;0&quot;,&quot;credit&quot;:&quot;&quot;,&quot;camera&quot;:&quot;&quot;,&quot;caption&quot;:&quot;&quot;,&quot;created_timestamp&quot;:&quot;0&quot;,&quot;copyright&quot;:&quot;&quot;,&quot;focal_length&quot;:&quot;0&quot;,&quot;iso&quot;:&quot;0&quot;,&quot;shutter_speed&quot;:&quot;0&quot;,&quot;title&quot;:&quot;&quot;,&quot;orientation&quot;:&quot;0&quot;}\" data-image-title=\"casaveteranos2.\" data-image-description=\"\" data-image-caption=\"&lt;p&gt;Ex combatientes de Malvinas&lt;\/p&gt;\n\" data-large-file=\"https:\/\/www.hoymercedes.com.ar\/principal\/wp-content\/uploads\/2018\/12\/casaveteranos2.-1024x498.jpeg\" class=\"size-full wp-image-85080\" src=\"https:\/\/www.hoymercedes.com.ar\/principal\/wp-content\/uploads\/2018\/12\/casaveteranos2..jpeg\" alt=\"\" width=\"1280\" height=\"622\" srcset=\"https:\/\/www.hoymercedes.com.ar\/principal\/wp-content\/uploads\/2018\/12\/casaveteranos2..jpeg 1280w, https:\/\/www.hoymercedes.com.ar\/principal\/wp-content\/uploads\/2018\/12\/casaveteranos2.-150x73.jpeg 150w, https:\/\/www.hoymercedes.com.ar\/principal\/wp-content\/uploads\/2018\/12\/casaveteranos2.-630x306.jpeg 630w, https:\/\/www.hoymercedes.com.ar\/principal\/wp-content\/uploads\/2018\/12\/casaveteranos2.-1024x498.jpeg 1024w\" sizes=\"auto, (max-width: 1280px) 100vw, 1280px\" \/><figcaption id=\"caption-attachment-85080\" class=\"wp-caption-text\">Ex combatientes de Malvinas<\/figcaption><\/figure>\n<p><strong>Veteranos<\/strong><\/p>\n<p>Sergio Cestari, un ex combatiente de Malvinas de nuestra ciudad dijo \u201cno solo en nombre m\u00edo, sino de mis compa\u00f1eros que representamos a la comunidad de veteranos de guerra, les puedo decir que estamos emocionados, muy contentos y eternamente agradecidos\u201d y agreg\u00f3 \u201cdurante 37 a\u00f1os vimos c\u00f3mo se iban inaugurando centros en las localidades vecinas, y por dentro augur\u00e1bamos tener la suerte, en alg\u00fan momento, que nos suceda a nosotros. Hoy gracias a la gesti\u00f3n del Dr. Ustarroz vamos a tener nuestra propia casa\u201d.<\/p>\n<p>Y valor\u00f3 \u201cpara nosotros es muy importante nuestro lugar, donde estaremos los veteranos juntos con nuestras familias\u201d y subray\u00f3 \u201cesta iniciativa del Municipio nos acerc\u00f3 a todos, estamos sumando un grupo muy grande de compa\u00f1eros, as\u00ed que por todo esto no tengo m\u00e1s que palabras de agradecimiento\u201d.<\/p>\n<p><strong>No olvidamos<\/strong><\/p>\n<p>Asimismo, el Dr. Ustarroz expres\u00f3 \u201ccreemos que el reclamo de Malvinas sigue vigente, hecho que debe ser recordado, por ese motivo, creemos que era necesario tener este lugar\u201d y subray\u00f3 \u201choy a pesar de las dificultades, como Municipio decidimos que esto se haga\u201d.<\/p>\n<p><strong>Orgullo<\/strong><\/p>\n<p>\u201cEn lo personal estoy muy orgulloso, contento con este gran avance y esta decisi\u00f3n que la haremos en conjunto\u201d y en ese sentido, el jefe comunal hizo un llamado a toda la comunidad \u201ca formar parte de este proyecto, que no es el de un municipio, sino, el de una ciudad que le brindar\u00e1 el lugar que se merece, tanto a nuestros h\u00e9roes como as\u00ed tambi\u00e9n a la memoria de Malvinas\u201d.<\/p>\n<p>&nbsp;<\/p>\n<p>&nbsp;<\/p>\n<p>&nbsp;<\/p>\n<p>&nbsp;<\/p>\n<p>&nbsp;<\/p>\n<p>&nbsp;<\/p>\n<p>&nbsp;<\/p>\n<p>&nbsp;<\/p>\n","protected":false},"excerpt":{"rendered":"<p>&nbsp; El intendente Juan Ignacio Ustarroz anunci\u00f3 que se construir\u00e1 en nuestra ciudad la primera casa para los Veteranos de &#8230; <a title=\"Ustarroz junto a ex combatientes anunci\u00f3 un necesario homenaje con la construcci\u00f3n de la \u201cCasa de Veteranos de Malvinas\u201d\" class=\"read-more\" href=\"https:\/\/www.hoymercedes.com.ar\/principal\/2018\/12\/07\/ustarroz-junto-a-ex-combatientes-anuncio-un-necesario-homenaje-con-la-construccion-de-la-casa-de-veteranos-de-malvinas\/\" aria-label=\"Leer m\u00e1s sobre Ustarroz junto a ex combatientes anunci\u00f3 un necesario homenaje con la construcci\u00f3n de la \u201cCasa de Veteranos de Malvinas\u201d\">Leer m\u00e1s<\/a><\/p>\n","protected":false},"author":1,"featured_media":85079,"comment_status":"closed","ping_status":"open","sticky":false,"template":"","format":"standard","meta":{"_monsterinsights_skip_tracking":false,"_monsterinsights_sitenote_active":false,"_monsterinsights_sitenote_note":"","_monsterinsights_sitenote_category":0,"jetpack_post_was_ever_published":false,"_jetpack_newsletter_access":"","_jetpack_dont_email_post_to_subs":false,"_jetpack_newsletter_tier_id":0,"_jetpack_memberships_contains_paywalled_content":false,"_jetpack_memberships_contains_paid_content":false,"footnotes":"","jetpack_publicize_message":"","jetpack_publicize_feature_enabled":true,"jetpack_social_post_already_shared":true,"jetpack_social_options":{"image_generator_settings":{"template":"highway","default_image_id":0,"font":"","enabled":false},"version":2},"_wpas_customize_per_network":false},"categories":[30],"tags":[14175,14176,424,5696],"class_list":["post-85078","post","type-post","status-publish","format-standard","has-post-thumbnail","hentry","category-municipio","tag-casa-de-malvinas","tag-malvinas-argentinas-mercedes","tag-ustarroz","tag-veteranos-mercedes","generate-columns","tablet-grid-50","mobile-grid-100","grid-parent","grid-50"],"jetpack_publicize_connections":[],"jetpack_featured_media_url":"https:\/\/www.hoymercedes.com.ar\/principal\/wp-content\/uploads\/2018\/12\/COMBATIENTES_FINAL.jpg","wps_subtitle":"Memoria e Historia","jetpack_sharing_enabled":true,"_links":{"self":[{"href":"https:\/\/www.hoymercedes.com.ar\/principal\/wp-json\/wp\/v2\/posts\/85078","targetHints":{"allow":["GET"]}}],"collection":[{"href":"https:\/\/www.hoymercedes.com.ar\/principal\/wp-json\/wp\/v2\/posts"}],"about":[{"href":"https:\/\/www.hoymercedes.com.ar\/principal\/wp-json\/wp\/v2\/types\/post"}],"author":[{"embeddable":true,"href":"https:\/\/www.hoymercedes.com.ar\/principal\/wp-json\/wp\/v2\/users\/1"}],"replies":[{"embeddable":true,"href":"https:\/\/www.hoymercedes.com.ar\/principal\/wp-json\/wp\/v2\/comments?post=85078"}],"version-history":[{"count":0,"href":"https:\/\/www.hoymercedes.com.ar\/principal\/wp-json\/wp\/v2\/posts\/85078\/revisions"}],"wp:featuredmedia":[{"embeddable":true,"href":"https:\/\/www.hoymercedes.com.ar\/principal\/wp-json\/wp\/v2\/media\/85079"}],"wp:attachment":[{"href":"https:\/\/www.hoymercedes.com.ar\/principal\/wp-json\/wp\/v2\/media?parent=85078"}],"wp:term":[{"taxonomy":"category","embeddable":true,"href":"https:\/\/www.hoymercedes.com.ar\/principal\/wp-json\/wp\/v2\/categories?post=85078"},{"taxonomy":"post_tag","embeddable":true,"href":"https:\/\/www.hoymercedes.com.ar\/principal\/wp-json\/wp\/v2\/tags?post=85078"}],"curies":[{"name":"wp","href":"https:\/\/api.w.org\/{rel}","templated":true}]}}