{"id":85089,"date":"2018-12-08T06:38:01","date_gmt":"2018-12-08T09:38:01","guid":{"rendered":"http:\/\/www.hoymercedes.com.ar\/principal\/?p=85089"},"modified":"2018-12-07T18:41:11","modified_gmt":"2018-12-07T21:41:11","slug":"no-le-damos-credibilidad-al-cambio-climatico","status":"publish","type":"post","link":"https:\/\/www.hoymercedes.com.ar\/principal\/2018\/12\/08\/no-le-damos-credibilidad-al-cambio-climatico\/","title":{"rendered":"No le damos credibilidad al Cambio Clim\u00e1tico"},"content":{"rendered":"<p>Por Cristi\u00e1n Frers* &#8211; Las temperaturas globales han estado aumentando constantemente en los \u00faltimos 20 a\u00f1os, y en cada uno de los \u00faltimos tres a\u00f1os los promedios han superado el umbral de 1\u00b0C. Este a\u00f1o, 2018, va camino a ser uno de los m\u00e1s c\u00e1lidos, la temperatura media de la superficie del planeta en los 10 primeros meses del a\u00f1o es superior en casi 1\u00baC.<\/p>\n<p>Las temperaturas globales podr\u00edan pasar el l\u00edmite superior internacionalmente acordado\u00a0 dentro de los pr\u00f3ximos cinco a\u00f1os.<\/p>\n<p>El umbral de 1.5\u00b0C se estableci\u00f3 en Par\u00eds como un objetivo ambicioso porque los cient\u00edficos temen que un mundo m\u00e1s c\u00e1lido que ese sea susceptible a eventos clim\u00e1ticos cada vez m\u00e1s salvajes que a su vez precipitar\u00edan una mayor sequ\u00eda, p\u00e9rdida de h\u00e1bitat, inseguridad alimentaria y migraci\u00f3n masiva.<\/p>\n<p>El trabajo conjunto de los pa\u00edses del Grupo de los 20 y su red es vital para combatir los desaf\u00edos futuros que presenta el panorama global. La importancia de aprender del ayer, pero tener la cabeza en ma\u00f1ana y conectar con el hoy. No es mirar al pasado para encontrar soluciones para ma\u00f1ana. Es mirar hacia el futuro, hacia las interdependencias, hacia los riesgos y las oportunidades incrementales. Es all\u00ed donde encontraremos las soluciones que sean realmente resilientes y sustentables. Al volverse los riesgos y los eventos m\u00e1s y m\u00e1s extremos, la \u00fanica manera en que podemos mitigarlo y adaptarnos es si se trabaja en conjunto, en entender mejor los desaf\u00edos, no solo en el alto nivel y en lo acad\u00e9mico, tambi\u00e9n en la comunidad: cu\u00e1les son los riesgos y cu\u00e1les, los caminos hacia adelante; qu\u00e9 puede hacer uno como individuo y qu\u00e9 puede hacer dentro de su comunidad; qu\u00e9 podemos hacer como ciudad o regi\u00f3n o pa\u00eds o mundo.<\/p>\n<p>Sin embargo, cerca de la Cumbre de los L\u00edderes que se est\u00e1 por llevar a cabo el 1 de diciembre en Buenos Aires, Argentina, hay gente que considera que la posici\u00f3n com\u00fan de los jefes de Estado frente a la discusi\u00f3n del clima es d\u00e9bil. A pesar de las irrefutables evidencias cient\u00edficas, subestim\u00e1ndose las amenazas del calentamiento global y siguen apostando a energ\u00edas que potencian cat\u00e1strofes naturales. Quienes participan de la cumbre son responsables de m\u00e1s del 75 por ciento de las emisiones de gases de efecto invernadero del mundo. Sin embargo, en vez de utilizar el espacio para combatir el principal desaf\u00edo que enfrentar\u00e1 la humanidad en este siglo, prefieren mirar para otro lado y dejar lugar a los combustibles f\u00f3siles.<\/p>\n<p>El Secretario de Gobierno de Ambiente y Desarrollo Sustentable de la Naci\u00f3n, Sergio Bergman, asegur\u00f3 en el marco del G 20 que \u201cArgentina firm\u00f3 el Acuerdo de Par\u00eds para cumplirlo\u201d. Adem\u00e1s indic\u00f3, en relaci\u00f3n al trabajo en materia ambiental: \u201cEl Acuerdo de Par\u00eds, respecto a esta agenda, es para nosotros mandatorio\u201d, a lo que agreg\u00f3 que \u201cno hay dudas de que Argentina sostiene esta agenda y esta conversaci\u00f3n\u201d.<\/p>\n<p>El Secretario destac\u00f3 la posibilidad que significa para los argentinos \u201ctener esta ventana de oportunidad de visualizaci\u00f3n del liderazgo global con responsabilidad local\u201d.<\/p>\n<p>Sobre la labor espec\u00edfica del pa\u00eds en la cuesti\u00f3n clim\u00e1tica ligada al G20, Bergman explic\u00f3 que se generaron acciones \u201ccon los resultados del Grupo de Trabajo de Sustentabilidad Clim\u00e1tica\u201d, donde se han logrado acuerdos entre pa\u00edses y se espera que esta agenda \u201csea ratificada dentro de los consensos compartidos de los referentes de este \u00e1mbito de importancia\u201d.<\/p>\n<p>A pesar de las diferentes declaraciones, Donald Trump ha conseguido convertir la primera potencia mundial en un pa\u00eds aislado frente a todos los dem\u00e1s. Eso se refleja en la declaraci\u00f3n final de la reuni\u00f3n del Grupo de los 20 (G 20) en Buenos Aires: todos, salvo Trump, afirman que el acuerdo de Par\u00eds contra el cambio clim\u00e1tico es \u00abirreversible\u00bb. El presidente de Estados Unidos acept\u00f3 firmar el texto, con la condici\u00f3n de que especificara que su pa\u00eds \u00abreitera la decisi\u00f3n de retirarse del acuerdo de Par\u00eds\u00bb<\/p>\n<p>El cambio clim\u00e1tico est\u00e1 aqu\u00ed y est\u00e1 sucediendo ahora. Sol\u00edamos hablar de que era una problem\u00e1tica para el futuro, pero es muy claro que es una realidad. Tiene grandes efectos en toda la Argentina, estamos viendo un mayor flujo de agua, un aumento de las lluvias fuera de las estaciones, problemas en el suelo y sequ\u00edas extremas. El calentamiento global exacerba mucho los fen\u00f3menos clim\u00e1ticos que antes ocurr\u00edan m\u00e1s espaciados en el tiempo y hoy son m\u00e1s recurrentes y extremos.<\/p>\n<p>Para prevenir las mayores cat\u00e1strofes clim\u00e1ticas es necesario reducir las emisiones de gases de efecto invernadero al 50 por ciento para el 2030 y llegar a cero en el a\u00f1o 2050. Para lograrlo, es necesario reducir el uso del carb\u00f3n, el petr\u00f3leo y el gas en forma urgente<\/p>\n<p>Cambiar radicalmente la trayectoria requerir\u00eda una combinaci\u00f3n de estrategias. Los humanos tendr\u00edan que gastar mucha menos energ\u00eda. Los bosques tendr\u00edan que ser preservados y expandidos. Las energ\u00edas renovables libres de emisiones tendr\u00edan que aumentar hasta cerca de las tres cuartas partes de la demanda mundial de electricidad para 2050, con la ayuda de una tecnolog\u00eda de captura de carbono nuclear y todav\u00eda incipiente que atrapa las emisiones de la quema de combustibles f\u00f3siles tradicionales. El carb\u00f3n, que todav\u00eda produce m\u00e1s electricidad que cualquier otra fuente, tendr\u00eda que eliminarse finalmente.<\/p>\n<p>La mayor\u00eda de los cient\u00edficos creen que el comportamiento humano est\u00e1 contribuyendo al calentamiento global y al cambio clim\u00e1tico. Conviene reiterar una vez m\u00e1s que somos la primera generaci\u00f3n que comprende plenamente el cambio clim\u00e1tico y la \u00faltima generaci\u00f3n que puede hacer algo al respecto.<\/p>\n<p>&nbsp;<\/p>\n<p>*Cristi\u00e1n Frers \u2013 T\u00e9cnico Superior en Gesti\u00f3n Ambiental y T\u00e9cnico Superior en Comunicaci\u00f3n Social (Periodista).<\/p>\n<p>&nbsp;<\/p>\n","protected":false},"excerpt":{"rendered":"<p>Por Cristi\u00e1n Frers* &#8211; Las temperaturas globales han estado aumentando constantemente en los \u00faltimos 20 a\u00f1os, y en cada uno &#8230; <a title=\"No le damos credibilidad al Cambio Clim\u00e1tico\" class=\"read-more\" href=\"https:\/\/www.hoymercedes.com.ar\/principal\/2018\/12\/08\/no-le-damos-credibilidad-al-cambio-climatico\/\" aria-label=\"Leer m\u00e1s sobre No le damos credibilidad al Cambio Clim\u00e1tico\">Leer m\u00e1s<\/a><\/p>\n","protected":false},"author":1,"featured_media":80568,"comment_status":"closed","ping_status":"open","sticky":false,"template":"","format":"standard","meta":{"_monsterinsights_skip_tracking":false,"_monsterinsights_sitenote_active":false,"_monsterinsights_sitenote_note":"","_monsterinsights_sitenote_category":0,"jetpack_post_was_ever_published":false,"_jetpack_newsletter_access":"","_jetpack_dont_email_post_to_subs":false,"_jetpack_newsletter_tier_id":0,"_jetpack_memberships_contains_paywalled_content":false,"_jetpack_memberships_contains_paid_content":false,"footnotes":"","jetpack_publicize_message":"","jetpack_publicize_feature_enabled":true,"jetpack_social_post_already_shared":true,"jetpack_social_options":{"image_generator_settings":{"template":"highway","default_image_id":0,"font":"","enabled":false},"version":2},"_wpas_customize_per_network":false},"categories":[1],"tags":[11199,8748],"class_list":["post-85089","post","type-post","status-publish","format-standard","has-post-thumbnail","hentry","category-opinion","tag-medio-ambientes","tag-opinion","generate-columns","tablet-grid-50","mobile-grid-100","grid-parent","grid-50"],"jetpack_publicize_connections":[],"jetpack_featured_media_url":"https:\/\/www.hoymercedes.com.ar\/principal\/wp-content\/uploads\/2018\/09\/03-medio-ambiente.jpg","wps_subtitle":"\"Pretender que el cambio clim\u00e1tico no es real, no har\u00e1 que desaparezca\"","jetpack_sharing_enabled":true,"_links":{"self":[{"href":"https:\/\/www.hoymercedes.com.ar\/principal\/wp-json\/wp\/v2\/posts\/85089","targetHints":{"allow":["GET"]}}],"collection":[{"href":"https:\/\/www.hoymercedes.com.ar\/principal\/wp-json\/wp\/v2\/posts"}],"about":[{"href":"https:\/\/www.hoymercedes.com.ar\/principal\/wp-json\/wp\/v2\/types\/post"}],"author":[{"embeddable":true,"href":"https:\/\/www.hoymercedes.com.ar\/principal\/wp-json\/wp\/v2\/users\/1"}],"replies":[{"embeddable":true,"href":"https:\/\/www.hoymercedes.com.ar\/principal\/wp-json\/wp\/v2\/comments?post=85089"}],"version-history":[{"count":0,"href":"https:\/\/www.hoymercedes.com.ar\/principal\/wp-json\/wp\/v2\/posts\/85089\/revisions"}],"wp:featuredmedia":[{"embeddable":true,"href":"https:\/\/www.hoymercedes.com.ar\/principal\/wp-json\/wp\/v2\/media\/80568"}],"wp:attachment":[{"href":"https:\/\/www.hoymercedes.com.ar\/principal\/wp-json\/wp\/v2\/media?parent=85089"}],"wp:term":[{"taxonomy":"category","embeddable":true,"href":"https:\/\/www.hoymercedes.com.ar\/principal\/wp-json\/wp\/v2\/categories?post=85089"},{"taxonomy":"post_tag","embeddable":true,"href":"https:\/\/www.hoymercedes.com.ar\/principal\/wp-json\/wp\/v2\/tags?post=85089"}],"curies":[{"name":"wp","href":"https:\/\/api.w.org\/{rel}","templated":true}]}}