{"id":85093,"date":"2018-12-07T18:56:12","date_gmt":"2018-12-07T21:56:12","guid":{"rendered":"http:\/\/www.hoymercedes.com.ar\/principal\/?p=85093"},"modified":"2018-12-07T19:02:19","modified_gmt":"2018-12-07T22:02:19","slug":"ezequiel-pais-se-corono-bicampeon-en-pako","status":"publish","type":"post","link":"https:\/\/www.hoymercedes.com.ar\/principal\/2018\/12\/07\/ezequiel-pais-se-corono-bicampeon-en-pako\/","title":{"rendered":"Ezequiel Pais se coron\u00f3 bicampe\u00f3n en PAKO"},"content":{"rendered":"<p class=\"x_gmail-MsoNormalCxSpMiddle\">El primer fin de semana de Diciembre fue el elegido por el Auto Moto Club Lujan para cerrar el certamen 2018 de Pilotos Asociados Karting del Oeste en las instalaciones del Kart\u00f3dromo de la ciudad de Zarate, donde un centenar de pilotos se presentaron en esta \u00faltima fecha del a\u00f1o para formar parte del espect\u00e1culo en el premio coronaci\u00f3n.<\/p>\n<p><img loading=\"lazy\" decoding=\"async\" data-attachment-id=\"85094\" data-permalink=\"https:\/\/www.hoymercedes.com.ar\/principal\/2018\/12\/07\/ezequiel-pais-se-corono-bicampeon-en-pako\/pais-3-2\/#main\" data-orig-file=\"https:\/\/www.hoymercedes.com.ar\/principal\/wp-content\/uploads\/2018\/12\/Pais-3.jpg\" data-orig-size=\"748,512\" data-comments-opened=\"0\" data-image-meta=\"{&quot;aperture&quot;:&quot;0&quot;,&quot;credit&quot;:&quot;&quot;,&quot;camera&quot;:&quot;&quot;,&quot;caption&quot;:&quot;&quot;,&quot;created_timestamp&quot;:&quot;0&quot;,&quot;copyright&quot;:&quot;&quot;,&quot;focal_length&quot;:&quot;0&quot;,&quot;iso&quot;:&quot;0&quot;,&quot;shutter_speed&quot;:&quot;0&quot;,&quot;title&quot;:&quot;&quot;,&quot;orientation&quot;:&quot;1&quot;}\" data-image-title=\"Pais (3)\" data-image-description=\"\" data-image-caption=\"\" data-large-file=\"https:\/\/www.hoymercedes.com.ar\/principal\/wp-content\/uploads\/2018\/12\/Pais-3.jpg\" class=\"aligncenter size-full wp-image-85094\" src=\"https:\/\/www.hoymercedes.com.ar\/principal\/wp-content\/uploads\/2018\/12\/Pais-3.jpg\" alt=\"\" width=\"748\" height=\"512\" srcset=\"https:\/\/www.hoymercedes.com.ar\/principal\/wp-content\/uploads\/2018\/12\/Pais-3.jpg 748w, https:\/\/www.hoymercedes.com.ar\/principal\/wp-content\/uploads\/2018\/12\/Pais-3-150x103.jpg 150w, https:\/\/www.hoymercedes.com.ar\/principal\/wp-content\/uploads\/2018\/12\/Pais-3-630x431.jpg 630w\" sizes=\"auto, (max-width: 748px) 100vw, 748px\" \/><\/p>\n<p class=\"x_gmail-MsoNormalCxSpMiddle\">Ezequiel Pais durante toda la temporada fue uno de los referentes de la divisional\u00a0<b>150 4T<\/b>\u00a0y en esta fecha el piloto mercedino logr\u00f3 otra pole m\u00e1s en su historial.<\/p>\n<p class=\"x_gmail-MsoNormalCxSpMiddle\">En la primera final se vivi\u00f3 una lucha rueda a rueda entre los dos pilotos de la ciudad de Mercedes, Pais y Pablo Ricci, este \u00faltimo finalmente dobleg\u00f3 a su coterr\u00e1neo para llevarse el primer triunfo pero la t\u00e9cnica le dijo no al clasificador. Segundo culmin\u00f3 Pa\u00eds pero hered\u00f3 la victoria en los papeles, \u00a0segundo finaliz\u00f3 el piloto de Roque P\u00e9rez, Ricardo Sal\u00e9 y tercero logrando su primer podio de la temporada fue Mart\u00edn Martos.<\/p>\n<p class=\"x_gmail-MsoNormalCxSpMiddle\">En la segunda carrera Pais se llev\u00f3 nuevamente el triunfo sobre el piloto de Capit\u00e1n Sarmiento, Jairo Rossi que finaliz\u00f3 en el segundo lugar. Tercero y completando el podio el piloto de Lujan Marcelo Lombardo.<\/p>\n<p class=\"x_gmail-MsoNormalCxSpMiddle\">Ezequiel Pais en esta fecha se consagr\u00f3 por segundo a\u00f1o consecutivo Campe\u00f3n en esta divisional.<\/p>\n<p>&nbsp;<\/p>\n<p class=\"x_gmail-MsoNormalCxSpMiddle\"><b>PONTON Y TORRES LAS VICTORIAS,\u00a0<\/b><b>NASELLO EL CAMPEONATO<\/b><\/p>\n<p class=\"x_gmail-MsoNormalCxSpMiddle\">El piloto mercedino, Francisco Ponton fue el poleman a la hora de clasificar en la clase\u00a0<b>Mec\u00e1nica Nacional \u201cC\u201d<\/b>\u00a0y con un marcado potencial se llev\u00f3 una c\u00f3moda victoria en la primera final sobre el piloto lujanense, Juan Pablo Nasello y el volante de la ciudad de Pehuaj\u00f3, M\u00e1ximo Evans.<\/p>\n<p><img loading=\"lazy\" decoding=\"async\" data-attachment-id=\"85095\" data-permalink=\"https:\/\/www.hoymercedes.com.ar\/principal\/2018\/12\/07\/ezequiel-pais-se-corono-bicampeon-en-pako\/ponton-1\/#main\" data-orig-file=\"https:\/\/www.hoymercedes.com.ar\/principal\/wp-content\/uploads\/2018\/12\/Ponton-1.jpg\" data-orig-size=\"748,512\" data-comments-opened=\"0\" data-image-meta=\"{&quot;aperture&quot;:&quot;4.8&quot;,&quot;credit&quot;:&quot;Laura Baltieri&quot;,&quot;camera&quot;:&quot;NIKON D610&quot;,&quot;caption&quot;:&quot;&quot;,&quot;created_timestamp&quot;:&quot;1543757492&quot;,&quot;copyright&quot;:&quot;Laura Baltieri&quot;,&quot;focal_length&quot;:&quot;200&quot;,&quot;iso&quot;:&quot;250&quot;,&quot;shutter_speed&quot;:&quot;0.0003125&quot;,&quot;title&quot;:&quot;&quot;,&quot;orientation&quot;:&quot;1&quot;}\" data-image-title=\"Ponton (1)\" data-image-description=\"\" data-image-caption=\"\" data-large-file=\"https:\/\/www.hoymercedes.com.ar\/principal\/wp-content\/uploads\/2018\/12\/Ponton-1.jpg\" class=\"aligncenter size-full wp-image-85095\" src=\"https:\/\/www.hoymercedes.com.ar\/principal\/wp-content\/uploads\/2018\/12\/Ponton-1.jpg\" alt=\"\" width=\"748\" height=\"512\" srcset=\"https:\/\/www.hoymercedes.com.ar\/principal\/wp-content\/uploads\/2018\/12\/Ponton-1.jpg 748w, https:\/\/www.hoymercedes.com.ar\/principal\/wp-content\/uploads\/2018\/12\/Ponton-1-150x103.jpg 150w, https:\/\/www.hoymercedes.com.ar\/principal\/wp-content\/uploads\/2018\/12\/Ponton-1-630x431.jpg 630w\" sizes=\"auto, (max-width: 748px) 100vw, 748px\" \/><\/p>\n<p class=\"x_gmail-MsoNormalCxSpMiddle\">En la segunda final de la jornada el piloto de la ciudad de Pacheco, Franco Saracho marc\u00f3 el camino desde la partida y mantuvo el liderazgo por gran parte de la competencia, donde sobre el final de la misma es superado con una maniobra \u201cquir\u00fargica\u201d por el piloto de Hurlingham, Enzo Torres quien se llevaba el \u00faltimo triunfo del a\u00f1o. Saracho se retrasaba al cuarto lugar por el ajustado pelot\u00f3n. El banderazo final dio como ganador a Torres y a M\u00e1ximo Evans y Valentino Porto en el segundo y tercer lugar del clasificador. El t\u00edtulo de Campe\u00f3n qued\u00f3 en manos del piloto de la ciudad de Lujan, Juan Pablo Nasello.<\/p>\n<p class=\"x_gmail-MsoNormalCxSpMiddle\"><b>SIMIONATO Y AG\u00dcERO LAS CARRERAS,\u00a0<\/b><b>FUNES EL CAMPEONATO<\/b><\/p>\n<p class=\"x_gmail-MsoNormalCxSpMiddle\">El volante de la ciudad de Mercedes, Valentino Simionato fue quien marc\u00f3 la pole en la ajustada clasificaci\u00f3n de la categor\u00eda\u00a0<b>Mec\u00e1nica Nacional \u201cA\u201d<\/b>. El mercedino tambi\u00e9n se alz\u00f3 con la primera final de la tarde con suma comodidad sobre su inmediata seguidora, la piloto de la ciudad de Lezama, Valentina Funes. Tercero fue el piloto de Jos\u00e9 C. Paz, Nahuel Ag\u00fcero.<\/p>\n<p><img loading=\"lazy\" decoding=\"async\" data-attachment-id=\"85096\" data-permalink=\"https:\/\/www.hoymercedes.com.ar\/principal\/2018\/12\/07\/ezequiel-pais-se-corono-bicampeon-en-pako\/simionato-2\/#main\" data-orig-file=\"https:\/\/www.hoymercedes.com.ar\/principal\/wp-content\/uploads\/2018\/12\/Simionato-2.jpg\" data-orig-size=\"748,512\" data-comments-opened=\"0\" data-image-meta=\"{&quot;aperture&quot;:&quot;0&quot;,&quot;credit&quot;:&quot;&quot;,&quot;camera&quot;:&quot;&quot;,&quot;caption&quot;:&quot;&quot;,&quot;created_timestamp&quot;:&quot;0&quot;,&quot;copyright&quot;:&quot;&quot;,&quot;focal_length&quot;:&quot;0&quot;,&quot;iso&quot;:&quot;0&quot;,&quot;shutter_speed&quot;:&quot;0&quot;,&quot;title&quot;:&quot;&quot;,&quot;orientation&quot;:&quot;1&quot;}\" data-image-title=\"Simionato (2)\" data-image-description=\"\" data-image-caption=\"\" data-large-file=\"https:\/\/www.hoymercedes.com.ar\/principal\/wp-content\/uploads\/2018\/12\/Simionato-2.jpg\" class=\"aligncenter size-full wp-image-85096\" src=\"https:\/\/www.hoymercedes.com.ar\/principal\/wp-content\/uploads\/2018\/12\/Simionato-2.jpg\" alt=\"\" width=\"748\" height=\"512\" srcset=\"https:\/\/www.hoymercedes.com.ar\/principal\/wp-content\/uploads\/2018\/12\/Simionato-2.jpg 748w, https:\/\/www.hoymercedes.com.ar\/principal\/wp-content\/uploads\/2018\/12\/Simionato-2-150x103.jpg 150w, https:\/\/www.hoymercedes.com.ar\/principal\/wp-content\/uploads\/2018\/12\/Simionato-2-630x431.jpg 630w\" sizes=\"auto, (max-width: 748px) 100vw, 748px\" \/><\/p>\n<p class=\"x_gmail-MsoNormalCxSpMiddle\">En la segunda final Ag\u00fcero se tom\u00f3 revancha y se llev\u00f3 una merecida victoria sobre el segundo, el piloto de la ciudad de Salto, Gianni Di Mantova. Tercero finaliz\u00f3 el piloto de Arrecifes, Francisco Pontaquarto.<\/p>\n<p class=\"x_gmail-MsoNormalCxSpMiddle\">El Campeonato qued\u00f3 para la dama de la categor\u00eda, Valentina Funes.<\/p>\n","protected":false},"excerpt":{"rendered":"<p>El primer fin de semana de Diciembre fue el elegido por el Auto Moto Club Lujan para cerrar el certamen &#8230; <a title=\"Ezequiel Pais se coron\u00f3 bicampe\u00f3n en PAKO\" class=\"read-more\" href=\"https:\/\/www.hoymercedes.com.ar\/principal\/2018\/12\/07\/ezequiel-pais-se-corono-bicampeon-en-pako\/\" aria-label=\"Leer m\u00e1s sobre Ezequiel Pais se coron\u00f3 bicampe\u00f3n en PAKO\">Leer m\u00e1s<\/a><\/p>\n","protected":false},"author":1,"featured_media":85094,"comment_status":"closed","ping_status":"open","sticky":false,"template":"","format":"standard","meta":{"_monsterinsights_skip_tracking":false,"_monsterinsights_sitenote_active":false,"_monsterinsights_sitenote_note":"","_monsterinsights_sitenote_category":0,"jetpack_post_was_ever_published":false,"_jetpack_newsletter_access":"","_jetpack_dont_email_post_to_subs":false,"_jetpack_newsletter_tier_id":0,"_jetpack_memberships_contains_paywalled_content":false,"_jetpack_memberships_contains_paid_content":false,"footnotes":"","jetpack_publicize_message":"","jetpack_publicize_feature_enabled":true,"jetpack_social_post_already_shared":true,"jetpack_social_options":{"image_generator_settings":{"template":"highway","default_image_id":0,"font":"","enabled":false},"version":2},"_wpas_customize_per_network":false},"categories":[21],"tags":[204,9910,9037,8721],"class_list":["post-85093","post","type-post","status-publish","format-standard","has-post-thumbnail","hentry","category-deportes","tag-deportes-2","tag-ezequiel-pais","tag-karting","tag-pako","generate-columns","tablet-grid-50","mobile-grid-100","grid-parent","grid-50"],"jetpack_publicize_connections":[],"jetpack_featured_media_url":"https:\/\/www.hoymercedes.com.ar\/principal\/wp-content\/uploads\/2018\/12\/Pais-3.jpg","wps_subtitle":"Karting","jetpack_sharing_enabled":true,"jetpack-related-posts":[{"id":122302,"url":"https:\/\/www.hoymercedes.com.ar\/principal\/2020\/12\/23\/fin-de-semana-con-actividad-para-los-pilotos-mercedinos-en-karting\/","url_meta":{"origin":85093,"position":0},"title":"Fin de semana con actividad para los pilotos mercedinos en karting","author":"hoymercedes","date":"23 diciembre, 2020","format":false,"excerpt":"Tanto en Z\u00e1rate como en el aut\u00f3dromo Oscar y Alfredo G\u00e1lvez de la Ciudad de Buenos Aires hubo actividad de karting y pilotos mercedinos participantes. En la Capital Federal, Francisco Pont\u00f3n dio el presente en el Sudamericano IRMC a bordo de un karting del equipo Solid. Pont\u00f3n, que fue tercero\u2026","rel":"","context":"En \u00abDeportes\u00bb","block_context":{"text":"Deportes","link":"https:\/\/www.hoymercedes.com.ar\/principal\/category\/deportes\/"},"img":{"alt_text":"","src":"https:\/\/i0.wp.com\/www.hoymercedes.com.ar\/principal\/wp-content\/uploads\/2020\/12\/Pancho-Ponton.jpg?resize=350%2C200&ssl=1","width":350,"height":200,"srcset":"https:\/\/i0.wp.com\/www.hoymercedes.com.ar\/principal\/wp-content\/uploads\/2020\/12\/Pancho-Ponton.jpg?resize=350%2C200&ssl=1 1x, https:\/\/i0.wp.com\/www.hoymercedes.com.ar\/principal\/wp-content\/uploads\/2020\/12\/Pancho-Ponton.jpg?resize=525%2C300&ssl=1 1.5x"},"classes":[]},{"id":49844,"url":"https:\/\/www.hoymercedes.com.ar\/principal\/2016\/05\/13\/ezequiel-pais-y-pablo-ricci-se-destacaron-en-pako\/","url_meta":{"origin":85093,"position":1},"title":"Ezequiel Pais y Pablo Ricci se destacaron en PAKO","author":"hoymercedes","date":"13 mayo, 2016","format":false,"excerpt":"Por Daniel Biorci \/ Una excelente jornada a puro karting se vivi\u00f3 este fin de semana en el kart\u00f3dromo de la ciudad de Z\u00e1rate con la tercera fecha del certamen anual de P.A.K.O. Los buenos trabajos que realiza la comisi\u00f3n de Pilotos Asociados del Karting del Oeste se ven reflejados\u2026","rel":"","context":"En \u00abDeportes\u00bb","block_context":{"text":"Deportes","link":"https:\/\/www.hoymercedes.com.ar\/principal\/category\/deportes\/"},"img":{"alt_text":"","src":"https:\/\/i0.wp.com\/www.hoymercedes.com.ar\/principal\/wp-content\/uploads\/2016\/05\/13-karting-Pais.jpg?resize=350%2C200&ssl=1","width":350,"height":200},"classes":[]},{"id":163368,"url":"https:\/\/www.hoymercedes.com.ar\/principal\/2023\/06\/15\/karting-luca-ilariucci-se-sube-al-podio-en-zarate\/","url_meta":{"origin":85093,"position":2},"title":"Karting: Luca Ilariucci se sube al podio en Z\u00e1rate\u00a0","author":"hoymercedes","date":"15 junio, 2023","format":false,"excerpt":"El mercedino particip\u00f3 en la cuarta fecha del campeonato de la categor\u00eda Kartplus. Logr\u00f3 quedarse con la primera posici\u00f3n de la divisional \u201cJunior\u201d logrando as\u00ed su primera victoria en la categor\u00eda. El pasado fin de semana se llev\u00f3 a cabo, con presencia mercedina, la cuarta fecha del campeonato de la\u2026","rel":"","context":"En \u00abDeportes\u00bb","block_context":{"text":"Deportes","link":"https:\/\/www.hoymercedes.com.ar\/principal\/category\/deportes\/"},"img":{"alt_text":"","src":"https:\/\/i0.wp.com\/www.hoymercedes.com.ar\/principal\/wp-content\/uploads\/2023\/06\/pako-1206.jpg?resize=350%2C200&ssl=1","width":350,"height":200,"srcset":"https:\/\/i0.wp.com\/www.hoymercedes.com.ar\/principal\/wp-content\/uploads\/2023\/06\/pako-1206.jpg?resize=350%2C200&ssl=1 1x, https:\/\/i0.wp.com\/www.hoymercedes.com.ar\/principal\/wp-content\/uploads\/2023\/06\/pako-1206.jpg?resize=525%2C300&ssl=1 1.5x, https:\/\/i0.wp.com\/www.hoymercedes.com.ar\/principal\/wp-content\/uploads\/2023\/06\/pako-1206.jpg?resize=700%2C400&ssl=1 2x"},"classes":[]},{"id":53673,"url":"https:\/\/www.hoymercedes.com.ar\/principal\/2016\/08\/19\/pais-el-mejor-en-pako\/","url_meta":{"origin":85093,"position":3},"title":"Pais, el mejor en PAKO","author":"hoymercedes","date":"19 agosto, 2016","format":false,"excerpt":"Por Daniel Biorci. Este fin de semana largo fue a puro karting en el kart\u00f3dromo de la Ciudad de Buenos Aires que se visti\u00f3 de fiesta para recibir la sexta fecha de Pilotos Asociados del Karting del Oeste. Cerca de un centenar y medio de pilotos de varios rincones del\u2026","rel":"","context":"En \u00abDeportes\u00bb","block_context":{"text":"Deportes","link":"https:\/\/www.hoymercedes.com.ar\/principal\/category\/deportes\/"},"img":{"alt_text":"","src":"https:\/\/i0.wp.com\/www.hoymercedes.com.ar\/principal\/wp-content\/uploads\/2016\/08\/Pais.jpg?resize=350%2C200&ssl=1","width":350,"height":200,"srcset":"https:\/\/i0.wp.com\/www.hoymercedes.com.ar\/principal\/wp-content\/uploads\/2016\/08\/Pais.jpg?resize=350%2C200&ssl=1 1x, https:\/\/i0.wp.com\/www.hoymercedes.com.ar\/principal\/wp-content\/uploads\/2016\/08\/Pais.jpg?resize=525%2C300&ssl=1 1.5x, https:\/\/i0.wp.com\/www.hoymercedes.com.ar\/principal\/wp-content\/uploads\/2016\/08\/Pais.jpg?resize=700%2C400&ssl=1 2x"},"classes":[]},{"id":60721,"url":"https:\/\/www.hoymercedes.com.ar\/principal\/2017\/03\/17\/buena-actuacion-mercedina-en-el-debut-de-pako\/","url_meta":{"origin":85093,"position":4},"title":"Buena actuaci\u00f3n mercedina en el debut de PAKO","author":"hoymercedes","date":"17 marzo, 2017","format":false,"excerpt":"Este fin de semana P.A.K.O. realiz\u00f3 su primera fecha del torneo anual en el coliseo porte\u00f1o. Una gran concurrencia de p\u00fablico asisti\u00f3 para disfrutar de un buen espect\u00e1culo al cual un centenar y medio de pilotos se dieron cita para esta primera presentaci\u00f3n del certamen. El gran inter\u00e9s que origina\u2026","rel":"","context":"En \u00abDestacado\u00bb","block_context":{"text":"Destacado","link":"https:\/\/www.hoymercedes.com.ar\/principal\/category\/destacado\/"},"img":{"alt_text":"","src":"https:\/\/i0.wp.com\/www.hoymercedes.com.ar\/principal\/wp-content\/uploads\/2017\/03\/Ilariucci-1.jpg?resize=350%2C200&ssl=1","width":350,"height":200,"srcset":"https:\/\/i0.wp.com\/www.hoymercedes.com.ar\/principal\/wp-content\/uploads\/2017\/03\/Ilariucci-1.jpg?resize=350%2C200&ssl=1 1x, https:\/\/i0.wp.com\/www.hoymercedes.com.ar\/principal\/wp-content\/uploads\/2017\/03\/Ilariucci-1.jpg?resize=525%2C300&ssl=1 1.5x, https:\/\/i0.wp.com\/www.hoymercedes.com.ar\/principal\/wp-content\/uploads\/2017\/03\/Ilariucci-1.jpg?resize=700%2C400&ssl=1 2x"},"classes":[]},{"id":155680,"url":"https:\/\/www.hoymercedes.com.ar\/principal\/2022\/11\/22\/pako-triunfos-para-varios-mercedinos\/","url_meta":{"origin":85093,"position":5},"title":"Pako: Triunfos para varios mercedinos\u00a0\u00a0","author":"hoymercedes","date":"22 noviembre, 2022","format":false,"excerpt":"El Pato Ilariucci venci\u00f3 en la Mec\u00e1nica nacional Light, Pablo Ricci en la 150 4T, Ezequiel Pais en la 150 4T Master y Valentino Simionato en la Super Pako.\u00a0","rel":"","context":"En \u00abDeportes\u00bb","block_context":{"text":"Deportes","link":"https:\/\/www.hoymercedes.com.ar\/principal\/category\/deportes\/"},"img":{"alt_text":"","src":"https:\/\/i0.wp.com\/www.hoymercedes.com.ar\/principal\/wp-content\/uploads\/2022\/11\/pako-2111.jpeg?resize=350%2C200&ssl=1","width":350,"height":200,"srcset":"https:\/\/i0.wp.com\/www.hoymercedes.com.ar\/principal\/wp-content\/uploads\/2022\/11\/pako-2111.jpeg?resize=350%2C200&ssl=1 1x, https:\/\/i0.wp.com\/www.hoymercedes.com.ar\/principal\/wp-content\/uploads\/2022\/11\/pako-2111.jpeg?resize=525%2C300&ssl=1 1.5x, https:\/\/i0.wp.com\/www.hoymercedes.com.ar\/principal\/wp-content\/uploads\/2022\/11\/pako-2111.jpeg?resize=700%2C400&ssl=1 2x"},"classes":[]}],"_links":{"self":[{"href":"https:\/\/www.hoymercedes.com.ar\/principal\/wp-json\/wp\/v2\/posts\/85093","targetHints":{"allow":["GET"]}}],"collection":[{"href":"https:\/\/www.hoymercedes.com.ar\/principal\/wp-json\/wp\/v2\/posts"}],"about":[{"href":"https:\/\/www.hoymercedes.com.ar\/principal\/wp-json\/wp\/v2\/types\/post"}],"author":[{"embeddable":true,"href":"https:\/\/www.hoymercedes.com.ar\/principal\/wp-json\/wp\/v2\/users\/1"}],"replies":[{"embeddable":true,"href":"https:\/\/www.hoymercedes.com.ar\/principal\/wp-json\/wp\/v2\/comments?post=85093"}],"version-history":[{"count":0,"href":"https:\/\/www.hoymercedes.com.ar\/principal\/wp-json\/wp\/v2\/posts\/85093\/revisions"}],"wp:featuredmedia":[{"embeddable":true,"href":"https:\/\/www.hoymercedes.com.ar\/principal\/wp-json\/wp\/v2\/media\/85094"}],"wp:attachment":[{"href":"https:\/\/www.hoymercedes.com.ar\/principal\/wp-json\/wp\/v2\/media?parent=85093"}],"wp:term":[{"taxonomy":"category","embeddable":true,"href":"https:\/\/www.hoymercedes.com.ar\/principal\/wp-json\/wp\/v2\/categories?post=85093"},{"taxonomy":"post_tag","embeddable":true,"href":"https:\/\/www.hoymercedes.com.ar\/principal\/wp-json\/wp\/v2\/tags?post=85093"}],"curies":[{"name":"wp","href":"https:\/\/api.w.org\/{rel}","templated":true}]}}