{"id":85098,"date":"2018-12-07T19:43:49","date_gmt":"2018-12-07T22:43:49","guid":{"rendered":"http:\/\/www.hoymercedes.com.ar\/principal\/?p=85098"},"modified":"2018-12-09T13:32:01","modified_gmt":"2018-12-09T16:32:01","slug":"el-independiente-petrolero-del-chinchu-rodriguez-protesto-al-equipo-que-lo-elimino","status":"publish","type":"post","link":"https:\/\/www.hoymercedes.com.ar\/principal\/2018\/12\/07\/el-independiente-petrolero-del-chinchu-rodriguez-protesto-al-equipo-que-lo-elimino\/","title":{"rendered":"El Independiente Petrolero del \u00abChinchu\u00bb Rodriguez protest\u00f3 al equipo que lo elimin\u00f3"},"content":{"rendered":"<p><strong>correodelsur.com<\/strong> Tras quedar eliminado de la Copa Sim\u00f3n Bol\u00edvar, Independiente decidi\u00f3 impugnar el partido que jug\u00f3 el reciente domingo contra Avil\u00e9s Industrial de Tarija y pidi\u00f3 ser declarado finalista argumentando que su rival fue habilitado ilegalmente al torneo.<\/p>\n<p><img loading=\"lazy\" decoding=\"async\" data-attachment-id=\"85107\" data-permalink=\"https:\/\/www.hoymercedes.com.ar\/principal\/2018\/12\/07\/el-independiente-petrolero-del-chinchu-rodriguez-protesto-al-equipo-que-lo-elimino\/independiente-petrolero-de-sucre\/#main\" data-orig-file=\"https:\/\/www.hoymercedes.com.ar\/principal\/wp-content\/uploads\/2018\/12\/Independiente-Petrolero-de-Sucre.jpg\" data-orig-size=\"916,578\" data-comments-opened=\"0\" data-image-meta=\"{&quot;aperture&quot;:&quot;0&quot;,&quot;credit&quot;:&quot;&quot;,&quot;camera&quot;:&quot;&quot;,&quot;caption&quot;:&quot;&quot;,&quot;created_timestamp&quot;:&quot;0&quot;,&quot;copyright&quot;:&quot;&quot;,&quot;focal_length&quot;:&quot;0&quot;,&quot;iso&quot;:&quot;0&quot;,&quot;shutter_speed&quot;:&quot;0&quot;,&quot;title&quot;:&quot;&quot;,&quot;orientation&quot;:&quot;1&quot;}\" data-image-title=\"Independiente Petrolero de Sucre\" data-image-description=\"\" data-image-caption=\"\" data-large-file=\"https:\/\/www.hoymercedes.com.ar\/principal\/wp-content\/uploads\/2018\/12\/Independiente-Petrolero-de-Sucre.jpg\" class=\"aligncenter size-full wp-image-85107\" src=\"https:\/\/www.hoymercedes.com.ar\/principal\/wp-content\/uploads\/2018\/12\/Independiente-Petrolero-de-Sucre.jpg\" alt=\"\" width=\"916\" height=\"578\" srcset=\"https:\/\/www.hoymercedes.com.ar\/principal\/wp-content\/uploads\/2018\/12\/Independiente-Petrolero-de-Sucre.jpg 916w, https:\/\/www.hoymercedes.com.ar\/principal\/wp-content\/uploads\/2018\/12\/Independiente-Petrolero-de-Sucre-150x95.jpg 150w, https:\/\/www.hoymercedes.com.ar\/principal\/wp-content\/uploads\/2018\/12\/Independiente-Petrolero-de-Sucre-630x398.jpg 630w\" sizes=\"auto, (max-width: 916px) 100vw, 916px\" \/><\/p>\n<p>El cuadro capitalino argumenta que Avil\u00e9s Industrial sali\u00f3 tercero en el torneo de la Asociaci\u00f3n Tarije\u00f1a de F\u00fatbol, siendo el campeonato solamente para campeones y subcampeones, no as\u00ed para invitados (Atl\u00e9tico Bermejo fue primero y Petrolero de Yacuiba fue segundo), inform\u00f3 el presidente del club, Jhonny Valera.<\/p>\n<p>Asimismo, Independiente en su petitorio observa que el equipo tarije\u00f1o no pag\u00f3 puntualmente los \u201cbordereaux\u201d en la fase de grupos, extremo que consta en una impugnaci\u00f3n anterior que hizo el cuadro de Deportivo Alem\u00e1n.<\/p>\n<p>La dirigencia inform\u00f3 que la Federaci\u00f3n Boliviana de F\u00fatbol tiene 48 horas para pronunciarse sobre el tema. El abogado V\u00edctor Hugo P\u00e9rez est\u00e1 representando al club chuquisaque\u00f1o.<\/p>\n<p>Independiente empat\u00f3 el domingo 1-1 con Industrial, resultado que le impidi\u00f3 clasificar a la final de la Copa Sim\u00f3n Bol\u00edvar, porque en el cotejo de ida perdi\u00f3 3-2. El otro equipo clasificado a la final es Always Ready.<\/p>\n","protected":false},"excerpt":{"rendered":"<p>correodelsur.com Tras quedar eliminado de la Copa Sim\u00f3n Bol\u00edvar, Independiente decidi\u00f3 impugnar el partido que jug\u00f3 el reciente domingo contra &#8230; <a title=\"El Independiente Petrolero del \u00abChinchu\u00bb Rodriguez protest\u00f3 al equipo que lo elimin\u00f3\" class=\"read-more\" href=\"https:\/\/www.hoymercedes.com.ar\/principal\/2018\/12\/07\/el-independiente-petrolero-del-chinchu-rodriguez-protesto-al-equipo-que-lo-elimino\/\" aria-label=\"Leer m\u00e1s sobre El Independiente Petrolero del \u00abChinchu\u00bb Rodriguez protest\u00f3 al equipo que lo elimin\u00f3\">Leer m\u00e1s<\/a><\/p>\n","protected":false},"author":1,"featured_media":85107,"comment_status":"closed","ping_status":"open","sticky":false,"template":"","format":"standard","meta":{"_monsterinsights_skip_tracking":false,"_monsterinsights_sitenote_active":false,"_monsterinsights_sitenote_note":"","_monsterinsights_sitenote_category":0,"jetpack_post_was_ever_published":false,"_jetpack_newsletter_access":"","_jetpack_dont_email_post_to_subs":false,"_jetpack_newsletter_tier_id":0,"_jetpack_memberships_contains_paywalled_content":false,"_jetpack_memberships_contains_paid_content":false,"footnotes":"","jetpack_publicize_message":"","jetpack_publicize_feature_enabled":true,"jetpack_social_post_already_shared":true,"jetpack_social_options":{"image_generator_settings":{"template":"highway","default_image_id":0,"font":"","enabled":false},"version":2},"_wpas_customize_per_network":false},"categories":[21],"tags":[13465,204,1003,14183,7582],"class_list":["post-85098","post","type-post","status-publish","format-standard","has-post-thumbnail","hentry","category-deportes","tag-chinchu-rodriguez","tag-deportes-2","tag-futbol","tag-independiente-petrolero","tag-la-legion","generate-columns","tablet-grid-50","mobile-grid-100","grid-parent","grid-50"],"jetpack_publicize_connections":[],"jetpack_featured_media_url":"https:\/\/www.hoymercedes.com.ar\/principal\/wp-content\/uploads\/2018\/12\/Independiente-Petrolero-de-Sucre.jpg","wps_subtitle":"La Legi\u00f3n","jetpack_sharing_enabled":true,"jetpack-related-posts":[{"id":82332,"url":"https:\/\/www.hoymercedes.com.ar\/principal\/2018\/10\/12\/gol-de-chinchu-rodriguez-para-que-independiente-petrolero-siga-pensando-en-el-ascenso-video\/","url_meta":{"origin":85098,"position":0},"title":"Gol de \u00abChinchu\u00bb Rodr\u00edguez para que Independiente Petrolero siga pensando en el ascenso (video)","author":"hoymercedes","date":"12 octubre, 2018","format":false,"excerpt":"El Pa\u00eds (Bolivia).\u00a0El elenco tarije\u00f1o de Avil\u00e9s Industrial no pudo mantener el 1-0 a favor y al final Independiente de Sucre reverti\u00f3 el marcador para quedarse con tres puntos valiosos que le permite ser el nuevo l\u00edder del grupo \u201cC\u201d con 20 puntos. El partido se disput\u00f3 este mi\u00e9rcoles en\u2026","rel":"","context":"En \u00abDeportes\u00bb","block_context":{"text":"Deportes","link":"https:\/\/www.hoymercedes.com.ar\/principal\/category\/deportes\/"},"img":{"alt_text":"","src":"https:\/\/i0.wp.com\/www.hoymercedes.com.ar\/principal\/wp-content\/uploads\/2018\/10\/Esteban-Rodriguez-Independiente-Industrial.jpg?resize=350%2C200&ssl=1","width":350,"height":200,"srcset":"https:\/\/i0.wp.com\/www.hoymercedes.com.ar\/principal\/wp-content\/uploads\/2018\/10\/Esteban-Rodriguez-Independiente-Industrial.jpg?resize=350%2C200&ssl=1 1x, https:\/\/i0.wp.com\/www.hoymercedes.com.ar\/principal\/wp-content\/uploads\/2018\/10\/Esteban-Rodriguez-Independiente-Industrial.jpg?resize=525%2C300&ssl=1 1.5x"},"classes":[]},{"id":80242,"url":"https:\/\/www.hoymercedes.com.ar\/principal\/2018\/08\/25\/gol-de-chinchu-rodriguez-en-el-amistoso-de-independiente-de-sucre-ante-aleman\/","url_meta":{"origin":85098,"position":1},"title":"Gol de \u00abChinchu\u00bb Rodr\u00edguez en el amistoso de Independiente de Sucre ante Alem\u00e1n","author":"hoymercedes","date":"25 agosto, 2018","format":false,"excerpt":"Independiente Petrolero de Sucre se sigue preparando para jugar la Copa Sim\u00f3n Bolivar y volvi\u00f3 a ganar en un amistoso. Fue 3 a 0 ante Deportivo Alem\u00e1n, con un gol del mercedino Esteban Rodr\u00edguez, que marc\u00f3 el primero de la cuenta de su equipo. En su primera aproximaci\u00f3n al arco\u2026","rel":"","context":"En \u00abDeportes\u00bb","block_context":{"text":"Deportes","link":"https:\/\/www.hoymercedes.com.ar\/principal\/category\/deportes\/"},"img":{"alt_text":"","src":"https:\/\/i0.wp.com\/www.hoymercedes.com.ar\/principal\/wp-content\/uploads\/2018\/08\/Esteban-Rodriguez-Independiente-Deportivo-Aleman.jpg?resize=350%2C200&ssl=1","width":350,"height":200,"srcset":"https:\/\/i0.wp.com\/www.hoymercedes.com.ar\/principal\/wp-content\/uploads\/2018\/08\/Esteban-Rodriguez-Independiente-Deportivo-Aleman.jpg?resize=350%2C200&ssl=1 1x, https:\/\/i0.wp.com\/www.hoymercedes.com.ar\/principal\/wp-content\/uploads\/2018\/08\/Esteban-Rodriguez-Independiente-Deportivo-Aleman.jpg?resize=525%2C300&ssl=1 1.5x, https:\/\/i0.wp.com\/www.hoymercedes.com.ar\/principal\/wp-content\/uploads\/2018\/08\/Esteban-Rodriguez-Independiente-Deportivo-Aleman.jpg?resize=700%2C400&ssl=1 2x"},"classes":[]},{"id":75348,"url":"https:\/\/www.hoymercedes.com.ar\/principal\/2018\/05\/04\/esteban-chinchu-rodriguez-debuto-en-bolivia\/","url_meta":{"origin":85098,"position":2},"title":"Esteban \u00abChinchu\u00bb Rodr\u00edguez debut\u00f3 en Bolivia (video)","author":"hoymercedes","date":"4 mayo, 2018","format":false,"excerpt":"Tras una buena primera rueda en el Federal B 2017 y una segunda sin tanto protagonismo, y luego de participar con V\u00e9lez en este verano en el Federaci\u00f3n Norte, el futuro de Esteban Rodr\u00edguez, de 22 a\u00f1os, continuar\u00e1 en el exterior. El volante ofensivo, con paso por Racing, Nueva Chicago,\u2026","rel":"","context":"En \u00abDeportes\u00bb","block_context":{"text":"Deportes","link":"https:\/\/www.hoymercedes.com.ar\/principal\/category\/deportes\/"},"img":{"alt_text":"","src":"https:\/\/i0.wp.com\/www.hoymercedes.com.ar\/principal\/wp-content\/uploads\/2018\/05\/Chinchu-Rodriguez-Bolivia-3.jpg?resize=350%2C200&ssl=1","width":350,"height":200,"srcset":"https:\/\/i0.wp.com\/www.hoymercedes.com.ar\/principal\/wp-content\/uploads\/2018\/05\/Chinchu-Rodriguez-Bolivia-3.jpg?resize=350%2C200&ssl=1 1x, https:\/\/i0.wp.com\/www.hoymercedes.com.ar\/principal\/wp-content\/uploads\/2018\/05\/Chinchu-Rodriguez-Bolivia-3.jpg?resize=525%2C300&ssl=1 1.5x, https:\/\/i0.wp.com\/www.hoymercedes.com.ar\/principal\/wp-content\/uploads\/2018\/05\/Chinchu-Rodriguez-Bolivia-3.jpg?resize=700%2C400&ssl=1 2x"},"classes":[]},{"id":79166,"url":"https:\/\/www.hoymercedes.com.ar\/principal\/2018\/07\/31\/el-independiente-de-chinchu-rodriguez-se-prepara-para-el-ascenso\/","url_meta":{"origin":85098,"position":3},"title":"El Independiente de \u00abChinchu\u00bb Rodr\u00edguez se prepara para el ascenso","author":"hoymercedes","date":"31 julio, 2018","format":false,"excerpt":"Paginasiete.bo Independiente Petrolero de Sucre comenz\u00f3 a rearmar las l\u00edneas para enfrentar la Copa Sim\u00f3n Bol\u00edvar que comenzar\u00e1 a jugarse a partir el 1 de septiembre con la participaci\u00f3n de m\u00e1s de 10 equipos que \u00a0buscan el ascenso al f\u00fatbol rentado. El campe\u00f3n de este torneo tiene el acceso directo\u2026","rel":"","context":"En \u00abDeportes\u00bb","block_context":{"text":"Deportes","link":"https:\/\/www.hoymercedes.com.ar\/principal\/category\/deportes\/"},"img":{"alt_text":"","src":"https:\/\/i0.wp.com\/www.hoymercedes.com.ar\/principal\/wp-content\/uploads\/2018\/07\/Esteban-Rodriguez-Independiente-Campe%C3%B3n-2.jpg?resize=350%2C200&ssl=1","width":350,"height":200,"srcset":"https:\/\/i0.wp.com\/www.hoymercedes.com.ar\/principal\/wp-content\/uploads\/2018\/07\/Esteban-Rodriguez-Independiente-Campe%C3%B3n-2.jpg?resize=350%2C200&ssl=1 1x, https:\/\/i0.wp.com\/www.hoymercedes.com.ar\/principal\/wp-content\/uploads\/2018\/07\/Esteban-Rodriguez-Independiente-Campe%C3%B3n-2.jpg?resize=525%2C300&ssl=1 1.5x, https:\/\/i0.wp.com\/www.hoymercedes.com.ar\/principal\/wp-content\/uploads\/2018\/07\/Esteban-Rodriguez-Independiente-Campe%C3%B3n-2.jpg?resize=700%2C400&ssl=1 2x"},"classes":[]},{"id":79754,"url":"https:\/\/www.hoymercedes.com.ar\/principal\/2018\/08\/13\/el-chinchu-rodriguez-ya-conoce-a-sus-rivales-en-la-copa-simon-bolivar\/","url_meta":{"origin":85098,"position":4},"title":"El \u00abChinchu\u00bb Rodr\u00edguez ya conoce a sus rivales en la Copa Sim\u00f3n Bolivar","author":"hoymercedes","date":"13 agosto, 2018","format":false,"excerpt":"correodelsur.com Independiente debutar\u00e1 como local y Deportivo Alem\u00e1n como visitante, seg\u00fan el rol de partidos aprobados ayer por el comit\u00e9 t\u00e9cnico de la Federaci\u00f3n Boliviana de F\u00fatbol (FBF). Los representantes chuquisaque\u00f1os forman parte del Grupo del Sur de la Copa Sim\u00f3n Bol\u00edvar, que arrancar\u00e1 en septiembre. Despu\u00e9s de varios tires\u2026","rel":"","context":"En \u00abDeportes\u00bb","block_context":{"text":"Deportes","link":"https:\/\/www.hoymercedes.com.ar\/principal\/category\/deportes\/"},"img":{"alt_text":"","src":"https:\/\/i0.wp.com\/www.hoymercedes.com.ar\/principal\/wp-content\/uploads\/2018\/08\/Esteban-Rodriguez-Independiente-JDCT.jpg?resize=350%2C200&ssl=1","width":350,"height":200,"srcset":"https:\/\/i0.wp.com\/www.hoymercedes.com.ar\/principal\/wp-content\/uploads\/2018\/08\/Esteban-Rodriguez-Independiente-JDCT.jpg?resize=350%2C200&ssl=1 1x, https:\/\/i0.wp.com\/www.hoymercedes.com.ar\/principal\/wp-content\/uploads\/2018\/08\/Esteban-Rodriguez-Independiente-JDCT.jpg?resize=525%2C300&ssl=1 1.5x, https:\/\/i0.wp.com\/www.hoymercedes.com.ar\/principal\/wp-content\/uploads\/2018\/08\/Esteban-Rodriguez-Independiente-JDCT.jpg?resize=700%2C400&ssl=1 2x"},"classes":[]},{"id":84248,"url":"https:\/\/www.hoymercedes.com.ar\/principal\/2018\/11\/21\/chinchu-rodriguez-sigue-peleando-por-el-ascenso-en-bolivia\/","url_meta":{"origin":85098,"position":5},"title":"\u00abChinchu\u00bb Rodr\u00edguez sigue peleando por el ascenso en Bolivia","author":"hoymercedes","date":"21 noviembre, 2018","format":false,"excerpt":"El Pa\u00eds (Bolivia). \u201cLos entrenamientos deben continuar, el d\u00eda s\u00e1bado dimos un segundo paso, pero falta m\u00e1s, adem\u00e1s tenemos que mejorar muchos aspectos (en el juego). Ya tenemos que concentrar en lo que viene, el martes ya conoceremos al siguiente rival\u201d, asever\u00f3 el jugador Juan Godoy, de Independiente Petrolero, de\u2026","rel":"","context":"En \u00abDeportes\u00bb","block_context":{"text":"Deportes","link":"https:\/\/www.hoymercedes.com.ar\/principal\/category\/deportes\/"},"img":{"alt_text":"","src":"https:\/\/i0.wp.com\/www.hoymercedes.com.ar\/principal\/wp-content\/uploads\/2018\/11\/Esteban-Rodriguez-Copa-Simon-Bolivar-fecha-Vs-Rosario-Central-2.jpg?resize=350%2C200&ssl=1","width":350,"height":200,"srcset":"https:\/\/i0.wp.com\/www.hoymercedes.com.ar\/principal\/wp-content\/uploads\/2018\/11\/Esteban-Rodriguez-Copa-Simon-Bolivar-fecha-Vs-Rosario-Central-2.jpg?resize=350%2C200&ssl=1 1x, https:\/\/i0.wp.com\/www.hoymercedes.com.ar\/principal\/wp-content\/uploads\/2018\/11\/Esteban-Rodriguez-Copa-Simon-Bolivar-fecha-Vs-Rosario-Central-2.jpg?resize=525%2C300&ssl=1 1.5x, https:\/\/i0.wp.com\/www.hoymercedes.com.ar\/principal\/wp-content\/uploads\/2018\/11\/Esteban-Rodriguez-Copa-Simon-Bolivar-fecha-Vs-Rosario-Central-2.jpg?resize=700%2C400&ssl=1 2x"},"classes":[]}],"_links":{"self":[{"href":"https:\/\/www.hoymercedes.com.ar\/principal\/wp-json\/wp\/v2\/posts\/85098","targetHints":{"allow":["GET"]}}],"collection":[{"href":"https:\/\/www.hoymercedes.com.ar\/principal\/wp-json\/wp\/v2\/posts"}],"about":[{"href":"https:\/\/www.hoymercedes.com.ar\/principal\/wp-json\/wp\/v2\/types\/post"}],"author":[{"embeddable":true,"href":"https:\/\/www.hoymercedes.com.ar\/principal\/wp-json\/wp\/v2\/users\/1"}],"replies":[{"embeddable":true,"href":"https:\/\/www.hoymercedes.com.ar\/principal\/wp-json\/wp\/v2\/comments?post=85098"}],"version-history":[{"count":0,"href":"https:\/\/www.hoymercedes.com.ar\/principal\/wp-json\/wp\/v2\/posts\/85098\/revisions"}],"wp:featuredmedia":[{"embeddable":true,"href":"https:\/\/www.hoymercedes.com.ar\/principal\/wp-json\/wp\/v2\/media\/85107"}],"wp:attachment":[{"href":"https:\/\/www.hoymercedes.com.ar\/principal\/wp-json\/wp\/v2\/media?parent=85098"}],"wp:term":[{"taxonomy":"category","embeddable":true,"href":"https:\/\/www.hoymercedes.com.ar\/principal\/wp-json\/wp\/v2\/categories?post=85098"},{"taxonomy":"post_tag","embeddable":true,"href":"https:\/\/www.hoymercedes.com.ar\/principal\/wp-json\/wp\/v2\/tags?post=85098"}],"curies":[{"name":"wp","href":"https:\/\/api.w.org\/{rel}","templated":true}]}}