{"id":85112,"date":"2018-12-08T12:57:13","date_gmt":"2018-12-08T15:57:13","guid":{"rendered":"http:\/\/www.hoymercedes.com.ar\/principal\/?p=85112"},"modified":"2018-12-09T13:30:27","modified_gmt":"2018-12-09T16:30:27","slug":"los-midget-correran-en-el-autodromo-luis-lorenzo-bandoni","status":"publish","type":"post","link":"https:\/\/www.hoymercedes.com.ar\/principal\/2018\/12\/08\/los-midget-correran-en-el-autodromo-luis-lorenzo-bandoni\/","title":{"rendered":"Los Midget correr\u00e1n en el aut\u00f3dromo Luis Lorenzo Bandoni"},"content":{"rendered":"<p>La no continuidad del Midget en el aut\u00f3dromo de Buenos Aires oblig\u00f3 a la actual Comisi\u00f3n Directiva a salir a buscar nuevos rumbos para darle finalizaci\u00f3n a la temporada y continuidad a la categor\u00eda. El Hurac\u00e1n Mercedes Autom\u00f3vil Club le abri\u00f3 las puertas a esta categor\u00eda para que vuelva a tener vida.<\/p>\n<p><img loading=\"lazy\" decoding=\"async\" data-attachment-id=\"85115\" data-permalink=\"https:\/\/www.hoymercedes.com.ar\/principal\/2018\/12\/08\/los-midget-correran-en-el-autodromo-luis-lorenzo-bandoni\/midget\/#main\" data-orig-file=\"https:\/\/www.hoymercedes.com.ar\/principal\/wp-content\/uploads\/2018\/12\/Midget.jpg\" data-orig-size=\"960,640\" data-comments-opened=\"0\" data-image-meta=\"{&quot;aperture&quot;:&quot;0&quot;,&quot;credit&quot;:&quot;&quot;,&quot;camera&quot;:&quot;&quot;,&quot;caption&quot;:&quot;&quot;,&quot;created_timestamp&quot;:&quot;0&quot;,&quot;copyright&quot;:&quot;&quot;,&quot;focal_length&quot;:&quot;0&quot;,&quot;iso&quot;:&quot;0&quot;,&quot;shutter_speed&quot;:&quot;0&quot;,&quot;title&quot;:&quot;&quot;,&quot;orientation&quot;:&quot;0&quot;}\" data-image-title=\"Midget\" data-image-description=\"\" data-image-caption=\"\" data-large-file=\"https:\/\/www.hoymercedes.com.ar\/principal\/wp-content\/uploads\/2018\/12\/Midget.jpg\" class=\"aligncenter size-full wp-image-85115\" src=\"https:\/\/www.hoymercedes.com.ar\/principal\/wp-content\/uploads\/2018\/12\/Midget.jpg\" alt=\"\" width=\"960\" height=\"640\" srcset=\"https:\/\/www.hoymercedes.com.ar\/principal\/wp-content\/uploads\/2018\/12\/Midget.jpg 960w, https:\/\/www.hoymercedes.com.ar\/principal\/wp-content\/uploads\/2018\/12\/Midget-150x100.jpg 150w, https:\/\/www.hoymercedes.com.ar\/principal\/wp-content\/uploads\/2018\/12\/Midget-630x420.jpg 630w\" sizes=\"auto, (max-width: 960px) 100vw, 960px\" \/><\/p>\n<p>Entusiasmados con la idea de que la categoria haga pie en su pista, el HMAC brind\u00f3 la posiblidad de realizar las carreras que restan de la temporada en su predio.<\/p>\n<p>En el pasado s\u00e1bado, el actual presidente de la categor\u00eda Fabi\u00e1n Storino, se dirigi\u00f3 al club junto con un conjunto m\u00ednimo de pilotos, a una reuni\u00f3n con el actual presidente del club Fabi\u00e1n De Catarina y miembros de la Comisi\u00f3n Directiva del Club. Con resultados positivos los integrantes de la AAPM volvieron con el visto bueno de la gente de Mercedes, y la posibilidad concreta de que las fechas que restan se realicen en dicho circuito donde el mismo se puso en compromiso para iniciar las obras de la pista lo antes posible, tenerla lista para mediados de enero y poder darle culminaci\u00f3n al actual campeonato.<\/p>\n","protected":false},"excerpt":{"rendered":"<p>La no continuidad del Midget en el aut\u00f3dromo de Buenos Aires oblig\u00f3 a la actual Comisi\u00f3n Directiva a salir a &#8230; <a title=\"Los Midget correr\u00e1n en el aut\u00f3dromo Luis Lorenzo Bandoni\" class=\"read-more\" href=\"https:\/\/www.hoymercedes.com.ar\/principal\/2018\/12\/08\/los-midget-correran-en-el-autodromo-luis-lorenzo-bandoni\/\" aria-label=\"Leer m\u00e1s sobre Los Midget correr\u00e1n en el aut\u00f3dromo Luis Lorenzo Bandoni\">Leer m\u00e1s<\/a><\/p>\n","protected":false},"author":1,"featured_media":85115,"comment_status":"closed","ping_status":"open","sticky":false,"template":"","format":"standard","meta":{"_monsterinsights_skip_tracking":false,"_monsterinsights_sitenote_active":false,"_monsterinsights_sitenote_note":"","_monsterinsights_sitenote_category":0,"jetpack_post_was_ever_published":false,"_jetpack_newsletter_access":"","_jetpack_dont_email_post_to_subs":false,"_jetpack_newsletter_tier_id":0,"_jetpack_memberships_contains_paywalled_content":false,"_jetpack_memberships_contains_paid_content":false,"footnotes":"","jetpack_publicize_message":"","jetpack_publicize_feature_enabled":true,"jetpack_social_post_already_shared":true,"jetpack_social_options":{"image_generator_settings":{"template":"highway","default_image_id":0,"font":"","enabled":false},"version":2},"_wpas_customize_per_network":false},"categories":[21],"tags":[9273,204,14181,14180],"class_list":["post-85112","post","type-post","status-publish","format-standard","has-post-thumbnail","hentry","category-deportes","tag-automovilismo","tag-deportes-2","tag-luis-lorenzo-bandoni","tag-midget","generate-columns","tablet-grid-50","mobile-grid-100","grid-parent","grid-50"],"jetpack_publicize_connections":[],"jetpack_featured_media_url":"https:\/\/www.hoymercedes.com.ar\/principal\/wp-content\/uploads\/2018\/12\/Midget.jpg","wps_subtitle":"Automovilismo","jetpack_sharing_enabled":true,"jetpack-related-posts":[{"id":116713,"url":"https:\/\/www.hoymercedes.com.ar\/principal\/2020\/09\/17\/el-hmac-presento-protocolo-para-habilitar-el-bandoni\/","url_meta":{"origin":85112,"position":0},"title":"El HMAC present\u00f3 protocolo para habilitar el Bandoni","author":"hoymercedes","date":"17 septiembre, 2020","format":false,"excerpt":"Tras la posibilidad que el automovilismo se lleve adelante, producto de la habilitaci\u00f3n realizad\u00e1 por el gobierno, surgieron las preguntas por parte del mundo fierrero para poder utilizar el aut\u00f3dromo Luis Lorenzo Bandoni. Es por eso que el Hurac\u00e1n Mercedes Automovil Club trabaj\u00f3 para presentar un protocolo ante la Municipalidad\u2026","rel":"","context":"En \u00abDeportes\u00bb","block_context":{"text":"Deportes","link":"https:\/\/www.hoymercedes.com.ar\/principal\/category\/deportes\/"},"img":{"alt_text":"","src":"https:\/\/i0.wp.com\/www.hoymercedes.com.ar\/principal\/wp-content\/uploads\/2020\/09\/Autodromo-Luis-Lorenzo-Bandoni.jpg?resize=350%2C200&ssl=1","width":350,"height":200,"srcset":"https:\/\/i0.wp.com\/www.hoymercedes.com.ar\/principal\/wp-content\/uploads\/2020\/09\/Autodromo-Luis-Lorenzo-Bandoni.jpg?resize=350%2C200&ssl=1 1x, https:\/\/i0.wp.com\/www.hoymercedes.com.ar\/principal\/wp-content\/uploads\/2020\/09\/Autodromo-Luis-Lorenzo-Bandoni.jpg?resize=525%2C300&ssl=1 1.5x"},"classes":[]},{"id":127744,"url":"https:\/\/www.hoymercedes.com.ar\/principal\/2021\/04\/08\/circuito-bandoni-proyecta-la-construccion-de-un-sum\/","url_meta":{"origin":85112,"position":1},"title":"Circuito Bandoni proyecta la construcci\u00f3n de un SUM","author":"hoymercedes","date":"8 abril, 2021","format":false,"excerpt":"El Hurac\u00e1n Mercedes Autom\u00f3vil Club proyecta una obra de ampliaci\u00f3n de sus instalaciones en el Circuito Bandoni con un subsidio conjunto de los gobiernos Naci\u00f3n, Provincia, y Municipio.\u00a0Jorge Collazo, presidente del Hurac\u00e1n, confirm\u00f3 la iniciativa de construcci\u00f3n del sal\u00f3n de usos m\u00faltiples en el predio del aut\u00f3dromo Luis Bandoni. \u201cEstamos\u2026","rel":"","context":"En \u00abDeportes\u00bb","block_context":{"text":"Deportes","link":"https:\/\/www.hoymercedes.com.ar\/principal\/category\/deportes\/"},"img":{"alt_text":"","src":"https:\/\/i0.wp.com\/www.hoymercedes.com.ar\/principal\/wp-content\/uploads\/2021\/04\/08-proyecto-bandoni-1.jpg?resize=350%2C200&ssl=1","width":350,"height":200,"srcset":"https:\/\/i0.wp.com\/www.hoymercedes.com.ar\/principal\/wp-content\/uploads\/2021\/04\/08-proyecto-bandoni-1.jpg?resize=350%2C200&ssl=1 1x, https:\/\/i0.wp.com\/www.hoymercedes.com.ar\/principal\/wp-content\/uploads\/2021\/04\/08-proyecto-bandoni-1.jpg?resize=525%2C300&ssl=1 1.5x, https:\/\/i0.wp.com\/www.hoymercedes.com.ar\/principal\/wp-content\/uploads\/2021\/04\/08-proyecto-bandoni-1.jpg?resize=700%2C400&ssl=1 2x"},"classes":[]},{"id":116559,"url":"https:\/\/www.hoymercedes.com.ar\/principal\/2020\/09\/14\/el-automovilismo-esta-de-luto-por-el-fallecimiento-de-hector-coco-saborido\/","url_meta":{"origin":85112,"position":2},"title":"El automovilismo est\u00e1 de luto por el fallecimiento de H\u00e9ctor \u00abCoco\u00bb Saborido","author":"hoymercedes","date":"14 septiembre, 2020","format":false,"excerpt":"El automovilismo mercedino despert\u00f3 en la ma\u00f1ana de este lunes con la noticia del fallecimiento de H\u00e9ctor \"Coco\" Saborido, quien fuera durante d\u00e9cadas dirigente del Hurac\u00e1n Mercedes Automovil Club y actualmente miembro de la Comsi\u00f3n Directiva de la entidad que en los dos \u00faltimos a\u00f1os tuviera mucho trabajo con la\u2026","rel":"","context":"En \u00abDeportes\u00bb","block_context":{"text":"Deportes","link":"https:\/\/www.hoymercedes.com.ar\/principal\/category\/deportes\/"},"img":{"alt_text":"","src":"https:\/\/i0.wp.com\/www.hoymercedes.com.ar\/principal\/wp-content\/uploads\/2020\/09\/Hector-Coco-Saborido-1.jpg?resize=350%2C200&ssl=1","width":350,"height":200,"srcset":"https:\/\/i0.wp.com\/www.hoymercedes.com.ar\/principal\/wp-content\/uploads\/2020\/09\/Hector-Coco-Saborido-1.jpg?resize=350%2C200&ssl=1 1x, https:\/\/i0.wp.com\/www.hoymercedes.com.ar\/principal\/wp-content\/uploads\/2020\/09\/Hector-Coco-Saborido-1.jpg?resize=525%2C300&ssl=1 1.5x, https:\/\/i0.wp.com\/www.hoymercedes.com.ar\/principal\/wp-content\/uploads\/2020\/09\/Hector-Coco-Saborido-1.jpg?resize=700%2C400&ssl=1 2x, https:\/\/i0.wp.com\/www.hoymercedes.com.ar\/principal\/wp-content\/uploads\/2020\/09\/Hector-Coco-Saborido-1.jpg?resize=1050%2C600&ssl=1 3x"},"classes":[]},{"id":85109,"url":"https:\/\/www.hoymercedes.com.ar\/principal\/2018\/12\/08\/el-sabado-15-de-diciembre-se-realizaran-picadas-en-el-autodromo-bandoni\/","url_meta":{"origin":85112,"position":3},"title":"El s\u00e1bado 15 de diciembre se realizar\u00e1n picadas en el aut\u00f3dromo Bandoni","author":"hoymercedes","date":"8 diciembre, 2018","format":false,"excerpt":"Por primera vez en el circuito Luis Lorenzo Bandoni de la ciudad de Mercedes se realizar\u00e1n picadas el pr\u00f3ximo s\u00e1bado 15 de diciembre y ser\u00e1 organizado por el Hurac\u00e1n Mercedes Automovil Club. Este evento, especial para los fierreros, contar\u00e1 con una gran cantidad de autos que primero realizar\u00e1n pruebas preliminares\u2026","rel":"","context":"En \u00abDeportes\u00bb","block_context":{"text":"Deportes","link":"https:\/\/www.hoymercedes.com.ar\/principal\/category\/deportes\/"},"img":{"alt_text":"","src":"https:\/\/i0.wp.com\/www.hoymercedes.com.ar\/principal\/wp-content\/uploads\/2018\/12\/Picadas-15-de-diciembre.jpg?resize=350%2C200&ssl=1","width":350,"height":200,"srcset":"https:\/\/i0.wp.com\/www.hoymercedes.com.ar\/principal\/wp-content\/uploads\/2018\/12\/Picadas-15-de-diciembre.jpg?resize=350%2C200&ssl=1 1x, https:\/\/i0.wp.com\/www.hoymercedes.com.ar\/principal\/wp-content\/uploads\/2018\/12\/Picadas-15-de-diciembre.jpg?resize=525%2C300&ssl=1 1.5x, https:\/\/i0.wp.com\/www.hoymercedes.com.ar\/principal\/wp-content\/uploads\/2018\/12\/Picadas-15-de-diciembre.jpg?resize=700%2C400&ssl=1 2x"},"classes":[]},{"id":157994,"url":"https:\/\/www.hoymercedes.com.ar\/principal\/2023\/02\/04\/avanzan-las-obras-en-el-circuito-luis-lorenzo-bandoni\/","url_meta":{"origin":85112,"position":4},"title":"Avanzan las obras en el Circuito \u00abLuis Lorenzo Bandoni\u00bb","author":"hoymercedes","date":"4 febrero, 2023","format":false,"excerpt":"Desde el Municipio de Mercedes informaron que est\u00e1n avanzando las obras previstas para el circuito automol\u00edstico \"Luis Lorenzo Bandoni\" del Hurac\u00e1n Mercedes Autom\u00f3vil Club, con fondos aportados por la comuna. De acuerdo con lo programado por la comisi\u00f3n del HMAC, comenzaron los trabajos en la pista, iluminaci\u00f3n y finalizaci\u00f3n de\u2026","rel":"","context":"En \u00abMunicipio\u00bb","block_context":{"text":"Municipio","link":"https:\/\/www.hoymercedes.com.ar\/principal\/category\/municipio\/"},"img":{"alt_text":"","src":"https:\/\/i0.wp.com\/www.hoymercedes.com.ar\/principal\/wp-content\/uploads\/2023\/02\/328494889_561477079031487_702882394774956816_n.jpg?resize=350%2C200&ssl=1","width":350,"height":200,"srcset":"https:\/\/i0.wp.com\/www.hoymercedes.com.ar\/principal\/wp-content\/uploads\/2023\/02\/328494889_561477079031487_702882394774956816_n.jpg?resize=350%2C200&ssl=1 1x, https:\/\/i0.wp.com\/www.hoymercedes.com.ar\/principal\/wp-content\/uploads\/2023\/02\/328494889_561477079031487_702882394774956816_n.jpg?resize=525%2C300&ssl=1 1.5x, https:\/\/i0.wp.com\/www.hoymercedes.com.ar\/principal\/wp-content\/uploads\/2023\/02\/328494889_561477079031487_702882394774956816_n.jpg?resize=700%2C400&ssl=1 2x"},"classes":[]},{"id":89751,"url":"https:\/\/www.hoymercedes.com.ar\/principal\/2019\/03\/21\/se-realizara-una-cena-en-beneficio-del-huracan-mercedes-automovil-club\/","url_meta":{"origin":85112,"position":5},"title":"Se realizar\u00e1 una cena en beneficio del Hur\u00e1can Mercedes Automovil Club","author":"hoymercedes","date":"21 marzo, 2019","format":false,"excerpt":"Por Iv\u00e1n Alday (Todo el Deporte Est\u00e1 Ac\u00e1) A trav\u00e9s de una publicaci\u00f3n en las redes sociales la agrupaci\u00f3n que se encuentra en el trabajo del predio ubicado en el kil\u00f3metro 92.500 de la Ruta Nacional 5 ha invitado a un nuevo encuentro en car\u00e1cter de cena que tendr\u00e1 lugar\u2026","rel":"","context":"En \u00abDeportes\u00bb","block_context":{"text":"Deportes","link":"https:\/\/www.hoymercedes.com.ar\/principal\/category\/deportes\/"},"img":{"alt_text":"","src":"https:\/\/i0.wp.com\/www.hoymercedes.com.ar\/principal\/wp-content\/uploads\/2019\/03\/Autodromo-Bandoni.jpg?resize=350%2C200&ssl=1","width":350,"height":200,"srcset":"https:\/\/i0.wp.com\/www.hoymercedes.com.ar\/principal\/wp-content\/uploads\/2019\/03\/Autodromo-Bandoni.jpg?resize=350%2C200&ssl=1 1x, https:\/\/i0.wp.com\/www.hoymercedes.com.ar\/principal\/wp-content\/uploads\/2019\/03\/Autodromo-Bandoni.jpg?resize=525%2C300&ssl=1 1.5x"},"classes":[]}],"_links":{"self":[{"href":"https:\/\/www.hoymercedes.com.ar\/principal\/wp-json\/wp\/v2\/posts\/85112","targetHints":{"allow":["GET"]}}],"collection":[{"href":"https:\/\/www.hoymercedes.com.ar\/principal\/wp-json\/wp\/v2\/posts"}],"about":[{"href":"https:\/\/www.hoymercedes.com.ar\/principal\/wp-json\/wp\/v2\/types\/post"}],"author":[{"embeddable":true,"href":"https:\/\/www.hoymercedes.com.ar\/principal\/wp-json\/wp\/v2\/users\/1"}],"replies":[{"embeddable":true,"href":"https:\/\/www.hoymercedes.com.ar\/principal\/wp-json\/wp\/v2\/comments?post=85112"}],"version-history":[{"count":0,"href":"https:\/\/www.hoymercedes.com.ar\/principal\/wp-json\/wp\/v2\/posts\/85112\/revisions"}],"wp:featuredmedia":[{"embeddable":true,"href":"https:\/\/www.hoymercedes.com.ar\/principal\/wp-json\/wp\/v2\/media\/85115"}],"wp:attachment":[{"href":"https:\/\/www.hoymercedes.com.ar\/principal\/wp-json\/wp\/v2\/media?parent=85112"}],"wp:term":[{"taxonomy":"category","embeddable":true,"href":"https:\/\/www.hoymercedes.com.ar\/principal\/wp-json\/wp\/v2\/categories?post=85112"},{"taxonomy":"post_tag","embeddable":true,"href":"https:\/\/www.hoymercedes.com.ar\/principal\/wp-json\/wp\/v2\/tags?post=85112"}],"curies":[{"name":"wp","href":"https:\/\/api.w.org\/{rel}","templated":true}]}}