{"id":85118,"date":"2018-12-08T16:43:11","date_gmt":"2018-12-08T19:43:11","guid":{"rendered":"http:\/\/www.hoymercedes.com.ar\/principal\/?p=85118"},"modified":"2018-12-09T13:28:58","modified_gmt":"2018-12-09T16:28:58","slug":"las-escuelas-deportivas-municipales-cerraron-el-ano","status":"publish","type":"post","link":"https:\/\/www.hoymercedes.com.ar\/principal\/2018\/12\/08\/las-escuelas-deportivas-municipales-cerraron-el-ano\/","title":{"rendered":"Las Escuelas Deportivas Municipales cerraron el a\u00f1o"},"content":{"rendered":"<p>Se va terminando un a\u00f1o lleno de propuestas deportivas en el Mart\u00edn Rodr\u00edguez. Desde all\u00ed, el intendente Dr. Juan Ignacio Ustarroz dio por finalizado el ciclo 2018 de las Escuelas Deportivas Municipales. Este cierre, estuvo colmado de chicos, familias y amigos que practican y apoyan al deporte \u201cQuiero expresar mi satisfacci\u00f3n y reconocer a todos los que llevan adelante las distintas escuelas deportivas municipales, que por suerte son cada vez m\u00e1s\u201d asegur\u00f3 Ustarroz.<\/p>\n<p><img loading=\"lazy\" decoding=\"async\" data-attachment-id=\"85119\" data-permalink=\"https:\/\/www.hoymercedes.com.ar\/principal\/2018\/12\/08\/las-escuelas-deportivas-municipales-cerraron-el-ano\/escuelas-deportivas-municipales\/#main\" data-orig-file=\"https:\/\/www.hoymercedes.com.ar\/principal\/wp-content\/uploads\/2018\/12\/Escuelas-Deportivas-Municipales.jpg\" data-orig-size=\"960,462\" data-comments-opened=\"0\" data-image-meta=\"{&quot;aperture&quot;:&quot;0&quot;,&quot;credit&quot;:&quot;&quot;,&quot;camera&quot;:&quot;&quot;,&quot;caption&quot;:&quot;&quot;,&quot;created_timestamp&quot;:&quot;0&quot;,&quot;copyright&quot;:&quot;&quot;,&quot;focal_length&quot;:&quot;0&quot;,&quot;iso&quot;:&quot;0&quot;,&quot;shutter_speed&quot;:&quot;0&quot;,&quot;title&quot;:&quot;&quot;,&quot;orientation&quot;:&quot;0&quot;}\" data-image-title=\"Escuelas Deportivas Municipales\" data-image-description=\"\" data-image-caption=\"\" data-large-file=\"https:\/\/www.hoymercedes.com.ar\/principal\/wp-content\/uploads\/2018\/12\/Escuelas-Deportivas-Municipales.jpg\" class=\"aligncenter size-full wp-image-85119\" src=\"https:\/\/www.hoymercedes.com.ar\/principal\/wp-content\/uploads\/2018\/12\/Escuelas-Deportivas-Municipales.jpg\" alt=\"\" width=\"960\" height=\"462\" srcset=\"https:\/\/www.hoymercedes.com.ar\/principal\/wp-content\/uploads\/2018\/12\/Escuelas-Deportivas-Municipales.jpg 960w, https:\/\/www.hoymercedes.com.ar\/principal\/wp-content\/uploads\/2018\/12\/Escuelas-Deportivas-Municipales-150x72.jpg 150w, https:\/\/www.hoymercedes.com.ar\/principal\/wp-content\/uploads\/2018\/12\/Escuelas-Deportivas-Municipales-630x303.jpg 630w\" sizes=\"auto, (max-width: 960px) 100vw, 960px\" \/><\/p>\n<p>Estuvieron presentes adem\u00e1s el Director de Deportes, profesor Mart\u00edn Silvestre, la directora de discapacidad Tatiana L\u00f3pez y quienes integran y coordinan el \u00e1rea de deportes, Pablo Massa y la profesora Mariana Saboredo. Este a\u00f1o a trav\u00e9s de la Direcci\u00f3n de Deportes son 13 la escuelas que abarcan distintas disciplinas, entre ellas softball, b\u00e1squet, ciclismo, handball, f\u00fatbol, boxeo, bochas, tenis de mesa, handball, artes marciales, atletismo, gimnasia y otras. Todas son libres, gratuitas y sin inscripci\u00f3n previa.<\/p>\n<p>Adem\u00e1s, la gesti\u00f3n de Ustarroz dispuso en la ciudad seis sedes de deportes en distintas zonas de la ciudad como el CIC, Mart\u00edn Rodr\u00edguez, el Play\u00f3n de 1 y 12, el Unzu\u00e9, el play\u00f3n de la escuela N\u00b036 y en la zona rural con Gowland y Tom\u00e1s Jofr\u00e9. Por su parte, el Director de Deportes, Mart\u00edn Silvestre expres\u00f3: \u201cestamos muy contentos, hemos tenido una gran respuesta de todos los alumnos que han venido durante todo el a\u00f1o a nuestras escuelas municipales\u201d.<\/p>\n<p>Mariana Saboredo, parte integral del equipo de deportes, dijo \u201ceste es un gran trabajo en equipo, que lo venimos haciendo para que los mercedinos puedan disfrutar de las diferentes propuestas\u201d. Por otro lado, en el predio del Mart\u00edn Rodr\u00edguez, se construy\u00f3 la primera cancha regional de softball, y se realizaron los pisos de goma profesional de las canchas de v\u00f3ley y b\u00e1squet en el play\u00f3n central del predio. Estas obras determinaron una inversi\u00f3n de alrededor de 2 millones de pesos.<\/p>\n","protected":false},"excerpt":{"rendered":"<p>Se va terminando un a\u00f1o lleno de propuestas deportivas en el Mart\u00edn Rodr\u00edguez. Desde all\u00ed, el intendente Dr. Juan Ignacio &#8230; <a title=\"Las Escuelas Deportivas Municipales cerraron el a\u00f1o\" class=\"read-more\" href=\"https:\/\/www.hoymercedes.com.ar\/principal\/2018\/12\/08\/las-escuelas-deportivas-municipales-cerraron-el-ano\/\" aria-label=\"Leer m\u00e1s sobre Las Escuelas Deportivas Municipales cerraron el a\u00f1o\">Leer m\u00e1s<\/a><\/p>\n","protected":false},"author":1,"featured_media":85119,"comment_status":"closed","ping_status":"open","sticky":false,"template":"","format":"standard","meta":{"_monsterinsights_skip_tracking":false,"_monsterinsights_sitenote_active":false,"_monsterinsights_sitenote_note":"","_monsterinsights_sitenote_category":0,"jetpack_post_was_ever_published":false,"_jetpack_newsletter_access":"","_jetpack_dont_email_post_to_subs":false,"_jetpack_newsletter_tier_id":0,"_jetpack_memberships_contains_paywalled_content":false,"_jetpack_memberships_contains_paid_content":false,"footnotes":"","jetpack_publicize_message":"","jetpack_publicize_feature_enabled":true,"jetpack_social_post_already_shared":true,"jetpack_social_options":{"image_generator_settings":{"template":"highway","default_image_id":0,"font":"","enabled":false},"version":2},"_wpas_customize_per_network":false},"categories":[21],"tags":[10398,204,14179,244],"class_list":["post-85118","post","type-post","status-publish","format-standard","has-post-thumbnail","hentry","category-deportes","tag-cierre-de-ano","tag-deportes-2","tag-escuelas-deportivas","tag-municipio-2","generate-columns","tablet-grid-50","mobile-grid-100","grid-parent","grid-50"],"jetpack_publicize_connections":[],"jetpack_featured_media_url":"https:\/\/www.hoymercedes.com.ar\/principal\/wp-content\/uploads\/2018\/12\/Escuelas-Deportivas-Municipales.jpg","wps_subtitle":"","jetpack_sharing_enabled":true,"jetpack-related-posts":[{"id":170306,"url":"https:\/\/www.hoymercedes.com.ar\/principal\/2023\/12\/05\/cierras-y-nuevas-aperturas-en-las-escuelas-municipales-deportivas\/","url_meta":{"origin":85118,"position":0},"title":"Cierras y nuevas aperturas en las Escuelas Municipales deportivas","author":"hoymercedes","date":"5 diciembre, 2023","format":false,"excerpt":"La direcci\u00f3n de Deportes del Municipio de Mercedes desarroll\u00f3 durante todo el a\u00f1o una multiplicidad de actividades y talleres en toda la ciudad, conteniendo a cientos de chicos y familias. Bel\u00e9n Tejedor, coordinadora del \u00e1rea de deportes municipal, cont\u00f3 \u201cesta semana se realizaron los cierres de las escuelas municipales de\u2026","rel":"","context":"En \u00abDeportes\u00bb","block_context":{"text":"Deportes","link":"https:\/\/www.hoymercedes.com.ar\/principal\/category\/deportes\/"},"img":{"alt_text":"Belen Tejedor","src":"https:\/\/i0.wp.com\/www.hoymercedes.com.ar\/principal\/wp-content\/uploads\/2023\/12\/Captura-de-pantalla-2023-12-05-191656.png?resize=350%2C200&ssl=1","width":350,"height":200,"srcset":"https:\/\/i0.wp.com\/www.hoymercedes.com.ar\/principal\/wp-content\/uploads\/2023\/12\/Captura-de-pantalla-2023-12-05-191656.png?resize=350%2C200&ssl=1 1x, https:\/\/i0.wp.com\/www.hoymercedes.com.ar\/principal\/wp-content\/uploads\/2023\/12\/Captura-de-pantalla-2023-12-05-191656.png?resize=525%2C300&ssl=1 1.5x, https:\/\/i0.wp.com\/www.hoymercedes.com.ar\/principal\/wp-content\/uploads\/2023\/12\/Captura-de-pantalla-2023-12-05-191656.png?resize=700%2C400&ssl=1 2x, https:\/\/i0.wp.com\/www.hoymercedes.com.ar\/principal\/wp-content\/uploads\/2023\/12\/Captura-de-pantalla-2023-12-05-191656.png?resize=1050%2C600&ssl=1 3x, https:\/\/i0.wp.com\/www.hoymercedes.com.ar\/principal\/wp-content\/uploads\/2023\/12\/Captura-de-pantalla-2023-12-05-191656.png?resize=1400%2C800&ssl=1 4x"},"classes":[]},{"id":126374,"url":"https:\/\/www.hoymercedes.com.ar\/principal\/2021\/03\/16\/se-encuentran-abiertas-las-inscripciones-a-las-escuelas-municipales-deportivas\/","url_meta":{"origin":85118,"position":1},"title":"Se encuentran abiertas las inscripciones a las escuelas municipales deportivas","author":"hoymercedes","date":"16 marzo, 2021","format":false,"excerpt":"La Direcci\u00f3n de Deportes difundi\u00f3 la semana de inscripciones para las actividades deportivas que el Municipio propone para los vecinos de todas las edades. Para anotarse hay que acercarse al lugar, d\u00eda y horario que aparece en la imagen, o comunicase a los tel\u00e9fonos publicitados","rel":"","context":"En \u00abDeportes\u00bb","block_context":{"text":"Deportes","link":"https:\/\/www.hoymercedes.com.ar\/principal\/category\/deportes\/"},"img":{"alt_text":"","src":"https:\/\/i0.wp.com\/www.hoymercedes.com.ar\/principal\/wp-content\/uploads\/2021\/03\/16-Escuelas-deportivas-municipales.jpg?resize=350%2C200&ssl=1","width":350,"height":200},"classes":[]},{"id":70904,"url":"https:\/\/www.hoymercedes.com.ar\/principal\/2017\/12\/17\/mas-de-500-chicos-en-el-cierre-anual-de-las-escuelas-deportivas-municipales\/","url_meta":{"origin":85118,"position":2},"title":"M\u00e1s de 500 chicos en el cierre anual de las Escuelas Deportivas Municipales","author":"hoymercedes","date":"17 diciembre, 2017","format":false,"excerpt":"Las Escuelas Deportivas Municipales tuvieron un gran cierre de a\u00f1o en el predio del ex Mart\u00edn Rodr\u00edguez con casi 500 chicos de distintos barrios participando. La fiesta permiti\u00f3 exponer todo lo que realizaron durante el a\u00f1o, invitando a familias y amigos. Para Juan Ignacio Ustarroz fue una muestra de \u201cun\u2026","rel":"","context":"En \u00abMunicipio\u00bb","block_context":{"text":"Municipio","link":"https:\/\/www.hoymercedes.com.ar\/principal\/category\/municipio\/"},"img":{"alt_text":"","src":"https:\/\/i0.wp.com\/www.hoymercedes.com.ar\/principal\/wp-content\/uploads\/2017\/12\/17-deportivas-1.jpeg?resize=350%2C200&ssl=1","width":350,"height":200,"srcset":"https:\/\/i0.wp.com\/www.hoymercedes.com.ar\/principal\/wp-content\/uploads\/2017\/12\/17-deportivas-1.jpeg?resize=350%2C200&ssl=1 1x, https:\/\/i0.wp.com\/www.hoymercedes.com.ar\/principal\/wp-content\/uploads\/2017\/12\/17-deportivas-1.jpeg?resize=525%2C300&ssl=1 1.5x, https:\/\/i0.wp.com\/www.hoymercedes.com.ar\/principal\/wp-content\/uploads\/2017\/12\/17-deportivas-1.jpeg?resize=700%2C400&ssl=1 2x"},"classes":[]},{"id":103906,"url":"https:\/\/www.hoymercedes.com.ar\/principal\/2019\/12\/11\/la-direccion-de-deportes-cerro-el-ano-con-una-fiesta\/","url_meta":{"origin":85118,"position":3},"title":"La Direcci\u00f3n de Deportes cerr\u00f3 el a\u00f1o con una fiesta","author":"hoymercedes","date":"11 diciembre, 2019","format":false,"excerpt":"Una gran asistencia tuvo el cierre anual de las Escuelas Municipales Deportivas que se vivi\u00f3 con ni\u00f1os, ni\u00f1as y familias en el predio del Mart\u00edn Rodr\u00edguez. All\u00ed la Direcci\u00f3n de Deportes elabor\u00f3 una muestra de todo lo que con profesores y personal comunal trabajaron durante el a\u00f1o en las m\u00e1s\u2026","rel":"","context":"En \u00abDeportes\u00bb","block_context":{"text":"Deportes","link":"https:\/\/www.hoymercedes.com.ar\/principal\/category\/deportes\/"},"img":{"alt_text":"","src":"https:\/\/i0.wp.com\/www.hoymercedes.com.ar\/principal\/wp-content\/uploads\/2019\/12\/DSC_0201.jpg?resize=350%2C200&ssl=1","width":350,"height":200,"srcset":"https:\/\/i0.wp.com\/www.hoymercedes.com.ar\/principal\/wp-content\/uploads\/2019\/12\/DSC_0201.jpg?resize=350%2C200&ssl=1 1x, https:\/\/i0.wp.com\/www.hoymercedes.com.ar\/principal\/wp-content\/uploads\/2019\/12\/DSC_0201.jpg?resize=525%2C300&ssl=1 1.5x, https:\/\/i0.wp.com\/www.hoymercedes.com.ar\/principal\/wp-content\/uploads\/2019\/12\/DSC_0201.jpg?resize=700%2C400&ssl=1 2x"},"classes":[]},{"id":145593,"url":"https:\/\/www.hoymercedes.com.ar\/principal\/2022\/03\/19\/encuentro-entre-autoridades-municipales-y-del-club-palometas\/","url_meta":{"origin":85118,"position":4},"title":"Encuentro entre autoridades municipales y del Club Palometas","author":"hoymercedes","date":"19 marzo, 2022","format":false,"excerpt":"Las autoridades municipales mantuvieron un encuentro con la presidencia de los clubes deportivos. En esta oportunidad, el Intendente Juan Ignacio Ustarroz acompa\u00f1ado de los responsables del \u00e1rea de Deportes se reunieron con el presidente del Club Palometas, Rodrigo Berm\u00fadez. El objetivo fue buscar proyectos de planificaci\u00f3n y gesti\u00f3n. Desde el\u2026","rel":"","context":"En \u00abMunicipio\u00bb","block_context":{"text":"Municipio","link":"https:\/\/www.hoymercedes.com.ar\/principal\/category\/municipio\/"},"img":{"alt_text":"","src":"https:\/\/i0.wp.com\/www.hoymercedes.com.ar\/principal\/wp-content\/uploads\/2022\/03\/DSC09002.jpg?resize=350%2C200&ssl=1","width":350,"height":200,"srcset":"https:\/\/i0.wp.com\/www.hoymercedes.com.ar\/principal\/wp-content\/uploads\/2022\/03\/DSC09002.jpg?resize=350%2C200&ssl=1 1x, https:\/\/i0.wp.com\/www.hoymercedes.com.ar\/principal\/wp-content\/uploads\/2022\/03\/DSC09002.jpg?resize=525%2C300&ssl=1 1.5x, https:\/\/i0.wp.com\/www.hoymercedes.com.ar\/principal\/wp-content\/uploads\/2022\/03\/DSC09002.jpg?resize=700%2C400&ssl=1 2x"},"classes":[]},{"id":140865,"url":"https:\/\/www.hoymercedes.com.ar\/principal\/2021\/12\/01\/mercedinos-en-la-ultima-fecha-asba\/","url_meta":{"origin":85118,"position":5},"title":"Mercedinos en la \u00faltima fecha ASBA","author":"hoymercedes","date":"1 diciembre, 2021","format":false,"excerpt":"El pasado s\u00e1bado se realiz\u00f3 la \u00faltima fecha ASBA, donde participaron los equipos de la Escuela de Softbol Municipal.\u00a0 En la localidad de Merlo,\u00a0los menores jugaron dos partidos. Ganaron contra\u00a0Fenix\u00a0de la Matanza 9 a 3 y perdieron 5 a 1 contra Las Heras\u00a0 Por su parte, los cadetes tambi\u00e9n tuvieron\u2026","rel":"","context":"En \u00abDeportes\u00bb","block_context":{"text":"Deportes","link":"https:\/\/www.hoymercedes.com.ar\/principal\/category\/deportes\/"},"img":{"alt_text":"","src":"https:\/\/i0.wp.com\/www.hoymercedes.com.ar\/principal\/wp-content\/uploads\/2021\/11\/dsoftbol30.jpeg?resize=350%2C200&ssl=1","width":350,"height":200,"srcset":"https:\/\/i0.wp.com\/www.hoymercedes.com.ar\/principal\/wp-content\/uploads\/2021\/11\/dsoftbol30.jpeg?resize=350%2C200&ssl=1 1x, https:\/\/i0.wp.com\/www.hoymercedes.com.ar\/principal\/wp-content\/uploads\/2021\/11\/dsoftbol30.jpeg?resize=525%2C300&ssl=1 1.5x, https:\/\/i0.wp.com\/www.hoymercedes.com.ar\/principal\/wp-content\/uploads\/2021\/11\/dsoftbol30.jpeg?resize=700%2C400&ssl=1 2x"},"classes":[]}],"_links":{"self":[{"href":"https:\/\/www.hoymercedes.com.ar\/principal\/wp-json\/wp\/v2\/posts\/85118","targetHints":{"allow":["GET"]}}],"collection":[{"href":"https:\/\/www.hoymercedes.com.ar\/principal\/wp-json\/wp\/v2\/posts"}],"about":[{"href":"https:\/\/www.hoymercedes.com.ar\/principal\/wp-json\/wp\/v2\/types\/post"}],"author":[{"embeddable":true,"href":"https:\/\/www.hoymercedes.com.ar\/principal\/wp-json\/wp\/v2\/users\/1"}],"replies":[{"embeddable":true,"href":"https:\/\/www.hoymercedes.com.ar\/principal\/wp-json\/wp\/v2\/comments?post=85118"}],"version-history":[{"count":0,"href":"https:\/\/www.hoymercedes.com.ar\/principal\/wp-json\/wp\/v2\/posts\/85118\/revisions"}],"wp:featuredmedia":[{"embeddable":true,"href":"https:\/\/www.hoymercedes.com.ar\/principal\/wp-json\/wp\/v2\/media\/85119"}],"wp:attachment":[{"href":"https:\/\/www.hoymercedes.com.ar\/principal\/wp-json\/wp\/v2\/media?parent=85118"}],"wp:term":[{"taxonomy":"category","embeddable":true,"href":"https:\/\/www.hoymercedes.com.ar\/principal\/wp-json\/wp\/v2\/categories?post=85118"},{"taxonomy":"post_tag","embeddable":true,"href":"https:\/\/www.hoymercedes.com.ar\/principal\/wp-json\/wp\/v2\/tags?post=85118"}],"curies":[{"name":"wp","href":"https:\/\/api.w.org\/{rel}","templated":true}]}}