{"id":85122,"date":"2018-12-08T02:58:38","date_gmt":"2018-12-08T05:58:38","guid":{"rendered":"http:\/\/www.hoymercedes.com.ar\/principal\/?p=85122"},"modified":"2018-12-08T03:18:07","modified_gmt":"2018-12-08T06:18:07","slug":"multitudinario-inicio-de-la-42-fiesta-nacional-del-durazno","status":"publish","type":"post","link":"https:\/\/www.hoymercedes.com.ar\/principal\/2018\/12\/08\/multitudinario-inicio-de-la-42-fiesta-nacional-del-durazno\/","title":{"rendered":"Multitudinario inicio de la 42\u00b0 Fiesta Nacional del Durazno"},"content":{"rendered":"<figure id=\"attachment_85123\" aria-describedby=\"caption-attachment-85123\" style=\"width: 1270px\" class=\"wp-caption aligncenter\"><img loading=\"lazy\" decoding=\"async\" data-attachment-id=\"85123\" data-permalink=\"https:\/\/www.hoymercedes.com.ar\/principal\/2018\/12\/08\/multitudinario-inicio-de-la-42-fiesta-nacional-del-durazno\/2-12\/#main\" data-orig-file=\"https:\/\/www.hoymercedes.com.ar\/principal\/wp-content\/uploads\/2018\/12\/2.jpeg\" data-orig-size=\"1280,720\" data-comments-opened=\"0\" data-image-meta=\"{&quot;aperture&quot;:&quot;0&quot;,&quot;credit&quot;:&quot;&quot;,&quot;camera&quot;:&quot;&quot;,&quot;caption&quot;:&quot;&quot;,&quot;created_timestamp&quot;:&quot;0&quot;,&quot;copyright&quot;:&quot;&quot;,&quot;focal_length&quot;:&quot;0&quot;,&quot;iso&quot;:&quot;0&quot;,&quot;shutter_speed&quot;:&quot;0&quot;,&quot;title&quot;:&quot;&quot;,&quot;orientation&quot;:&quot;0&quot;}\" data-image-title=\"2\" data-image-description=\"\" data-image-caption=\"&lt;p&gt;Visi\u00f3n desde el aire&lt;\/p&gt;\n\" data-large-file=\"https:\/\/www.hoymercedes.com.ar\/principal\/wp-content\/uploads\/2018\/12\/2-1024x576.jpeg\" class=\"size-full wp-image-85123\" src=\"https:\/\/www.hoymercedes.com.ar\/principal\/wp-content\/uploads\/2018\/12\/2.jpeg\" alt=\"\" width=\"1280\" height=\"720\" srcset=\"https:\/\/www.hoymercedes.com.ar\/principal\/wp-content\/uploads\/2018\/12\/2.jpeg 1280w, https:\/\/www.hoymercedes.com.ar\/principal\/wp-content\/uploads\/2018\/12\/2-150x84.jpeg 150w, https:\/\/www.hoymercedes.com.ar\/principal\/wp-content\/uploads\/2018\/12\/2-630x354.jpeg 630w, https:\/\/www.hoymercedes.com.ar\/principal\/wp-content\/uploads\/2018\/12\/2-1024x576.jpeg 1024w\" sizes=\"auto, (max-width: 1280px) 100vw, 1280px\" \/><figcaption id=\"caption-attachment-85123\" class=\"wp-caption-text\">Visi\u00f3n desde el aire<\/figcaption><\/figure>\n<p>Durante la jornada de este viernes se llev\u00f3 a cabo la inauguraci\u00f3n de la 42\u00b0 Fiesta Nacional del Durazno con una multitud presente. El Intendente Ustarroz encabez\u00f3 el acto junto al Grupo Resurgir. El escenario cont\u00f3 con el cierre de Banda XXI. La fiesta que se mud\u00f3 a La Trocha donde la fiesta fue total.<\/p>\n<p><span class=\"embed-youtube\" style=\"text-align:center; display: block;\"><iframe loading=\"lazy\" class=\"youtube-player\" width=\"1200\" height=\"675\" src=\"https:\/\/www.youtube.com\/embed\/PSYGmCYFQb0?version=3&#038;rel=1&#038;showsearch=0&#038;showinfo=1&#038;iv_load_policy=1&#038;fs=1&#038;hl=es-ES&#038;autohide=2&#038;wmode=transparent\" allowfullscreen=\"true\" style=\"border:0;\" sandbox=\"allow-scripts allow-same-origin allow-popups allow-presentation allow-popups-to-escape-sandbox\"><\/iframe><\/span><\/p>\n<p><strong>Apertura<\/strong><\/p>\n<p>La primera en tomar la palabra fue Susana Castagneto, referente de la fiesta y los productores locales. \u201cAgradecemos a todos los que hicieron posible la fiesta ac\u00e1, a cada integrante del grupo Resurgir, a cada persona que cada a\u00f1o retira una planta cuando se hace la entrega del plan de replantaci\u00f3n porque se llevan un poquito de nuestra historia, de nuestra fiesta\u201d dijo y coment\u00f3 que \u201cestamos en un lugar muy grande que llenamos, donde hay mucho para ver, y una vez m\u00e1s quiero decir que somos Capital Nacional del Durazno y estamos felices por ello\u201d mencionando que \u201ceste a\u00f1o hay una muy buena producci\u00f3n y esperamos la puedan disfrutar\u201d dijo<\/p>\n<figure id=\"attachment_85124\" aria-describedby=\"caption-attachment-85124\" style=\"width: 1190px\" class=\"wp-caption aligncenter\"><img loading=\"lazy\" decoding=\"async\" data-attachment-id=\"85124\" data-permalink=\"https:\/\/www.hoymercedes.com.ar\/principal\/2018\/12\/08\/multitudinario-inicio-de-la-42-fiesta-nacional-del-durazno\/durazno2018dsc04639\/#main\" data-orig-file=\"https:\/\/www.hoymercedes.com.ar\/principal\/wp-content\/uploads\/2018\/12\/durazno2018DSC04639.jpg\" data-orig-size=\"1200,675\" data-comments-opened=\"0\" data-image-meta=\"{&quot;aperture&quot;:&quot;2.8&quot;,&quot;credit&quot;:&quot;&quot;,&quot;camera&quot;:&quot;ILCE-7S&quot;,&quot;caption&quot;:&quot;&quot;,&quot;created_timestamp&quot;:&quot;1544227316&quot;,&quot;copyright&quot;:&quot;&quot;,&quot;focal_length&quot;:&quot;35&quot;,&quot;iso&quot;:&quot;500&quot;,&quot;shutter_speed&quot;:&quot;0.008&quot;,&quot;title&quot;:&quot;&quot;,&quot;orientation&quot;:&quot;0&quot;}\" data-image-title=\"durazno2018DSC04639\" data-image-description=\"\" data-image-caption=\"&lt;p&gt;Banda XXI sobre el escenario&lt;\/p&gt;\n\" data-large-file=\"https:\/\/www.hoymercedes.com.ar\/principal\/wp-content\/uploads\/2018\/12\/durazno2018DSC04639-1024x576.jpg\" class=\"size-full wp-image-85124\" src=\"https:\/\/www.hoymercedes.com.ar\/principal\/wp-content\/uploads\/2018\/12\/durazno2018DSC04639.jpg\" alt=\"\" width=\"1200\" height=\"675\" srcset=\"https:\/\/www.hoymercedes.com.ar\/principal\/wp-content\/uploads\/2018\/12\/durazno2018DSC04639.jpg 1200w, https:\/\/www.hoymercedes.com.ar\/principal\/wp-content\/uploads\/2018\/12\/durazno2018DSC04639-150x84.jpg 150w, https:\/\/www.hoymercedes.com.ar\/principal\/wp-content\/uploads\/2018\/12\/durazno2018DSC04639-630x354.jpg 630w, https:\/\/www.hoymercedes.com.ar\/principal\/wp-content\/uploads\/2018\/12\/durazno2018DSC04639-1024x576.jpg 1024w\" sizes=\"auto, (max-width: 1200px) 100vw, 1200px\" \/><figcaption id=\"caption-attachment-85124\" class=\"wp-caption-text\">Banda XXI sobre el escenario<\/figcaption><\/figure>\n<p>M\u00e1s adelante tom\u00f3 la palabra el intendente Juan Ignacio Ustarroz, quien afirm\u00f3 que \u201ceste predio est\u00e1 hermoso, pido tambi\u00e9n un aplauso a todos los trabajadores municipales que lo sostienen, porque este predio ha recuperado una vida cultural y recreativa para toda la familia, para los vecinos\u201d y sostuvo luego que \u201ces una decisi\u00f3n dif\u00edcil que sea gratis, hay una gran inversi\u00f3n, pero en este contexto econ\u00f3mico dif\u00edcil que atravesamos todos es bueno darle la oportunidad a quienes trabajan de Sol a Sol que son nuestros productores de duraznos\u201d para mencionar que \u201cantes eran un poco menos, hoy son cada vez m\u00e1s los productores trabajando por la fiesta, siendo un a\u00f1o con m\u00e1s producci\u00f3n y que es darle continuidad a las pol\u00edticas p\u00fablicas. Nosotros no inventamos el plan de replantaci\u00f3n, pero continuamos y ahora se ven los frutos, porque no abandonamos a su suerte a los productores, estamos con ellos\u201d mencion\u00f3 entre otros conceptos.<\/p>\n<p>M\u00e1s adelante remarc\u00f3 que \u201ces una ciudad que apuesta a nuestros productores, a nuestra cultura, a nuestros artesanos\u201d siendo una fiesta que como otras genera trabajo para los mercedinos.<\/p>\n<p><strong>Homenajes<\/strong><\/p>\n<p>Hubo un reconocimiento en primer lugar a Horacio Rosello, hist\u00f3rico productor de la ciudad quien ya no est\u00e1 entre nosotros siendo su familia la receptora del homenaje. Luego fue el turno de Reynaldo \u201cPipi\u201d Boccardo quien tom\u00f3 la palabra agradeci\u00f3 \u201ca todos los presentes\u201d y por seguir trabajando por la producci\u00f3n mercedina.<\/p>\n<figure id=\"attachment_85125\" aria-describedby=\"caption-attachment-85125\" style=\"width: 1190px\" class=\"wp-caption aligncenter\"><img loading=\"lazy\" decoding=\"async\" data-attachment-id=\"85125\" data-permalink=\"https:\/\/www.hoymercedes.com.ar\/principal\/2018\/12\/08\/multitudinario-inicio-de-la-42-fiesta-nacional-del-durazno\/durazno2018sja_8498\/#main\" data-orig-file=\"https:\/\/www.hoymercedes.com.ar\/principal\/wp-content\/uploads\/2018\/12\/durazno2018SJA_8498.jpg\" data-orig-size=\"1200,800\" data-comments-opened=\"0\" data-image-meta=\"{&quot;aperture&quot;:&quot;3.5&quot;,&quot;credit&quot;:&quot;SEBASTIANAMBROSSIO&quot;,&quot;camera&quot;:&quot;&quot;,&quot;caption&quot;:&quot;&quot;,&quot;created_timestamp&quot;:&quot;0&quot;,&quot;copyright&quot;:&quot;SebastianAmbrossio&quot;,&quot;focal_length&quot;:&quot;32&quot;,&quot;iso&quot;:&quot;0&quot;,&quot;shutter_speed&quot;:&quot;0.008&quot;,&quot;title&quot;:&quot;&quot;,&quot;orientation&quot;:&quot;0&quot;}\" data-image-title=\"durazno2018SJA_8498\" data-image-description=\"\" data-image-caption=\"&lt;p&gt;Tradicional corte de cinta &lt;\/p&gt;\n\" data-large-file=\"https:\/\/www.hoymercedes.com.ar\/principal\/wp-content\/uploads\/2018\/12\/durazno2018SJA_8498-1024x683.jpg\" class=\"size-full wp-image-85125\" src=\"https:\/\/www.hoymercedes.com.ar\/principal\/wp-content\/uploads\/2018\/12\/durazno2018SJA_8498.jpg\" alt=\"\" width=\"1200\" height=\"800\" srcset=\"https:\/\/www.hoymercedes.com.ar\/principal\/wp-content\/uploads\/2018\/12\/durazno2018SJA_8498.jpg 1200w, https:\/\/www.hoymercedes.com.ar\/principal\/wp-content\/uploads\/2018\/12\/durazno2018SJA_8498-150x100.jpg 150w, https:\/\/www.hoymercedes.com.ar\/principal\/wp-content\/uploads\/2018\/12\/durazno2018SJA_8498-630x420.jpg 630w, https:\/\/www.hoymercedes.com.ar\/principal\/wp-content\/uploads\/2018\/12\/durazno2018SJA_8498-1024x683.jpg 1024w\" sizes=\"auto, (max-width: 1200px) 100vw, 1200px\" \/><figcaption id=\"caption-attachment-85125\" class=\"wp-caption-text\">Tradicional corte de cinta<\/figcaption><\/figure>\n<p><strong>Embajadores<\/strong><\/p>\n<p>&nbsp;<\/p>\n<p>El \u201ccanto al duraznero\u201d estuvo a cargo de Ivana Cestari quien dej\u00f3 de ser la embajadora que represent\u00f3 a la fiesta durante el \u00faltimo a\u00f1o para luego dar lugar al nuevo embajador que es otro reconocido artista local, siendo Mart\u00edn Soler. Oscar Rosselo fue tambi\u00e9n parte del canto al duraznero acompa\u00f1ando a la ahora ex embajadora.<\/p>\n<p>Soler dijo ante los presentes que \u201cquiero decir muchas gracias, es una emoci\u00f3n grand\u00edsima, porque este reconocimiento es muy lindo, porque todos los que andamos en los escenarios defendiendo la cultura, la m\u00fasica, nos sentimos agradecidos a los productores, a Cultura, a toda la gente que trabaja para que la fiesta sea posible\u201d, afirm\u00f3 invitando a que todos \u201cnos encontremos este fin de semana\u201d<\/p>\n<figure id=\"attachment_85126\" aria-describedby=\"caption-attachment-85126\" style=\"width: 1190px\" class=\"wp-caption aligncenter\"><img loading=\"lazy\" decoding=\"async\" data-attachment-id=\"85126\" data-permalink=\"https:\/\/www.hoymercedes.com.ar\/principal\/2018\/12\/08\/multitudinario-inicio-de-la-42-fiesta-nacional-del-durazno\/durazno2018sja_8608\/#main\" data-orig-file=\"https:\/\/www.hoymercedes.com.ar\/principal\/wp-content\/uploads\/2018\/12\/durazno2018SJA_8608.jpg\" data-orig-size=\"1200,800\" data-comments-opened=\"0\" data-image-meta=\"{&quot;aperture&quot;:&quot;5.3&quot;,&quot;credit&quot;:&quot;SEBASTIANAMBROSSIO&quot;,&quot;camera&quot;:&quot;NIKON D5&quot;,&quot;caption&quot;:&quot;&quot;,&quot;created_timestamp&quot;:&quot;1544226548&quot;,&quot;copyright&quot;:&quot;SebastianAmbrossio&quot;,&quot;focal_length&quot;:&quot;230&quot;,&quot;iso&quot;:&quot;3200&quot;,&quot;shutter_speed&quot;:&quot;0.008&quot;,&quot;title&quot;:&quot;&quot;,&quot;orientation&quot;:&quot;0&quot;}\" data-image-title=\"durazno2018SJA_8608\" data-image-description=\"\" data-image-caption=\"&lt;p&gt;Banda XXI sobre el escenario de La Trocha&lt;\/p&gt;\n\" data-large-file=\"https:\/\/www.hoymercedes.com.ar\/principal\/wp-content\/uploads\/2018\/12\/durazno2018SJA_8608-1024x683.jpg\" class=\"size-full wp-image-85126\" src=\"https:\/\/www.hoymercedes.com.ar\/principal\/wp-content\/uploads\/2018\/12\/durazno2018SJA_8608.jpg\" alt=\"\" width=\"1200\" height=\"800\" srcset=\"https:\/\/www.hoymercedes.com.ar\/principal\/wp-content\/uploads\/2018\/12\/durazno2018SJA_8608.jpg 1200w, https:\/\/www.hoymercedes.com.ar\/principal\/wp-content\/uploads\/2018\/12\/durazno2018SJA_8608-150x100.jpg 150w, https:\/\/www.hoymercedes.com.ar\/principal\/wp-content\/uploads\/2018\/12\/durazno2018SJA_8608-630x420.jpg 630w, https:\/\/www.hoymercedes.com.ar\/principal\/wp-content\/uploads\/2018\/12\/durazno2018SJA_8608-1024x683.jpg 1024w\" sizes=\"auto, (max-width: 1200px) 100vw, 1200px\" \/><figcaption id=\"caption-attachment-85126\" class=\"wp-caption-text\">Banda XXI sobre el escenario de La Trocha<\/figcaption><\/figure>\n<p><strong>Escenario<\/strong><\/p>\n<p>Sobre el escenario estuvieron Menta y Lim\u00f3n, Orquesta Org\u00e1nica, Jony Rodr\u00edguez y The Cuartheteros con el gran cierre de Banda XXI.<\/p>\n<p><strong>Y sigue<\/strong><\/p>\n<p>Este s\u00e1bado contin\u00faa la fiesta desde las 19.00hs con Salamines, para luego continuar con Voul\u00e9 Rodr\u00edguez, Pablo Aschero, Lastronauta Orchesta y el cierre de Fernanda Ottolini &amp; La Banda siendo otra jornada para bailar y disfrutar totalmente libre y gratuito en La Trocha.<\/p>\n<p><img loading=\"lazy\" decoding=\"async\" data-attachment-id=\"85127\" data-permalink=\"https:\/\/www.hoymercedes.com.ar\/principal\/2018\/12\/08\/multitudinario-inicio-de-la-42-fiesta-nacional-del-durazno\/durazno2018sja_8641\/#main\" data-orig-file=\"https:\/\/www.hoymercedes.com.ar\/principal\/wp-content\/uploads\/2018\/12\/durazno2018SJA_8641.jpg\" data-orig-size=\"1200,800\" data-comments-opened=\"0\" data-image-meta=\"{&quot;aperture&quot;:&quot;4.5&quot;,&quot;credit&quot;:&quot;SEBASTIANAMBROSSIO&quot;,&quot;camera&quot;:&quot;NIKON D5&quot;,&quot;caption&quot;:&quot;&quot;,&quot;created_timestamp&quot;:&quot;1544226917&quot;,&quot;copyright&quot;:&quot;SebastianAmbrossio&quot;,&quot;focal_length&quot;:&quot;80&quot;,&quot;iso&quot;:&quot;3200&quot;,&quot;shutter_speed&quot;:&quot;0.0125&quot;,&quot;title&quot;:&quot;&quot;,&quot;orientation&quot;:&quot;0&quot;}\" data-image-title=\"durazno2018SJA_8641\" data-image-description=\"\" data-image-caption=\"\" data-large-file=\"https:\/\/www.hoymercedes.com.ar\/principal\/wp-content\/uploads\/2018\/12\/durazno2018SJA_8641-1024x683.jpg\" class=\"aligncenter size-full wp-image-85127\" src=\"https:\/\/www.hoymercedes.com.ar\/principal\/wp-content\/uploads\/2018\/12\/durazno2018SJA_8641.jpg\" alt=\"\" width=\"1200\" height=\"800\" srcset=\"https:\/\/www.hoymercedes.com.ar\/principal\/wp-content\/uploads\/2018\/12\/durazno2018SJA_8641.jpg 1200w, https:\/\/www.hoymercedes.com.ar\/principal\/wp-content\/uploads\/2018\/12\/durazno2018SJA_8641-150x100.jpg 150w, https:\/\/www.hoymercedes.com.ar\/principal\/wp-content\/uploads\/2018\/12\/durazno2018SJA_8641-630x420.jpg 630w, https:\/\/www.hoymercedes.com.ar\/principal\/wp-content\/uploads\/2018\/12\/durazno2018SJA_8641-1024x683.jpg 1024w\" sizes=\"auto, (max-width: 1200px) 100vw, 1200px\" \/><\/p>\n<p><img loading=\"lazy\" decoding=\"async\" data-attachment-id=\"85128\" data-permalink=\"https:\/\/www.hoymercedes.com.ar\/principal\/2018\/12\/08\/multitudinario-inicio-de-la-42-fiesta-nacional-del-durazno\/durazno2018sja_8657\/#main\" data-orig-file=\"https:\/\/www.hoymercedes.com.ar\/principal\/wp-content\/uploads\/2018\/12\/durazno2018SJA_8657.jpg\" data-orig-size=\"1200,800\" data-comments-opened=\"0\" data-image-meta=\"{&quot;aperture&quot;:&quot;4.5&quot;,&quot;credit&quot;:&quot;SEBASTIANAMBROSSIO&quot;,&quot;camera&quot;:&quot;NIKON D5&quot;,&quot;caption&quot;:&quot;&quot;,&quot;created_timestamp&quot;:&quot;1544227107&quot;,&quot;copyright&quot;:&quot;SebastianAmbrossio&quot;,&quot;focal_length&quot;:&quot;80&quot;,&quot;iso&quot;:&quot;1600&quot;,&quot;shutter_speed&quot;:&quot;0.005&quot;,&quot;title&quot;:&quot;&quot;,&quot;orientation&quot;:&quot;0&quot;}\" data-image-title=\"durazno2018SJA_8657\" data-image-description=\"\" data-image-caption=\"\" data-large-file=\"https:\/\/www.hoymercedes.com.ar\/principal\/wp-content\/uploads\/2018\/12\/durazno2018SJA_8657-1024x683.jpg\" class=\"aligncenter size-full wp-image-85128\" src=\"https:\/\/www.hoymercedes.com.ar\/principal\/wp-content\/uploads\/2018\/12\/durazno2018SJA_8657.jpg\" alt=\"\" width=\"1200\" height=\"800\" srcset=\"https:\/\/www.hoymercedes.com.ar\/principal\/wp-content\/uploads\/2018\/12\/durazno2018SJA_8657.jpg 1200w, https:\/\/www.hoymercedes.com.ar\/principal\/wp-content\/uploads\/2018\/12\/durazno2018SJA_8657-150x100.jpg 150w, https:\/\/www.hoymercedes.com.ar\/principal\/wp-content\/uploads\/2018\/12\/durazno2018SJA_8657-630x420.jpg 630w, https:\/\/www.hoymercedes.com.ar\/principal\/wp-content\/uploads\/2018\/12\/durazno2018SJA_8657-1024x683.jpg 1024w\" sizes=\"auto, (max-width: 1200px) 100vw, 1200px\" \/><\/p>\n<p><img loading=\"lazy\" decoding=\"async\" data-attachment-id=\"85129\" data-permalink=\"https:\/\/www.hoymercedes.com.ar\/principal\/2018\/12\/08\/multitudinario-inicio-de-la-42-fiesta-nacional-del-durazno\/durazno2018sja_8680\/#main\" data-orig-file=\"https:\/\/www.hoymercedes.com.ar\/principal\/wp-content\/uploads\/2018\/12\/durazno2018SJA_8680.jpg\" data-orig-size=\"1200,800\" data-comments-opened=\"0\" data-image-meta=\"{&quot;aperture&quot;:&quot;5&quot;,&quot;credit&quot;:&quot;SEBASTIANAMBROSSIO&quot;,&quot;camera&quot;:&quot;NIKON D5&quot;,&quot;caption&quot;:&quot;&quot;,&quot;created_timestamp&quot;:&quot;1544227303&quot;,&quot;copyright&quot;:&quot;SebastianAmbrossio&quot;,&quot;focal_length&quot;:&quot;145&quot;,&quot;iso&quot;:&quot;3200&quot;,&quot;shutter_speed&quot;:&quot;0.016666666666667&quot;,&quot;title&quot;:&quot;&quot;,&quot;orientation&quot;:&quot;0&quot;}\" data-image-title=\"durazno2018SJA_8680\" data-image-description=\"\" data-image-caption=\"\" data-large-file=\"https:\/\/www.hoymercedes.com.ar\/principal\/wp-content\/uploads\/2018\/12\/durazno2018SJA_8680-1024x683.jpg\" class=\"aligncenter size-full wp-image-85129\" src=\"https:\/\/www.hoymercedes.com.ar\/principal\/wp-content\/uploads\/2018\/12\/durazno2018SJA_8680.jpg\" alt=\"\" width=\"1200\" height=\"800\" srcset=\"https:\/\/www.hoymercedes.com.ar\/principal\/wp-content\/uploads\/2018\/12\/durazno2018SJA_8680.jpg 1200w, https:\/\/www.hoymercedes.com.ar\/principal\/wp-content\/uploads\/2018\/12\/durazno2018SJA_8680-150x100.jpg 150w, https:\/\/www.hoymercedes.com.ar\/principal\/wp-content\/uploads\/2018\/12\/durazno2018SJA_8680-630x420.jpg 630w, https:\/\/www.hoymercedes.com.ar\/principal\/wp-content\/uploads\/2018\/12\/durazno2018SJA_8680-1024x683.jpg 1024w\" sizes=\"auto, (max-width: 1200px) 100vw, 1200px\" \/><\/p>\n<p>&nbsp;<\/p>\n<p><span style=\"color: #808080;\">Info: Municipio\u00a0<\/span><\/p>\n","protected":false},"excerpt":{"rendered":"<p>Durante la jornada de este viernes se llev\u00f3 a cabo la inauguraci\u00f3n de la 42\u00b0 Fiesta Nacional del Durazno con &#8230; <a title=\"Multitudinario inicio de la 42\u00b0 Fiesta Nacional del Durazno\" class=\"read-more\" href=\"https:\/\/www.hoymercedes.com.ar\/principal\/2018\/12\/08\/multitudinario-inicio-de-la-42-fiesta-nacional-del-durazno\/\" aria-label=\"Leer m\u00e1s sobre Multitudinario inicio de la 42\u00b0 Fiesta Nacional del Durazno\">Leer m\u00e1s<\/a><\/p>\n","protected":false},"author":1,"featured_media":85124,"comment_status":"closed","ping_status":"open","sticky":false,"template":"","format":"standard","meta":{"_monsterinsights_skip_tracking":false,"_monsterinsights_sitenote_active":false,"_monsterinsights_sitenote_note":"","_monsterinsights_sitenote_category":0,"jetpack_post_was_ever_published":false,"_jetpack_newsletter_access":"","_jetpack_dont_email_post_to_subs":false,"_jetpack_newsletter_tier_id":0,"_jetpack_memberships_contains_paywalled_content":false,"_jetpack_memberships_contains_paid_content":false,"footnotes":"","jetpack_publicize_message":"","jetpack_publicize_feature_enabled":true,"jetpack_social_post_already_shared":true,"jetpack_social_options":{"image_generator_settings":{"template":"highway","default_image_id":0,"font":"","enabled":false},"version":2},"_wpas_customize_per_network":false},"categories":[30],"tags":[3051,424],"class_list":["post-85122","post","type-post","status-publish","format-standard","has-post-thumbnail","hentry","category-municipio","tag-fiesta-nacional-del-durazno","tag-ustarroz","generate-columns","tablet-grid-50","mobile-grid-100","grid-parent","grid-50"],"jetpack_publicize_connections":[],"jetpack_featured_media_url":"https:\/\/www.hoymercedes.com.ar\/principal\/wp-content\/uploads\/2018\/12\/durazno2018DSC04639.jpg","wps_subtitle":"","jetpack_sharing_enabled":true,"_links":{"self":[{"href":"https:\/\/www.hoymercedes.com.ar\/principal\/wp-json\/wp\/v2\/posts\/85122","targetHints":{"allow":["GET"]}}],"collection":[{"href":"https:\/\/www.hoymercedes.com.ar\/principal\/wp-json\/wp\/v2\/posts"}],"about":[{"href":"https:\/\/www.hoymercedes.com.ar\/principal\/wp-json\/wp\/v2\/types\/post"}],"author":[{"embeddable":true,"href":"https:\/\/www.hoymercedes.com.ar\/principal\/wp-json\/wp\/v2\/users\/1"}],"replies":[{"embeddable":true,"href":"https:\/\/www.hoymercedes.com.ar\/principal\/wp-json\/wp\/v2\/comments?post=85122"}],"version-history":[{"count":0,"href":"https:\/\/www.hoymercedes.com.ar\/principal\/wp-json\/wp\/v2\/posts\/85122\/revisions"}],"wp:featuredmedia":[{"embeddable":true,"href":"https:\/\/www.hoymercedes.com.ar\/principal\/wp-json\/wp\/v2\/media\/85124"}],"wp:attachment":[{"href":"https:\/\/www.hoymercedes.com.ar\/principal\/wp-json\/wp\/v2\/media?parent=85122"}],"wp:term":[{"taxonomy":"category","embeddable":true,"href":"https:\/\/www.hoymercedes.com.ar\/principal\/wp-json\/wp\/v2\/categories?post=85122"},{"taxonomy":"post_tag","embeddable":true,"href":"https:\/\/www.hoymercedes.com.ar\/principal\/wp-json\/wp\/v2\/tags?post=85122"}],"curies":[{"name":"wp","href":"https:\/\/api.w.org\/{rel}","templated":true}]}}