{"id":85132,"date":"2018-12-08T10:38:50","date_gmt":"2018-12-08T13:38:50","guid":{"rendered":"http:\/\/www.hoymercedes.com.ar\/principal\/?p=85132"},"modified":"2018-12-09T13:31:05","modified_gmt":"2018-12-09T16:31:05","slug":"el-miguez-elije-su-arbolito-de-navidad","status":"publish","type":"post","link":"https:\/\/www.hoymercedes.com.ar\/principal\/2018\/12\/08\/el-miguez-elije-su-arbolito-de-navidad\/","title":{"rendered":"El Miguez elije su arbolito de navidad"},"content":{"rendered":"<p style=\"padding-left: 30px;\">Desde las 10 y hasta las 18 horas de este s\u00e1bado 8 de diciembre el Museo Victor Miguez abre sus puertas para que el p\u00fablico pase y vote por el arbolito que m\u00e1s les guste entre las propuestas presentadas por ni\u00f1os, ni\u00f1as y j\u00f3venes. A las 18.30 hs se sabr\u00e1 qu\u00e9 ni\u00f1o\/a o joven gan\u00f3 de cada categor\u00eda y se entregar\u00e1n los premios.<\/p>\n<p><img loading=\"lazy\" decoding=\"async\" data-attachment-id=\"85133\" data-permalink=\"https:\/\/www.hoymercedes.com.ar\/principal\/2018\/12\/08\/el-miguez-elije-su-arbolito-de-navidad\/img-20181208-wa0001\/#main\" data-orig-file=\"https:\/\/www.hoymercedes.com.ar\/principal\/wp-content\/uploads\/2018\/12\/IMG-20181208-WA0001.jpg\" data-orig-size=\"833,833\" data-comments-opened=\"0\" data-image-meta=\"{&quot;aperture&quot;:&quot;0&quot;,&quot;credit&quot;:&quot;&quot;,&quot;camera&quot;:&quot;&quot;,&quot;caption&quot;:&quot;&quot;,&quot;created_timestamp&quot;:&quot;0&quot;,&quot;copyright&quot;:&quot;&quot;,&quot;focal_length&quot;:&quot;0&quot;,&quot;iso&quot;:&quot;0&quot;,&quot;shutter_speed&quot;:&quot;0&quot;,&quot;title&quot;:&quot;&quot;,&quot;orientation&quot;:&quot;0&quot;}\" data-image-title=\"IMG-20181208-WA0001\" data-image-description=\"\" data-image-caption=\"\" data-large-file=\"https:\/\/www.hoymercedes.com.ar\/principal\/wp-content\/uploads\/2018\/12\/IMG-20181208-WA0001.jpg\" class=\"aligncenter size-full wp-image-85133\" src=\"https:\/\/www.hoymercedes.com.ar\/principal\/wp-content\/uploads\/2018\/12\/IMG-20181208-WA0001.jpg\" alt=\"\" width=\"833\" height=\"833\" srcset=\"https:\/\/www.hoymercedes.com.ar\/principal\/wp-content\/uploads\/2018\/12\/IMG-20181208-WA0001.jpg 833w, https:\/\/www.hoymercedes.com.ar\/principal\/wp-content\/uploads\/2018\/12\/IMG-20181208-WA0001-150x150.jpg 150w, https:\/\/www.hoymercedes.com.ar\/principal\/wp-content\/uploads\/2018\/12\/IMG-20181208-WA0001-620x620.jpg 620w\" sizes=\"auto, (max-width: 833px) 100vw, 833px\" \/><\/p>\n","protected":false},"excerpt":{"rendered":"<p>Desde las 10 y hasta las 18 horas de este s\u00e1bado 8 de diciembre el Museo Victor Miguez abre sus &#8230; <a title=\"El Miguez elije su arbolito de navidad\" class=\"read-more\" href=\"https:\/\/www.hoymercedes.com.ar\/principal\/2018\/12\/08\/el-miguez-elije-su-arbolito-de-navidad\/\" aria-label=\"Leer m\u00e1s sobre El Miguez elije su arbolito de navidad\">Leer m\u00e1s<\/a><\/p>\n","protected":false},"author":1,"featured_media":85133,"comment_status":"closed","ping_status":"open","sticky":false,"template":"","format":"standard","meta":{"_monsterinsights_skip_tracking":false,"_monsterinsights_sitenote_active":false,"_monsterinsights_sitenote_note":"","_monsterinsights_sitenote_category":0,"jetpack_post_was_ever_published":false,"_jetpack_newsletter_access":"","_jetpack_dont_email_post_to_subs":false,"_jetpack_newsletter_tier_id":0,"_jetpack_memberships_contains_paywalled_content":false,"_jetpack_memberships_contains_paid_content":false,"footnotes":"","jetpack_publicize_message":"El Miguez elije su arbolito de navidad","jetpack_publicize_feature_enabled":true,"jetpack_social_post_already_shared":true,"jetpack_social_options":{"image_generator_settings":{"template":"highway","default_image_id":0,"font":"","enabled":false},"version":2},"_wpas_customize_per_network":false},"categories":[104],"tags":[3725,7805,3766],"class_list":["post-85132","post","type-post","status-publish","format-standard","has-post-thumbnail","hentry","category-cultura","tag-arbolito","tag-cultura","tag-museo-miguez","generate-columns","tablet-grid-50","mobile-grid-100","grid-parent","grid-50"],"jetpack_publicize_connections":[],"jetpack_featured_media_url":"https:\/\/www.hoymercedes.com.ar\/principal\/wp-content\/uploads\/2018\/12\/IMG-20181208-WA0001.jpg","wps_subtitle":"","jetpack_sharing_enabled":true,"_links":{"self":[{"href":"https:\/\/www.hoymercedes.com.ar\/principal\/wp-json\/wp\/v2\/posts\/85132","targetHints":{"allow":["GET"]}}],"collection":[{"href":"https:\/\/www.hoymercedes.com.ar\/principal\/wp-json\/wp\/v2\/posts"}],"about":[{"href":"https:\/\/www.hoymercedes.com.ar\/principal\/wp-json\/wp\/v2\/types\/post"}],"author":[{"embeddable":true,"href":"https:\/\/www.hoymercedes.com.ar\/principal\/wp-json\/wp\/v2\/users\/1"}],"replies":[{"embeddable":true,"href":"https:\/\/www.hoymercedes.com.ar\/principal\/wp-json\/wp\/v2\/comments?post=85132"}],"version-history":[{"count":0,"href":"https:\/\/www.hoymercedes.com.ar\/principal\/wp-json\/wp\/v2\/posts\/85132\/revisions"}],"wp:featuredmedia":[{"embeddable":true,"href":"https:\/\/www.hoymercedes.com.ar\/principal\/wp-json\/wp\/v2\/media\/85133"}],"wp:attachment":[{"href":"https:\/\/www.hoymercedes.com.ar\/principal\/wp-json\/wp\/v2\/media?parent=85132"}],"wp:term":[{"taxonomy":"category","embeddable":true,"href":"https:\/\/www.hoymercedes.com.ar\/principal\/wp-json\/wp\/v2\/categories?post=85132"},{"taxonomy":"post_tag","embeddable":true,"href":"https:\/\/www.hoymercedes.com.ar\/principal\/wp-json\/wp\/v2\/tags?post=85132"}],"curies":[{"name":"wp","href":"https:\/\/api.w.org\/{rel}","templated":true}]}}