{"id":8514,"date":"2011-10-23T20:45:46","date_gmt":"2011-10-23T20:45:46","guid":{"rendered":"http:\/\/www.hoymercedes.com.ar\/principal\/?p=8514"},"modified":"2011-10-23T20:45:46","modified_gmt":"2011-10-23T20:45:46","slug":"se-calcula-se-extendera-el-horario-de-votacion","status":"publish","type":"post","link":"https:\/\/www.hoymercedes.com.ar\/principal\/2011\/10\/23\/se-calcula-se-extendera-el-horario-de-votacion\/","title":{"rendered":"Se calcula se extender\u00e1 el horario de votaci\u00f3n"},"content":{"rendered":"<p style=\"text-align: center;\"><a href=\"https:\/\/www.hoymercedes.com.ar\/principal\/wp-content\/uploads\/2011\/10\/elecciones-escuela10.jpg\"><img loading=\"lazy\" decoding=\"async\" data-attachment-id=\"8520\" data-permalink=\"https:\/\/www.hoymercedes.com.ar\/principal\/2011\/10\/23\/se-calcula-se-extendera-el-horario-de-votacion\/elecciones-escuela10\/#main\" data-orig-file=\"https:\/\/www.hoymercedes.com.ar\/principal\/wp-content\/uploads\/2011\/10\/elecciones-escuela10.jpg\" data-orig-size=\"640,480\" data-comments-opened=\"1\" data-image-meta=\"{&quot;aperture&quot;:&quot;3.1&quot;,&quot;credit&quot;:&quot;&quot;,&quot;camera&quot;:&quot;DSC-S2000&quot;,&quot;caption&quot;:&quot;&quot;,&quot;created_timestamp&quot;:&quot;1319377276&quot;,&quot;copyright&quot;:&quot;&quot;,&quot;focal_length&quot;:&quot;6.2&quot;,&quot;iso&quot;:&quot;800&quot;,&quot;shutter_speed&quot;:&quot;0.0005&quot;,&quot;title&quot;:&quot;&quot;}\" data-image-title=\"elecciones-escuela10\" data-image-description=\"\" data-image-caption=\"\" data-large-file=\"https:\/\/www.hoymercedes.com.ar\/principal\/wp-content\/uploads\/2011\/10\/elecciones-escuela10.jpg\" class=\"aligncenter size-full wp-image-8520\" title=\"elecciones-escuela10\" src=\"https:\/\/www.hoymercedes.com.ar\/principal\/wp-content\/uploads\/2011\/10\/elecciones-escuela10.jpg\" alt=\"\" width=\"612\" height=\"430\" \/><\/a><\/p>\n<p>Si bien se ha realizado con total normalidad las elecciones este domingo en nuestra ciudad gran parte de los mercedinos eligieron sufragar luego del mediod\u00eda\u00a0produci\u00e9ndose\u00a0un relativo atraso para muchos vecinos.<\/p>\n<p>En algunas instituciones colas de votantes esperaban puertas afuera y hasta en la calle misma.<\/p>\n<p>La principal idea que circulaba por la ciudad durante este domingo era la de esperar hasta que el \u00faltimo de los vecinos pueda colocar su\u00a0intenci\u00f3n en las urnas. En caso de encontrarse en las afueras unas de las cuestiones que se manejaba era que ser\u00edan los gendarmes quienes guiar\u00edan as las personas para que no se retiraran y sufragaran a\u00fan fuera de horario.<\/p>\n<p style=\"text-align: center;\"><a href=\"https:\/\/www.hoymercedes.com.ar\/principal\/wp-content\/uploads\/2011\/10\/elecciones-e10.jpg\"><img loading=\"lazy\" decoding=\"async\" data-attachment-id=\"8521\" data-permalink=\"https:\/\/www.hoymercedes.com.ar\/principal\/2011\/10\/23\/se-calcula-se-extendera-el-horario-de-votacion\/elecciones-e10\/#main\" data-orig-file=\"https:\/\/www.hoymercedes.com.ar\/principal\/wp-content\/uploads\/2011\/10\/elecciones-e10.jpg\" data-orig-size=\"640,480\" data-comments-opened=\"1\" data-image-meta=\"{&quot;aperture&quot;:&quot;3.1&quot;,&quot;credit&quot;:&quot;&quot;,&quot;camera&quot;:&quot;DSC-S2000&quot;,&quot;caption&quot;:&quot;&quot;,&quot;created_timestamp&quot;:&quot;1319379459&quot;,&quot;copyright&quot;:&quot;&quot;,&quot;focal_length&quot;:&quot;6.2&quot;,&quot;iso&quot;:&quot;800&quot;,&quot;shutter_speed&quot;:&quot;0.02&quot;,&quot;title&quot;:&quot;&quot;}\" data-image-title=\"elecciones-e10\" data-image-description=\"\" data-image-caption=\"\" data-large-file=\"https:\/\/www.hoymercedes.com.ar\/principal\/wp-content\/uploads\/2011\/10\/elecciones-e10.jpg\" class=\"aligncenter size-full wp-image-8521\" title=\"elecciones-e10\" src=\"https:\/\/www.hoymercedes.com.ar\/principal\/wp-content\/uploads\/2011\/10\/elecciones-e10.jpg\" alt=\"\" width=\"612\" height=\"430\" \/><\/a><\/p>\n","protected":false},"excerpt":{"rendered":"<p>Si bien se ha realizado con total normalidad las elecciones este domingo en nuestra ciudad gran parte de los mercedinos &#8230; <a title=\"Se calcula se extender\u00e1 el horario de votaci\u00f3n\" class=\"read-more\" href=\"https:\/\/www.hoymercedes.com.ar\/principal\/2011\/10\/23\/se-calcula-se-extendera-el-horario-de-votacion\/\" aria-label=\"Leer m\u00e1s sobre Se calcula se extender\u00e1 el horario de votaci\u00f3n\">Leer m\u00e1s<\/a><\/p>\n","protected":false},"author":1,"featured_media":0,"comment_status":"open","ping_status":"open","sticky":false,"template":"","format":"standard","meta":{"_monsterinsights_skip_tracking":false,"_monsterinsights_sitenote_active":false,"_monsterinsights_sitenote_note":"","_monsterinsights_sitenote_category":0,"jetpack_post_was_ever_published":false,"_jetpack_newsletter_access":"","_jetpack_dont_email_post_to_subs":false,"_jetpack_newsletter_tier_id":0,"_jetpack_memberships_contains_paywalled_content":false,"_jetpack_memberships_contains_paid_content":false,"footnotes":"","jetpack_publicize_message":"","jetpack_publicize_feature_enabled":true,"jetpack_social_post_already_shared":false,"jetpack_social_options":{"image_generator_settings":{"template":"highway","default_image_id":0,"font":"","enabled":false},"version":2},"_wpas_customize_per_network":false},"categories":[5],"tags":[957,10],"class_list":["post-8514","post","type-post","status-publish","format-standard","hentry","category-politica","tag-elecciones-2011-2","tag-mercedes","generate-columns","tablet-grid-50","mobile-grid-100","grid-parent","grid-50"],"jetpack_publicize_connections":[],"jetpack_featured_media_url":"","wps_subtitle":"","jetpack_sharing_enabled":true,"_links":{"self":[{"href":"https:\/\/www.hoymercedes.com.ar\/principal\/wp-json\/wp\/v2\/posts\/8514","targetHints":{"allow":["GET"]}}],"collection":[{"href":"https:\/\/www.hoymercedes.com.ar\/principal\/wp-json\/wp\/v2\/posts"}],"about":[{"href":"https:\/\/www.hoymercedes.com.ar\/principal\/wp-json\/wp\/v2\/types\/post"}],"author":[{"embeddable":true,"href":"https:\/\/www.hoymercedes.com.ar\/principal\/wp-json\/wp\/v2\/users\/1"}],"replies":[{"embeddable":true,"href":"https:\/\/www.hoymercedes.com.ar\/principal\/wp-json\/wp\/v2\/comments?post=8514"}],"version-history":[{"count":0,"href":"https:\/\/www.hoymercedes.com.ar\/principal\/wp-json\/wp\/v2\/posts\/8514\/revisions"}],"wp:attachment":[{"href":"https:\/\/www.hoymercedes.com.ar\/principal\/wp-json\/wp\/v2\/media?parent=8514"}],"wp:term":[{"taxonomy":"category","embeddable":true,"href":"https:\/\/www.hoymercedes.com.ar\/principal\/wp-json\/wp\/v2\/categories?post=8514"},{"taxonomy":"post_tag","embeddable":true,"href":"https:\/\/www.hoymercedes.com.ar\/principal\/wp-json\/wp\/v2\/tags?post=8514"}],"curies":[{"name":"wp","href":"https:\/\/api.w.org\/{rel}","templated":true}]}}