{"id":85158,"date":"2018-12-08T16:12:25","date_gmt":"2018-12-08T19:12:25","guid":{"rendered":"http:\/\/www.hoymercedes.com.ar\/principal\/?p=85158"},"modified":"2018-12-09T13:29:18","modified_gmt":"2018-12-09T16:29:18","slug":"festejos-y-reconocimientos-en-el-mercedes-rugby-club-tras-ascender-a-segunda","status":"publish","type":"post","link":"https:\/\/www.hoymercedes.com.ar\/principal\/2018\/12\/08\/festejos-y-reconocimientos-en-el-mercedes-rugby-club-tras-ascender-a-segunda\/","title":{"rendered":"Festejos y reconocimientos en el Mercedes Rugby Club tras ascender a segunda"},"content":{"rendered":"\n<p>En el predio de la instituci\u00f3n se llev\u00f3 a cabo un encuentro\nen el cual se festej\u00f3 y efectuaron reconocimientos a quienes fueron parte del\nascenso a segunda divisi\u00f3n del Mercedes Rugby Club. El intendente Ustarroz\nentreg\u00f3 una placa conmemorando el importante logro deportivo.<\/p>\n\n\n\n<figure class=\"wp-block-image\"><img loading=\"lazy\" decoding=\"async\" width=\"730\" height=\"573\" data-attachment-id=\"85159\" data-permalink=\"https:\/\/www.hoymercedes.com.ar\/principal\/2018\/12\/08\/festejos-y-reconocimientos-en-el-mercedes-rugby-club-tras-ascender-a-segunda\/mercedesrugbyclub-2\/#main\" data-orig-file=\"https:\/\/www.hoymercedes.com.ar\/principal\/wp-content\/uploads\/2018\/12\/mercedesrugbyclub-2.jpeg\" data-orig-size=\"730,573\" data-comments-opened=\"0\" data-image-meta=\"{&quot;aperture&quot;:&quot;0&quot;,&quot;credit&quot;:&quot;&quot;,&quot;camera&quot;:&quot;&quot;,&quot;caption&quot;:&quot;&quot;,&quot;created_timestamp&quot;:&quot;0&quot;,&quot;copyright&quot;:&quot;&quot;,&quot;focal_length&quot;:&quot;0&quot;,&quot;iso&quot;:&quot;0&quot;,&quot;shutter_speed&quot;:&quot;0&quot;,&quot;title&quot;:&quot;&quot;,&quot;orientation&quot;:&quot;0&quot;}\" data-image-title=\"mercedesrugbyclub-2\" data-image-description=\"\" data-image-caption=\"\" data-large-file=\"https:\/\/www.hoymercedes.com.ar\/principal\/wp-content\/uploads\/2018\/12\/mercedesrugbyclub-2.jpeg\" src=\"https:\/\/www.hoymercedes.com.ar\/principal\/wp-content\/uploads\/2018\/12\/mercedesrugbyclub-2.jpeg\" alt=\"Un gran logro deportivo para la instituci\u00f3n \" class=\"wp-image-85159\" srcset=\"https:\/\/www.hoymercedes.com.ar\/principal\/wp-content\/uploads\/2018\/12\/mercedesrugbyclub-2.jpeg 730w, https:\/\/www.hoymercedes.com.ar\/principal\/wp-content\/uploads\/2018\/12\/mercedesrugbyclub-2-150x118.jpeg 150w, https:\/\/www.hoymercedes.com.ar\/principal\/wp-content\/uploads\/2018\/12\/mercedesrugbyclub-2-630x495.jpeg 630w\" sizes=\"auto, (max-width: 730px) 100vw, 730px\" \/><\/figure>\n\n\n\n<p>Con invitados especiales, jugadores, cuerpo t\u00e9cnico,\ncomisi\u00f3n directiva, trabajadores, se llev\u00f3 a cabo la jornada en que se celebr\u00f3\nel logro deportivo obtenido.<\/p>\n\n\n\n<p>El jefe comunal expres\u00f3 que \u201centregamos un reconocimiento al\ngran equipo de trabajo, sus jugadores, cuerpo t\u00e9cnico, a cada uno que con\nesfuerzo, profesionalismo y pasi\u00f3n logrando el ascenso del Mercedes Rugby Club\na segunda divisi\u00f3n\u201d destacando la importancia del trabajo disciplinado y\nriguroso que han tenido.<\/p>\n\n\n\n<figure class=\"wp-block-image\"><img loading=\"lazy\" decoding=\"async\" width=\"730\" height=\"445\" data-attachment-id=\"85160\" data-permalink=\"https:\/\/www.hoymercedes.com.ar\/principal\/2018\/12\/08\/festejos-y-reconocimientos-en-el-mercedes-rugby-club-tras-ascender-a-segunda\/mercedesrugbyclub-3\/#main\" data-orig-file=\"https:\/\/www.hoymercedes.com.ar\/principal\/wp-content\/uploads\/2018\/12\/mercedesrugbyclub-3.jpeg\" data-orig-size=\"730,445\" data-comments-opened=\"0\" data-image-meta=\"{&quot;aperture&quot;:&quot;0&quot;,&quot;credit&quot;:&quot;&quot;,&quot;camera&quot;:&quot;&quot;,&quot;caption&quot;:&quot;&quot;,&quot;created_timestamp&quot;:&quot;0&quot;,&quot;copyright&quot;:&quot;&quot;,&quot;focal_length&quot;:&quot;0&quot;,&quot;iso&quot;:&quot;0&quot;,&quot;shutter_speed&quot;:&quot;0&quot;,&quot;title&quot;:&quot;&quot;,&quot;orientation&quot;:&quot;0&quot;}\" data-image-title=\"mercedesrugbyclub-3\" data-image-description=\"\" data-image-caption=\"\" data-large-file=\"https:\/\/www.hoymercedes.com.ar\/principal\/wp-content\/uploads\/2018\/12\/mercedesrugbyclub-3.jpeg\" src=\"https:\/\/www.hoymercedes.com.ar\/principal\/wp-content\/uploads\/2018\/12\/mercedesrugbyclub-3.jpeg\" alt=\"Entrega de placa conmemorativa\" class=\"wp-image-85160\" srcset=\"https:\/\/www.hoymercedes.com.ar\/principal\/wp-content\/uploads\/2018\/12\/mercedesrugbyclub-3.jpeg 730w, https:\/\/www.hoymercedes.com.ar\/principal\/wp-content\/uploads\/2018\/12\/mercedesrugbyclub-3-150x91.jpeg 150w, https:\/\/www.hoymercedes.com.ar\/principal\/wp-content\/uploads\/2018\/12\/mercedesrugbyclub-3-630x384.jpeg 630w\" sizes=\"auto, (max-width: 730px) 100vw, 730px\" \/><\/figure>\n\n\n\n<p>El Mercedes Rugby Club d\u00edas atr\u00e1s lograron un gran paso en su historia a conseguir el tan deseado y anhelado ascenso a segunda divisi\u00f3n lo que les dar\u00e1 un mayor desaf\u00edo, impulso y compromisos profesionales y deportivos. <\/p>\n\n\n\n<figure class=\"wp-block-image\"><img loading=\"lazy\" decoding=\"async\" width=\"730\" height=\"411\" data-attachment-id=\"85161\" data-permalink=\"https:\/\/www.hoymercedes.com.ar\/principal\/2018\/12\/08\/festejos-y-reconocimientos-en-el-mercedes-rugby-club-tras-ascender-a-segunda\/mercedesrugbyclub-1\/#main\" data-orig-file=\"https:\/\/www.hoymercedes.com.ar\/principal\/wp-content\/uploads\/2018\/12\/mercedesrugbyclub-1.jpeg\" data-orig-size=\"730,411\" data-comments-opened=\"0\" data-image-meta=\"{&quot;aperture&quot;:&quot;0&quot;,&quot;credit&quot;:&quot;&quot;,&quot;camera&quot;:&quot;&quot;,&quot;caption&quot;:&quot;&quot;,&quot;created_timestamp&quot;:&quot;0&quot;,&quot;copyright&quot;:&quot;&quot;,&quot;focal_length&quot;:&quot;0&quot;,&quot;iso&quot;:&quot;0&quot;,&quot;shutter_speed&quot;:&quot;0&quot;,&quot;title&quot;:&quot;&quot;,&quot;orientation&quot;:&quot;0&quot;}\" data-image-title=\"mercedesrugbyclub-1\" data-image-description=\"\" data-image-caption=\"\" data-large-file=\"https:\/\/www.hoymercedes.com.ar\/principal\/wp-content\/uploads\/2018\/12\/mercedesrugbyclub-1.jpeg\" src=\"https:\/\/www.hoymercedes.com.ar\/principal\/wp-content\/uploads\/2018\/12\/mercedesrugbyclub-1.jpeg\" alt=\"Encuentro de deporte y familia\" class=\"wp-image-85161\" srcset=\"https:\/\/www.hoymercedes.com.ar\/principal\/wp-content\/uploads\/2018\/12\/mercedesrugbyclub-1.jpeg 730w, https:\/\/www.hoymercedes.com.ar\/principal\/wp-content\/uploads\/2018\/12\/mercedesrugbyclub-1-150x84.jpeg 150w, https:\/\/www.hoymercedes.com.ar\/principal\/wp-content\/uploads\/2018\/12\/mercedesrugbyclub-1-630x355.jpeg 630w\" sizes=\"auto, (max-width: 730px) 100vw, 730px\" \/><\/figure>\n\n\n\n<figure class=\"wp-block-embed-twitter wp-block-embed is-type-rich is-provider-twitter\"><div class=\"wp-block-embed__wrapper\">\n<blockquote class=\"twitter-tweet\" data-width=\"550\" data-dnt=\"true\"><p lang=\"es\" dir=\"ltr\">Entregamos reconocimiento al gran equipo de trabajo, sus jugadores, cuerpo t\u00e9cnico, a cada uno que con esfuerzo, profesionalismo y pasi\u00f3n logrando el ascenso del Mercedes Rugby Club a segunda divisi\u00f3n. Felicitaciones.\ud83d\udc4f <a href=\"https:\/\/t.co\/rvZa1NJQqb\">pic.twitter.com\/rvZa1NJQqb<\/a><\/p>&mdash; Juani Ustarroz (@juaniustarroz) <a href=\"https:\/\/twitter.com\/juaniustarroz\/status\/1071479895270797313?ref_src=twsrc%5Etfw\" target=\"_blank\" rel=\"noopener\">December 8, 2018<\/a><\/blockquote><script async src=\"https:\/\/platform.twitter.com\/widgets.js\" charset=\"utf-8\"><\/script>\n<\/div><\/figure>\n","protected":false},"excerpt":{"rendered":"<p>En el predio de la instituci\u00f3n se llev\u00f3 a cabo un encuentro en el cual se festej\u00f3 y efectuaron reconocimientos &#8230; <a title=\"Festejos y reconocimientos en el Mercedes Rugby Club tras ascender a segunda\" class=\"read-more\" href=\"https:\/\/www.hoymercedes.com.ar\/principal\/2018\/12\/08\/festejos-y-reconocimientos-en-el-mercedes-rugby-club-tras-ascender-a-segunda\/\" aria-label=\"Leer m\u00e1s sobre Festejos y reconocimientos en el Mercedes Rugby Club tras ascender a segunda\">Leer m\u00e1s<\/a><\/p>\n","protected":false},"author":1,"featured_media":85159,"comment_status":"closed","ping_status":"open","sticky":false,"template":"","format":"standard","meta":{"_monsterinsights_skip_tracking":false,"_monsterinsights_sitenote_active":false,"_monsterinsights_sitenote_note":"","_monsterinsights_sitenote_category":0,"jetpack_post_was_ever_published":false,"_jetpack_newsletter_access":"","_jetpack_dont_email_post_to_subs":false,"_jetpack_newsletter_tier_id":0,"_jetpack_memberships_contains_paywalled_content":false,"_jetpack_memberships_contains_paid_content":false,"footnotes":"","jetpack_publicize_message":"","jetpack_publicize_feature_enabled":true,"jetpack_social_post_already_shared":true,"jetpack_social_options":{"image_generator_settings":{"template":"highway","default_image_id":0,"font":"","enabled":false},"version":2},"_wpas_customize_per_network":false},"categories":[21],"tags":[10398,204,14177],"class_list":["post-85158","post","type-post","status-publish","format-standard","has-post-thumbnail","hentry","category-deportes","tag-cierre-de-ano","tag-deportes-2","tag-mercedes-rguby-club","generate-columns","tablet-grid-50","mobile-grid-100","grid-parent","grid-50"],"jetpack_publicize_connections":[],"jetpack_featured_media_url":"https:\/\/www.hoymercedes.com.ar\/principal\/wp-content\/uploads\/2018\/12\/mercedesrugbyclub-2.jpeg","wps_subtitle":"","jetpack_sharing_enabled":true,"jetpack-related-posts":[{"id":85562,"url":"https:\/\/www.hoymercedes.com.ar\/principal\/2018\/12\/15\/ustarroz-entrego-reconocimiento-al-mercedes-rugby-club-tras-logra-ascenso\/","url_meta":{"origin":85158,"position":0},"title":"Ustarroz entreg\u00f3 reconocimiento al Mercedes Rugby Club tras logra ascenso","author":"hoymercedes","date":"15 diciembre, 2018","format":false,"excerpt":"En el predio de la instituci\u00f3n se llev\u00f3 a cabo un encuentro en el cual se festej\u00f3 y efectuaron reconocimientos a quienes fueron parte del ascenso a segunda divisi\u00f3n del Mercedes Rugby Club. El intendente Ustarroz entreg\u00f3 una placa conmemorando el importante logro deportivo. Con invitados especiales, jugadores, cuerpo t\u00e9cnico,\u2026","rel":"","context":"En \u00abDeportes\u00bb","block_context":{"text":"Deportes","link":"https:\/\/www.hoymercedes.com.ar\/principal\/category\/deportes\/"},"img":{"alt_text":"","src":"https:\/\/i0.wp.com\/www.hoymercedes.com.ar\/principal\/wp-content\/uploads\/2018\/12\/rugby-3.jpg?resize=350%2C200&ssl=1","width":350,"height":200,"srcset":"https:\/\/i0.wp.com\/www.hoymercedes.com.ar\/principal\/wp-content\/uploads\/2018\/12\/rugby-3.jpg?resize=350%2C200&ssl=1 1x, https:\/\/i0.wp.com\/www.hoymercedes.com.ar\/principal\/wp-content\/uploads\/2018\/12\/rugby-3.jpg?resize=525%2C300&ssl=1 1.5x, https:\/\/i0.wp.com\/www.hoymercedes.com.ar\/principal\/wp-content\/uploads\/2018\/12\/rugby-3.jpg?resize=700%2C400&ssl=1 2x"},"classes":[]},{"id":190963,"url":"https:\/\/www.hoymercedes.com.ar\/principal\/2026\/01\/14\/mercedes-rugby-club-ya-se-prepara-de-lleno-para-competir-en-la-segunda-division-de-la-urba\/","url_meta":{"origin":85158,"position":1},"title":"Mercedes Rugby Club ya se prepara de lleno para competir en la Segunda Divisi\u00f3n de la URBA","author":"hoymercedes","date":"14 enero, 2026","format":false,"excerpt":"El Mercedes Rugby Club oficializ\u00f3 el inicio de su temporada 2026 con el comienzo de la pretemporada, con la mira puesta en el desaf\u00edo de disputar nuevamente la Segunda Divisi\u00f3n de la Uni\u00f3n de Rugby de Buenos Aires (URBA). El plantel superior empezar\u00e1 sus entrenamientos el pr\u00f3ximo lunes 26 de\u2026","rel":"","context":"En \u00abDeportes\u00bb","block_context":{"text":"Deportes","link":"https:\/\/www.hoymercedes.com.ar\/principal\/category\/deportes\/"},"img":{"alt_text":"","src":"https:\/\/i0.wp.com\/www.hoymercedes.com.ar\/principal\/wp-content\/uploads\/2023\/11\/rugby-2011.jpg?resize=350%2C200&ssl=1","width":350,"height":200,"srcset":"https:\/\/i0.wp.com\/www.hoymercedes.com.ar\/principal\/wp-content\/uploads\/2023\/11\/rugby-2011.jpg?resize=350%2C200&ssl=1 1x, https:\/\/i0.wp.com\/www.hoymercedes.com.ar\/principal\/wp-content\/uploads\/2023\/11\/rugby-2011.jpg?resize=525%2C300&ssl=1 1.5x, https:\/\/i0.wp.com\/www.hoymercedes.com.ar\/principal\/wp-content\/uploads\/2023\/11\/rugby-2011.jpg?resize=700%2C400&ssl=1 2x"},"classes":[]},{"id":140442,"url":"https:\/\/www.hoymercedes.com.ar\/principal\/2021\/11\/22\/el-mercedes-rugby-club-no-pudo-con-st-brendans\/","url_meta":{"origin":85158,"position":2},"title":"El Mercedes Rugby Club no pudo con St. Brendans","author":"hoymercedes","date":"22 noviembre, 2021","format":false,"excerpt":"En condici\u00f3n de visitante perdi\u00f3 34 a 19 y no logr\u00f3 llegar a la final por el ascenso a Primera Divisi\u00f3n \u201cC\u201d. La otra llave fue para Argentino que super\u00f3 a Del Sur por 26 a 19.\u00a0 Los torneos organizados por la Uni\u00f3n de Rugby de Buenos Aires van llegando\u2026","rel":"","context":"En \u00abDeportes\u00bb","block_context":{"text":"Deportes","link":"https:\/\/www.hoymercedes.com.ar\/principal\/category\/deportes\/"},"img":{"alt_text":"","src":"https:\/\/i0.wp.com\/www.hoymercedes.com.ar\/principal\/wp-content\/uploads\/2021\/11\/WhatsApp-Image-2021-11-21-at-11.17.51.jpeg?resize=350%2C200&ssl=1","width":350,"height":200,"srcset":"https:\/\/i0.wp.com\/www.hoymercedes.com.ar\/principal\/wp-content\/uploads\/2021\/11\/WhatsApp-Image-2021-11-21-at-11.17.51.jpeg?resize=350%2C200&ssl=1 1x, https:\/\/i0.wp.com\/www.hoymercedes.com.ar\/principal\/wp-content\/uploads\/2021\/11\/WhatsApp-Image-2021-11-21-at-11.17.51.jpeg?resize=525%2C300&ssl=1 1.5x, https:\/\/i0.wp.com\/www.hoymercedes.com.ar\/principal\/wp-content\/uploads\/2021\/11\/WhatsApp-Image-2021-11-21-at-11.17.51.jpeg?resize=700%2C400&ssl=1 2x"},"classes":[]},{"id":169024,"url":"https:\/\/www.hoymercedes.com.ar\/principal\/2023\/10\/31\/el-mercedes-rugby-club-se-prepara-para-el-reducido\/","url_meta":{"origin":85158,"position":3},"title":"El Mercedes Rugby Club se prepara para el reducido","author":"hoymercedes","date":"31 octubre, 2023","format":false,"excerpt":"El pasado s\u00e1bado super\u00f3 a Varela Jr. y llega con toda la expectativa a la semifinal por el ascenso a Primera C. El pr\u00f3ximo fin de semana enfrentar\u00e1 a Los Molinos buscando un lugar en la final. Durante la jornada del s\u00e1bado se llev\u00f3 a cabo la \u00faltima fecha correspondiente\u2026","rel":"","context":"En \u00abDeportes\u00bb","block_context":{"text":"Deportes","link":"https:\/\/www.hoymercedes.com.ar\/principal\/category\/deportes\/"},"img":{"alt_text":"","src":"https:\/\/i0.wp.com\/www.hoymercedes.com.ar\/principal\/wp-content\/uploads\/2023\/08\/rugby-1408.jpg?resize=350%2C200&ssl=1","width":350,"height":200,"srcset":"https:\/\/i0.wp.com\/www.hoymercedes.com.ar\/principal\/wp-content\/uploads\/2023\/08\/rugby-1408.jpg?resize=350%2C200&ssl=1 1x, https:\/\/i0.wp.com\/www.hoymercedes.com.ar\/principal\/wp-content\/uploads\/2023\/08\/rugby-1408.jpg?resize=525%2C300&ssl=1 1.5x, https:\/\/i0.wp.com\/www.hoymercedes.com.ar\/principal\/wp-content\/uploads\/2023\/08\/rugby-1408.jpg?resize=700%2C400&ssl=1 2x"},"classes":[]},{"id":167282,"url":"https:\/\/www.hoymercedes.com.ar\/principal\/2023\/09\/19\/el-mercedes-rugby-club-estira-la-racha-de-victorias\/","url_meta":{"origin":85158,"position":4},"title":"El Mercedes Rugby Club estira la racha de victorias","author":"hoymercedes","date":"19 septiembre, 2023","format":false,"excerpt":"El s\u00e1bado super\u00f3 a La Salle Rugby y Hockey Club por 37 a 25. A cuatro fechas del final se mantiene en la cuarta posici\u00f3n con posibilidad de participar por el reducido del ascenso. Este s\u00e1bado por la tarde se llev\u00f3 a cabo la 22\u00ba fecha del torneo de Segunda\u2026","rel":"","context":"En \u00abDeportes\u00bb","block_context":{"text":"Deportes","link":"https:\/\/www.hoymercedes.com.ar\/principal\/category\/deportes\/"},"img":{"alt_text":"","src":"https:\/\/i0.wp.com\/www.hoymercedes.com.ar\/principal\/wp-content\/uploads\/2023\/09\/rugby-1809.jpg?resize=350%2C200&ssl=1","width":350,"height":200,"srcset":"https:\/\/i0.wp.com\/www.hoymercedes.com.ar\/principal\/wp-content\/uploads\/2023\/09\/rugby-1809.jpg?resize=350%2C200&ssl=1 1x, https:\/\/i0.wp.com\/www.hoymercedes.com.ar\/principal\/wp-content\/uploads\/2023\/09\/rugby-1809.jpg?resize=525%2C300&ssl=1 1.5x, https:\/\/i0.wp.com\/www.hoymercedes.com.ar\/principal\/wp-content\/uploads\/2023\/09\/rugby-1809.jpg?resize=700%2C400&ssl=1 2x"},"classes":[]},{"id":169672,"url":"https:\/\/www.hoymercedes.com.ar\/principal\/2023\/11\/20\/el-mercedes-rugby-club-consiguio-el-ascenso\/","url_meta":{"origin":85158,"position":5},"title":"El Mercedes Rugby Club consigui\u00f3 el ascenso","author":"hoymercedes","date":"20 noviembre, 2023","format":false,"excerpt":"Por la final de Segunda Divisi\u00f3n, el conjunto mercedino super\u00f3 a Virreyes por 15 a 17. Desde la pr\u00f3xima temporada, formar\u00e1 parte de la Primera C en la URBA. El pasado s\u00e1bado el Mercedes Rugby Club viaj\u00f3 hasta la localidad de Victoria para enfrentar al equipo de Virreyes en una\u2026","rel":"","context":"En \u00abDeportes\u00bb","block_context":{"text":"Deportes","link":"https:\/\/www.hoymercedes.com.ar\/principal\/category\/deportes\/"},"img":{"alt_text":"","src":"https:\/\/i0.wp.com\/www.hoymercedes.com.ar\/principal\/wp-content\/uploads\/2023\/11\/rugby-2011-1.jpg?resize=350%2C200&ssl=1","width":350,"height":200,"srcset":"https:\/\/i0.wp.com\/www.hoymercedes.com.ar\/principal\/wp-content\/uploads\/2023\/11\/rugby-2011-1.jpg?resize=350%2C200&ssl=1 1x, https:\/\/i0.wp.com\/www.hoymercedes.com.ar\/principal\/wp-content\/uploads\/2023\/11\/rugby-2011-1.jpg?resize=525%2C300&ssl=1 1.5x, https:\/\/i0.wp.com\/www.hoymercedes.com.ar\/principal\/wp-content\/uploads\/2023\/11\/rugby-2011-1.jpg?resize=700%2C400&ssl=1 2x"},"classes":[]}],"_links":{"self":[{"href":"https:\/\/www.hoymercedes.com.ar\/principal\/wp-json\/wp\/v2\/posts\/85158","targetHints":{"allow":["GET"]}}],"collection":[{"href":"https:\/\/www.hoymercedes.com.ar\/principal\/wp-json\/wp\/v2\/posts"}],"about":[{"href":"https:\/\/www.hoymercedes.com.ar\/principal\/wp-json\/wp\/v2\/types\/post"}],"author":[{"embeddable":true,"href":"https:\/\/www.hoymercedes.com.ar\/principal\/wp-json\/wp\/v2\/users\/1"}],"replies":[{"embeddable":true,"href":"https:\/\/www.hoymercedes.com.ar\/principal\/wp-json\/wp\/v2\/comments?post=85158"}],"version-history":[{"count":0,"href":"https:\/\/www.hoymercedes.com.ar\/principal\/wp-json\/wp\/v2\/posts\/85158\/revisions"}],"wp:featuredmedia":[{"embeddable":true,"href":"https:\/\/www.hoymercedes.com.ar\/principal\/wp-json\/wp\/v2\/media\/85159"}],"wp:attachment":[{"href":"https:\/\/www.hoymercedes.com.ar\/principal\/wp-json\/wp\/v2\/media?parent=85158"}],"wp:term":[{"taxonomy":"category","embeddable":true,"href":"https:\/\/www.hoymercedes.com.ar\/principal\/wp-json\/wp\/v2\/categories?post=85158"},{"taxonomy":"post_tag","embeddable":true,"href":"https:\/\/www.hoymercedes.com.ar\/principal\/wp-json\/wp\/v2\/tags?post=85158"}],"curies":[{"name":"wp","href":"https:\/\/api.w.org\/{rel}","templated":true}]}}