{"id":85191,"date":"2018-12-09T15:09:36","date_gmt":"2018-12-09T18:09:36","guid":{"rendered":"http:\/\/www.hoymercedes.com.ar\/principal\/?p=85191"},"modified":"2018-12-09T18:29:55","modified_gmt":"2018-12-09T21:29:55","slug":"rocio-fernandez-y-el-taller-de-huerta-del-cfl-n-1-ganaron-el-concurso-de-arbolitos-del-miguez","status":"publish","type":"post","link":"https:\/\/www.hoymercedes.com.ar\/principal\/2018\/12\/09\/rocio-fernandez-y-el-taller-de-huerta-del-cfl-n-1-ganaron-el-concurso-de-arbolitos-del-miguez\/","title":{"rendered":"Roc\u00edo Fern\u00e1ndez y el Taller de Huerta del CFL N\u00b0 1 ganaron el concurso de arbolitos del M\u00edguez"},"content":{"rendered":"\n<p>En la jornada del s\u00e1bado, se llev\u00f3 adelante en el Museo Hist\u00f3rico V\u00edctor M\u00edguez la selecci\u00f3n de los arbolitos de navidad del concurso organizado por el espacio cultural municipal. La propuesta era que se presenten distintas propuestas con material reutilizado.&nbsp;<\/p>\n\n\n\n<figure class=\"wp-block-image\"><img loading=\"lazy\" decoding=\"async\" width=\"750\" height=\"500\" data-attachment-id=\"85193\" data-permalink=\"https:\/\/www.hoymercedes.com.ar\/principal\/2018\/12\/09\/rocio-fernandez-y-el-taller-de-huerta-del-cfl-n-1-ganaron-el-concurso-de-arbolitos-del-miguez\/09-arbolito-miguez-2\/#main\" data-orig-file=\"https:\/\/www.hoymercedes.com.ar\/principal\/wp-content\/uploads\/2018\/12\/09-arbolito-miguez-2.jpg\" data-orig-size=\"750,500\" data-comments-opened=\"0\" data-image-meta=\"{&quot;aperture&quot;:&quot;3.1&quot;,&quot;credit&quot;:&quot;&quot;,&quot;camera&quot;:&quot;COOLPIX L120&quot;,&quot;caption&quot;:&quot;&quot;,&quot;created_timestamp&quot;:&quot;1544351612&quot;,&quot;copyright&quot;:&quot;&quot;,&quot;focal_length&quot;:&quot;4.5&quot;,&quot;iso&quot;:&quot;1600&quot;,&quot;shutter_speed&quot;:&quot;0.016666666666667&quot;,&quot;title&quot;:&quot;&quot;,&quot;orientation&quot;:&quot;1&quot;}\" data-image-title=\"09 arbolito miguez 2\" data-image-description=\"\" data-image-caption=\"\" data-large-file=\"https:\/\/www.hoymercedes.com.ar\/principal\/wp-content\/uploads\/2018\/12\/09-arbolito-miguez-2.jpg\" src=\"https:\/\/www.hoymercedes.com.ar\/principal\/wp-content\/uploads\/2018\/12\/09-arbolito-miguez-2.jpg\" alt=\"\" class=\"wp-image-85193\" srcset=\"https:\/\/www.hoymercedes.com.ar\/principal\/wp-content\/uploads\/2018\/12\/09-arbolito-miguez-2.jpg 750w, https:\/\/www.hoymercedes.com.ar\/principal\/wp-content\/uploads\/2018\/12\/09-arbolito-miguez-2-150x100.jpg 150w, https:\/\/www.hoymercedes.com.ar\/principal\/wp-content\/uploads\/2018\/12\/09-arbolito-miguez-2-630x420.jpg 630w\" sizes=\"auto, (max-width: 750px) 100vw, 750px\" \/><\/figure>\n\n\n\n<p>El concurso se dividi\u00f3 en dos categor\u00edas. Una para ni\u00f1os de 7 a 12 a\u00f1os\ny la otra categor\u00eda para j\u00f3venes de entre 13 y 18 a\u00f1os. En total se presentaron\n21 \u00e1rboles de navidad a lo largo de la semana que antecedi\u00f3 al d\u00eda de la\npremiaci\u00f3n. El s\u00e1bado, vecinos, familiares, amigos, y el p\u00fablico general vot\u00f3\npor su arbolito preferido expuesto durante toda la jornada. Fueron 200 los\nvotos recibidos. <\/p>\n\n\n\n<p>Pasada la hora de cierre del per\u00edodo de elecci\u00f3n, Alejandra Lucero y\nMarita Porcel, parte del equipo del Museo M\u00edguez, acompa\u00f1adas de la\nCoordinadora de Museos Municipales, Marcela Brown, agradecieron a quienes\nparticiparon del concurso. &nbsp;<\/p>\n\n\n\n<p>\u201cPor ser la primera tuvo bastante\nconvocatoria. El objetivo&nbsp;era&nbsp;desarrollar la creatividad y fomentar\nactitudes de consumo responsable, reutilizaci\u00f3n y cuidado\ndel&nbsp;&nbsp;ambiente\u201d, explic\u00f3 la profesora Brown. <\/p>\n\n\n\n<p>Por su parte, Joaqu\u00edn Parra, Directorde Producci\u00f3n del Vivero Tecnol\u00f3gico Municipal entreg\u00f3 a los participantes unplant\u00edn de semillas germinadas de \u00abEspinillo Aromito- Acacia Caven\u00bb,\u00e1rbol nativo que habita en zonas ribere\u00f1as del Delta y en&nbsp;zonas m\u00e1s secascomo Bs As o La Pampa y ense\u00f1\u00f3 su cuidado.<\/p>\n\n\n\n<figure class=\"wp-block-image\"><img loading=\"lazy\" decoding=\"async\" width=\"750\" height=\"500\" data-attachment-id=\"85192\" data-permalink=\"https:\/\/www.hoymercedes.com.ar\/principal\/2018\/12\/09\/rocio-fernandez-y-el-taller-de-huerta-del-cfl-n-1-ganaron-el-concurso-de-arbolitos-del-miguez\/09-arbolito-miguez-1\/#main\" data-orig-file=\"https:\/\/www.hoymercedes.com.ar\/principal\/wp-content\/uploads\/2018\/12\/09-arbolito-miguez-1.jpg\" data-orig-size=\"750,500\" data-comments-opened=\"0\" data-image-meta=\"{&quot;aperture&quot;:&quot;3.1&quot;,&quot;credit&quot;:&quot;&quot;,&quot;camera&quot;:&quot;COOLPIX L120&quot;,&quot;caption&quot;:&quot;&quot;,&quot;created_timestamp&quot;:&quot;-62169984000&quot;,&quot;copyright&quot;:&quot;&quot;,&quot;focal_length&quot;:&quot;4.5&quot;,&quot;iso&quot;:&quot;1600&quot;,&quot;shutter_speed&quot;:&quot;0.05&quot;,&quot;title&quot;:&quot;&quot;,&quot;orientation&quot;:&quot;1&quot;}\" data-image-title=\"09 arbolito miguez 1\" data-image-description=\"\" data-image-caption=\"\" data-large-file=\"https:\/\/www.hoymercedes.com.ar\/principal\/wp-content\/uploads\/2018\/12\/09-arbolito-miguez-1.jpg\" src=\"https:\/\/www.hoymercedes.com.ar\/principal\/wp-content\/uploads\/2018\/12\/09-arbolito-miguez-1.jpg\" alt=\"\" class=\"wp-image-85192\" srcset=\"https:\/\/www.hoymercedes.com.ar\/principal\/wp-content\/uploads\/2018\/12\/09-arbolito-miguez-1.jpg 750w, https:\/\/www.hoymercedes.com.ar\/principal\/wp-content\/uploads\/2018\/12\/09-arbolito-miguez-1-150x100.jpg 150w, https:\/\/www.hoymercedes.com.ar\/principal\/wp-content\/uploads\/2018\/12\/09-arbolito-miguez-1-630x420.jpg 630w\" sizes=\"auto, (max-width: 750px) 100vw, 750px\" \/><\/figure>\n\n\n\n<p>Terminado el conteo, los funcionarios\npresentes anunciaron los ganadores de cada categor\u00eda. Cada uno se hizo acreedor\nde un kit de art\u00edstica con un atril, acr\u00edlicos, pinceles, acuarelas, bastidor,\nentre otros elementos. <\/p>\n\n\n\n<p>En la categor\u00eda A, los m\u00e1s peque\u00f1os, la\nganadora fue Roc\u00edo Fern\u00e1ndez, de 7 a\u00f1os. Ella es alumna del Taller de Arte \u201cPiedra\nLibre\u201d. En tanto, en la Categor\u00eda B, el arbolito ganador fue un trabajo grupal\nde los j\u00f3venes que asisten al Taller de Huerta y Granja del Centro de Formaci\u00f3n\nIntegral N\u00b0 1. <\/p>\n\n\n\n<p>Tras la entrega de premios, diplomas y plantines, el Intendente Juan Ignacio Ustarroz propuso que los arbolitos concursantes se exhiban en la muestra anual de los talleres municipales que este a\u00f1os ser\u00e1 el viernes 14\u00a0de diciembre a la hora 19 en la Plaza San Mart\u00edn. <\/p>\n\n\n\n<p>Organiz\u00f3 el concurso, el Museo y Archivo Hist\u00f3rico Municipal Dr. V\u00edctor\nM\u00edguez, la Direcci\u00f3n de Cultura y el Departamento de Ambiente del Municipio.<\/p>\n","protected":false},"excerpt":{"rendered":"<p>En la jornada del s\u00e1bado, se llev\u00f3 adelante en el Museo Hist\u00f3rico V\u00edctor M\u00edguez la selecci\u00f3n de los arbolitos de &#8230; <a title=\"Roc\u00edo Fern\u00e1ndez y el Taller de Huerta del CFL N\u00b0 1 ganaron el concurso de arbolitos del M\u00edguez\" class=\"read-more\" href=\"https:\/\/www.hoymercedes.com.ar\/principal\/2018\/12\/09\/rocio-fernandez-y-el-taller-de-huerta-del-cfl-n-1-ganaron-el-concurso-de-arbolitos-del-miguez\/\" aria-label=\"Leer m\u00e1s sobre Roc\u00edo Fern\u00e1ndez y el Taller de Huerta del CFL N\u00b0 1 ganaron el concurso de arbolitos del M\u00edguez\">Leer m\u00e1s<\/a><\/p>\n","protected":false},"author":1,"featured_media":85192,"comment_status":"closed","ping_status":"open","sticky":false,"template":"","format":"standard","meta":{"_monsterinsights_skip_tracking":false,"_monsterinsights_sitenote_active":false,"_monsterinsights_sitenote_note":"","_monsterinsights_sitenote_category":0,"jetpack_post_was_ever_published":false,"_jetpack_newsletter_access":"","_jetpack_dont_email_post_to_subs":false,"_jetpack_newsletter_tier_id":0,"_jetpack_memberships_contains_paywalled_content":false,"_jetpack_memberships_contains_paid_content":false,"footnotes":"","jetpack_publicize_message":"","jetpack_publicize_feature_enabled":true,"jetpack_social_post_already_shared":true,"jetpack_social_options":{"image_generator_settings":{"template":"highway","default_image_id":0,"font":"","enabled":false},"version":2},"_wpas_customize_per_network":false},"categories":[104],"tags":[14185,7805,10358,3766],"class_list":["post-85191","post","type-post","status-publish","format-standard","has-post-thumbnail","hentry","category-cultura","tag-concurso-de-arbolitos-de-navidad","tag-cultura","tag-municipio","tag-museo-miguez","generate-columns","tablet-grid-50","mobile-grid-100","grid-parent","grid-50"],"jetpack_publicize_connections":[],"jetpack_featured_media_url":"https:\/\/www.hoymercedes.com.ar\/principal\/wp-content\/uploads\/2018\/12\/09-arbolito-miguez-1.jpg","wps_subtitle":"","jetpack_sharing_enabled":true,"_links":{"self":[{"href":"https:\/\/www.hoymercedes.com.ar\/principal\/wp-json\/wp\/v2\/posts\/85191","targetHints":{"allow":["GET"]}}],"collection":[{"href":"https:\/\/www.hoymercedes.com.ar\/principal\/wp-json\/wp\/v2\/posts"}],"about":[{"href":"https:\/\/www.hoymercedes.com.ar\/principal\/wp-json\/wp\/v2\/types\/post"}],"author":[{"embeddable":true,"href":"https:\/\/www.hoymercedes.com.ar\/principal\/wp-json\/wp\/v2\/users\/1"}],"replies":[{"embeddable":true,"href":"https:\/\/www.hoymercedes.com.ar\/principal\/wp-json\/wp\/v2\/comments?post=85191"}],"version-history":[{"count":0,"href":"https:\/\/www.hoymercedes.com.ar\/principal\/wp-json\/wp\/v2\/posts\/85191\/revisions"}],"wp:featuredmedia":[{"embeddable":true,"href":"https:\/\/www.hoymercedes.com.ar\/principal\/wp-json\/wp\/v2\/media\/85192"}],"wp:attachment":[{"href":"https:\/\/www.hoymercedes.com.ar\/principal\/wp-json\/wp\/v2\/media?parent=85191"}],"wp:term":[{"taxonomy":"category","embeddable":true,"href":"https:\/\/www.hoymercedes.com.ar\/principal\/wp-json\/wp\/v2\/categories?post=85191"},{"taxonomy":"post_tag","embeddable":true,"href":"https:\/\/www.hoymercedes.com.ar\/principal\/wp-json\/wp\/v2\/tags?post=85191"}],"curies":[{"name":"wp","href":"https:\/\/api.w.org\/{rel}","templated":true}]}}