{"id":85209,"date":"2018-12-10T00:40:06","date_gmt":"2018-12-10T03:40:06","guid":{"rendered":"http:\/\/www.hoymercedes.com.ar\/principal\/?p=85209"},"modified":"2018-12-10T10:10:35","modified_gmt":"2018-12-10T13:10:35","slug":"finalizo-la-42-fiesta-nacional-del-durazno-con-tres-jornadas-a-pleno-en-la-trocha","status":"publish","type":"post","link":"https:\/\/www.hoymercedes.com.ar\/principal\/2018\/12\/10\/finalizo-la-42-fiesta-nacional-del-durazno-con-tres-jornadas-a-pleno-en-la-trocha\/","title":{"rendered":"Finaliz\u00f3 la 42\u00b0 Fiesta Nacional del Durazno con tres jornadas a pleno en La Trocha"},"content":{"rendered":"\n<figure class=\"wp-block-image\"><img loading=\"lazy\" decoding=\"async\" width=\"730\" height=\"411\" data-attachment-id=\"85210\" data-permalink=\"https:\/\/www.hoymercedes.com.ar\/principal\/2018\/12\/10\/finalizo-la-42-fiesta-nacional-del-durazno-con-tres-jornadas-a-pleno-en-la-trocha\/durazno2018brunoarias-ustarroz\/#main\" data-orig-file=\"https:\/\/www.hoymercedes.com.ar\/principal\/wp-content\/uploads\/2018\/12\/durazno2018BrunoArias-Ustarroz.jpeg\" data-orig-size=\"730,411\" data-comments-opened=\"0\" data-image-meta=\"{&quot;aperture&quot;:&quot;0&quot;,&quot;credit&quot;:&quot;&quot;,&quot;camera&quot;:&quot;&quot;,&quot;caption&quot;:&quot;&quot;,&quot;created_timestamp&quot;:&quot;0&quot;,&quot;copyright&quot;:&quot;&quot;,&quot;focal_length&quot;:&quot;0&quot;,&quot;iso&quot;:&quot;0&quot;,&quot;shutter_speed&quot;:&quot;0&quot;,&quot;title&quot;:&quot;&quot;,&quot;orientation&quot;:&quot;0&quot;}\" data-image-title=\"durazno2018BrunoArias-Ustarroz\" data-image-description=\"\" data-image-caption=\"\" data-large-file=\"https:\/\/www.hoymercedes.com.ar\/principal\/wp-content\/uploads\/2018\/12\/durazno2018BrunoArias-Ustarroz.jpeg\" src=\"https:\/\/www.hoymercedes.com.ar\/principal\/wp-content\/uploads\/2018\/12\/durazno2018BrunoArias-Ustarroz.jpeg\" alt=\"Bruno Arias sobre el escenario\" class=\"wp-image-85210\" srcset=\"https:\/\/www.hoymercedes.com.ar\/principal\/wp-content\/uploads\/2018\/12\/durazno2018BrunoArias-Ustarroz.jpeg 730w, https:\/\/www.hoymercedes.com.ar\/principal\/wp-content\/uploads\/2018\/12\/durazno2018BrunoArias-Ustarroz-150x84.jpeg 150w, https:\/\/www.hoymercedes.com.ar\/principal\/wp-content\/uploads\/2018\/12\/durazno2018BrunoArias-Ustarroz-630x355.jpeg 630w\" sizes=\"auto, (max-width: 730px) 100vw, 730px\" \/><figcaption>Show de Bruno Arias en La Trocha<\/figcaption><\/figure>\n\n\n\n<p>A pesar del mal clima que rein\u00f3 durante las primeras horas de la tarde, la tercera jornada de la 42\u00b0 Fiesta Nacional del Durazno se desarroll\u00f3 con gran \u00e9xito en el Complejo Cultura La Trocha. Por un momento peligr\u00f3 la continuaci\u00f3n de esta, pero la lluvia dej\u00f3 paso al sol, y nuevamente al calor del festival.<\/p>\n\n\n\n<p>En primera instancia, se desarroll\u00f3 el concurso de embaladores, donde con mucho fulgor y alegr\u00eda los trabajadores durazneros demostraron toda su capacidad y talento. Luego, el escenario mayor comenz\u00f3 a brillar y a vibrar como en las dos primeras jornadas. &nbsp;&nbsp;&nbsp;&nbsp;<\/p>\n\n\n\n<figure class=\"wp-block-image\"><img loading=\"lazy\" decoding=\"async\" width=\"730\" height=\"486\" data-attachment-id=\"85211\" data-permalink=\"https:\/\/www.hoymercedes.com.ar\/principal\/2018\/12\/10\/finalizo-la-42-fiesta-nacional-del-durazno-con-tres-jornadas-a-pleno-en-la-trocha\/durazno2018bruno-arias\/#main\" data-orig-file=\"https:\/\/www.hoymercedes.com.ar\/principal\/wp-content\/uploads\/2018\/12\/durazno2018Bruno-Arias.jpeg\" data-orig-size=\"730,486\" data-comments-opened=\"0\" data-image-meta=\"{&quot;aperture&quot;:&quot;0&quot;,&quot;credit&quot;:&quot;&quot;,&quot;camera&quot;:&quot;&quot;,&quot;caption&quot;:&quot;&quot;,&quot;created_timestamp&quot;:&quot;0&quot;,&quot;copyright&quot;:&quot;&quot;,&quot;focal_length&quot;:&quot;0&quot;,&quot;iso&quot;:&quot;0&quot;,&quot;shutter_speed&quot;:&quot;0&quot;,&quot;title&quot;:&quot;&quot;,&quot;orientation&quot;:&quot;0&quot;}\" data-image-title=\"durazno2018Bruno-Arias\" data-image-description=\"\" data-image-caption=\"\" data-large-file=\"https:\/\/www.hoymercedes.com.ar\/principal\/wp-content\/uploads\/2018\/12\/durazno2018Bruno-Arias.jpeg\" src=\"https:\/\/www.hoymercedes.com.ar\/principal\/wp-content\/uploads\/2018\/12\/durazno2018Bruno-Arias.jpeg\" alt=\"\" class=\"wp-image-85211\" srcset=\"https:\/\/www.hoymercedes.com.ar\/principal\/wp-content\/uploads\/2018\/12\/durazno2018Bruno-Arias.jpeg 730w, https:\/\/www.hoymercedes.com.ar\/principal\/wp-content\/uploads\/2018\/12\/durazno2018Bruno-Arias-150x100.jpeg 150w, https:\/\/www.hoymercedes.com.ar\/principal\/wp-content\/uploads\/2018\/12\/durazno2018Bruno-Arias-630x419.jpeg 630w\" sizes=\"auto, (max-width: 730px) 100vw, 730px\" \/><figcaption>Bruno Arias sobre el escenario<\/figcaption><\/figure>\n\n\n\n<p>Frente a un gran marco de p\u00fablico, la fiesta comenz\u00f3 a desandar sus \u00faltimos pasos. All\u00ed, todos los presentes pudieron disfrutar de artistas de la talla de Lucas Maidana, Los L\u00f3pez Heredia, Ivana Cestari y Bruno Arias.<\/p>\n\n\n\n<p>El intendente de nuestra ciudad, el Dr. Juan Ignacio Ustarroz, expres\u00f3 \u201cestamos realmente agradecidos con todos aquellos que hicieron de estas tres jornadas un \u00e9xito, pero principalmente a todos los trabajadores municipales, de todas las \u00e1reas, que han realizado una labor estupenda para que esta fiesta se destacara y volviera a brillar como hac\u00eda mucho tiempo no lo hac\u00eda\u201d y agreg\u00f3 \u201ctambi\u00e9n quiero felicitar y reconocer a nuestros productores de duraznos, quienes trabajaron durante todo el a\u00f1o para que esta fiesta se vistiera una vez m\u00e1s con sus mejores colores\u201d.<\/p>\n\n\n\n<figure class=\"wp-block-image\"><img loading=\"lazy\" decoding=\"async\" width=\"730\" height=\"487\" data-attachment-id=\"85212\" data-permalink=\"https:\/\/www.hoymercedes.com.ar\/principal\/2018\/12\/10\/finalizo-la-42-fiesta-nacional-del-durazno-con-tres-jornadas-a-pleno-en-la-trocha\/durazno2018dsc_0006\/#main\" data-orig-file=\"https:\/\/www.hoymercedes.com.ar\/principal\/wp-content\/uploads\/2018\/12\/durazno2018DSC_0006.jpg\" data-orig-size=\"730,487\" data-comments-opened=\"0\" data-image-meta=\"{&quot;aperture&quot;:&quot;4.2&quot;,&quot;credit&quot;:&quot;&quot;,&quot;camera&quot;:&quot;NIKON D5500&quot;,&quot;caption&quot;:&quot;&quot;,&quot;created_timestamp&quot;:&quot;1544377624&quot;,&quot;copyright&quot;:&quot;&quot;,&quot;focal_length&quot;:&quot;29&quot;,&quot;iso&quot;:&quot;640&quot;,&quot;shutter_speed&quot;:&quot;0.0125&quot;,&quot;title&quot;:&quot;&quot;,&quot;orientation&quot;:&quot;0&quot;}\" data-image-title=\"durazno2018DSC_0006\" data-image-description=\"\" data-image-caption=\"\" data-large-file=\"https:\/\/www.hoymercedes.com.ar\/principal\/wp-content\/uploads\/2018\/12\/durazno2018DSC_0006.jpg\" src=\"https:\/\/www.hoymercedes.com.ar\/principal\/wp-content\/uploads\/2018\/12\/durazno2018DSC_0006.jpg\" alt=\"\" class=\"wp-image-85212\" srcset=\"https:\/\/www.hoymercedes.com.ar\/principal\/wp-content\/uploads\/2018\/12\/durazno2018DSC_0006.jpg 730w, https:\/\/www.hoymercedes.com.ar\/principal\/wp-content\/uploads\/2018\/12\/durazno2018DSC_0006-150x100.jpg 150w, https:\/\/www.hoymercedes.com.ar\/principal\/wp-content\/uploads\/2018\/12\/durazno2018DSC_0006-630x420.jpg 630w\" sizes=\"auto, (max-width: 730px) 100vw, 730px\" \/><figcaption>Mart\u00edn Soler, embajador de la fiesta 2018<\/figcaption><\/figure>\n\n\n\n<p>A su vez, el Dr. Ustarroz subray\u00f3 \u201cfue un lindo desaf\u00edo poder efectuar esta emblem\u00e1tica fiesta nacional en este hermoso lugar, como es el Complejo Cultural La Trocha, donde miles de personas pudieron disfrutar de un hecho cultural de gran envergadura\u201d y apunt\u00f3 \u201cpodemos decir, una vez m\u00e1s con gran orgullo, que somos la Capital Nacional del durazno\u201d.<\/p>\n\n\n\n<figure class=\"wp-block-image\"><img loading=\"lazy\" decoding=\"async\" width=\"730\" height=\"486\" data-attachment-id=\"85213\" data-permalink=\"https:\/\/www.hoymercedes.com.ar\/principal\/2018\/12\/10\/finalizo-la-42-fiesta-nacional-del-durazno-con-tres-jornadas-a-pleno-en-la-trocha\/durazno2018bruno-arias-2\/#main\" data-orig-file=\"https:\/\/www.hoymercedes.com.ar\/principal\/wp-content\/uploads\/2018\/12\/durazno2018Bruno-Arias.2.jpeg\" data-orig-size=\"730,486\" data-comments-opened=\"0\" data-image-meta=\"{&quot;aperture&quot;:&quot;0&quot;,&quot;credit&quot;:&quot;&quot;,&quot;camera&quot;:&quot;&quot;,&quot;caption&quot;:&quot;&quot;,&quot;created_timestamp&quot;:&quot;0&quot;,&quot;copyright&quot;:&quot;&quot;,&quot;focal_length&quot;:&quot;0&quot;,&quot;iso&quot;:&quot;0&quot;,&quot;shutter_speed&quot;:&quot;0&quot;,&quot;title&quot;:&quot;&quot;,&quot;orientation&quot;:&quot;0&quot;}\" data-image-title=\"durazno2018Bruno-Arias.2\" data-image-description=\"\" data-image-caption=\"\" data-large-file=\"https:\/\/www.hoymercedes.com.ar\/principal\/wp-content\/uploads\/2018\/12\/durazno2018Bruno-Arias.2.jpeg\" src=\"https:\/\/www.hoymercedes.com.ar\/principal\/wp-content\/uploads\/2018\/12\/durazno2018Bruno-Arias.2.jpeg\" alt=\"\" class=\"wp-image-85213\" srcset=\"https:\/\/www.hoymercedes.com.ar\/principal\/wp-content\/uploads\/2018\/12\/durazno2018Bruno-Arias.2.jpeg 730w, https:\/\/www.hoymercedes.com.ar\/principal\/wp-content\/uploads\/2018\/12\/durazno2018Bruno-Arias.2-150x100.jpeg 150w, https:\/\/www.hoymercedes.com.ar\/principal\/wp-content\/uploads\/2018\/12\/durazno2018Bruno-Arias.2-630x419.jpeg 630w\" sizes=\"auto, (max-width: 730px) 100vw, 730px\" \/><figcaption>Desde Jujuy Bruno Arias<\/figcaption><\/figure>\n\n\n\n<figure class=\"wp-block-image\"><img loading=\"lazy\" decoding=\"async\" width=\"730\" height=\"487\" data-attachment-id=\"85214\" data-permalink=\"https:\/\/www.hoymercedes.com.ar\/principal\/2018\/12\/10\/finalizo-la-42-fiesta-nacional-del-durazno-con-tres-jornadas-a-pleno-en-la-trocha\/durazno2018dsc_0093\/#main\" data-orig-file=\"https:\/\/www.hoymercedes.com.ar\/principal\/wp-content\/uploads\/2018\/12\/durazno2018DSC_0093.jpg\" data-orig-size=\"730,487\" data-comments-opened=\"0\" data-image-meta=\"{&quot;aperture&quot;:&quot;4.5&quot;,&quot;credit&quot;:&quot;&quot;,&quot;camera&quot;:&quot;NIKON D5500&quot;,&quot;caption&quot;:&quot;&quot;,&quot;created_timestamp&quot;:&quot;1544388617&quot;,&quot;copyright&quot;:&quot;&quot;,&quot;focal_length&quot;:&quot;34&quot;,&quot;iso&quot;:&quot;4000&quot;,&quot;shutter_speed&quot;:&quot;0.016666666666667&quot;,&quot;title&quot;:&quot;&quot;,&quot;orientation&quot;:&quot;0&quot;}\" data-image-title=\"durazno2018DSC_0093\" data-image-description=\"\" data-image-caption=\"\" data-large-file=\"https:\/\/www.hoymercedes.com.ar\/principal\/wp-content\/uploads\/2018\/12\/durazno2018DSC_0093.jpg\" src=\"https:\/\/www.hoymercedes.com.ar\/principal\/wp-content\/uploads\/2018\/12\/durazno2018DSC_0093.jpg\" alt=\"\" class=\"wp-image-85214\" srcset=\"https:\/\/www.hoymercedes.com.ar\/principal\/wp-content\/uploads\/2018\/12\/durazno2018DSC_0093.jpg 730w, https:\/\/www.hoymercedes.com.ar\/principal\/wp-content\/uploads\/2018\/12\/durazno2018DSC_0093-150x100.jpg 150w, https:\/\/www.hoymercedes.com.ar\/principal\/wp-content\/uploads\/2018\/12\/durazno2018DSC_0093-630x420.jpg 630w\" sizes=\"auto, (max-width: 730px) 100vw, 730px\" \/><figcaption>Lucas Maidana<\/figcaption><\/figure>\n","protected":false},"excerpt":{"rendered":"<p>A pesar del mal clima que rein\u00f3 durante las primeras horas de la tarde, la tercera jornada de la 42\u00b0 &#8230; <a title=\"Finaliz\u00f3 la 42\u00b0 Fiesta Nacional del Durazno con tres jornadas a pleno en La Trocha\" class=\"read-more\" href=\"https:\/\/www.hoymercedes.com.ar\/principal\/2018\/12\/10\/finalizo-la-42-fiesta-nacional-del-durazno-con-tres-jornadas-a-pleno-en-la-trocha\/\" aria-label=\"Leer m\u00e1s sobre Finaliz\u00f3 la 42\u00b0 Fiesta Nacional del Durazno con tres jornadas a pleno en La Trocha\">Leer m\u00e1s<\/a><\/p>\n","protected":false},"author":1,"featured_media":85211,"comment_status":"closed","ping_status":"open","sticky":false,"template":"","format":"standard","meta":{"_monsterinsights_skip_tracking":false,"_monsterinsights_sitenote_active":false,"_monsterinsights_sitenote_note":"","_monsterinsights_sitenote_category":0,"jetpack_post_was_ever_published":false,"_jetpack_newsletter_access":"","_jetpack_dont_email_post_to_subs":false,"_jetpack_newsletter_tier_id":0,"_jetpack_memberships_contains_paywalled_content":false,"_jetpack_memberships_contains_paid_content":false,"footnotes":"","jetpack_publicize_message":"","jetpack_publicize_feature_enabled":true,"jetpack_social_post_already_shared":true,"jetpack_social_options":{"image_generator_settings":{"template":"highway","default_image_id":0,"font":"","enabled":false},"version":2},"_wpas_customize_per_network":false},"categories":[30],"tags":[10140,9698,208,6133,244],"class_list":["post-85209","post","type-post","status-publish","format-standard","has-post-thumbnail","hentry","category-municipio","tag-bruno-arias","tag-cierre","tag-fiesta-del-durazno","tag-lucas-maidana","tag-municipio-2","generate-columns","tablet-grid-50","mobile-grid-100","grid-parent","grid-50"],"jetpack_publicize_connections":[],"jetpack_featured_media_url":"https:\/\/www.hoymercedes.com.ar\/principal\/wp-content\/uploads\/2018\/12\/durazno2018Bruno-Arias.jpeg","wps_subtitle":"","jetpack_sharing_enabled":true,"_links":{"self":[{"href":"https:\/\/www.hoymercedes.com.ar\/principal\/wp-json\/wp\/v2\/posts\/85209","targetHints":{"allow":["GET"]}}],"collection":[{"href":"https:\/\/www.hoymercedes.com.ar\/principal\/wp-json\/wp\/v2\/posts"}],"about":[{"href":"https:\/\/www.hoymercedes.com.ar\/principal\/wp-json\/wp\/v2\/types\/post"}],"author":[{"embeddable":true,"href":"https:\/\/www.hoymercedes.com.ar\/principal\/wp-json\/wp\/v2\/users\/1"}],"replies":[{"embeddable":true,"href":"https:\/\/www.hoymercedes.com.ar\/principal\/wp-json\/wp\/v2\/comments?post=85209"}],"version-history":[{"count":0,"href":"https:\/\/www.hoymercedes.com.ar\/principal\/wp-json\/wp\/v2\/posts\/85209\/revisions"}],"wp:featuredmedia":[{"embeddable":true,"href":"https:\/\/www.hoymercedes.com.ar\/principal\/wp-json\/wp\/v2\/media\/85211"}],"wp:attachment":[{"href":"https:\/\/www.hoymercedes.com.ar\/principal\/wp-json\/wp\/v2\/media?parent=85209"}],"wp:term":[{"taxonomy":"category","embeddable":true,"href":"https:\/\/www.hoymercedes.com.ar\/principal\/wp-json\/wp\/v2\/categories?post=85209"},{"taxonomy":"post_tag","embeddable":true,"href":"https:\/\/www.hoymercedes.com.ar\/principal\/wp-json\/wp\/v2\/tags?post=85209"}],"curies":[{"name":"wp","href":"https:\/\/api.w.org\/{rel}","templated":true}]}}