{"id":85216,"date":"2018-12-06T16:29:14","date_gmt":"2018-12-06T19:29:14","guid":{"rendered":"http:\/\/www.hoymercedes.com.ar\/principal\/?p=85216"},"modified":"2018-12-10T09:47:44","modified_gmt":"2018-12-10T12:47:44","slug":"bomberos-recibe-subsidio-de-800-mil-pesos","status":"publish","type":"post","link":"https:\/\/www.hoymercedes.com.ar\/principal\/2018\/12\/06\/bomberos-recibe-subsidio-de-800-mil-pesos\/","title":{"rendered":"Bomberos recibe subsidio de 800 mil pesos"},"content":{"rendered":"\n<p>En la ma\u00f1ana del d\u00eda jueves, el subsecretario del ministerio de Seguridad de la Naci\u00f3n MArcelo Rozas Garay, se hizo presente en Mercedes para entregar en persona un subsidio de 800 mil pesos al cuerpo de Bomberos\u00a0 Voluntarios de la localidad. Presentes en el encuentro se encontraba el presidente de la Asociaci\u00f3n Cooperadora Pedro Di Cecco.<\/p>\n\n\n\n<p>El subsidio se dio luego de que los Bomberos regularicen los papeler\u00edos para necesarios para cumplimentar con los requisitos establecidos por la Naci\u00f3n. Algo similar debieron realizar otros cuerpos de Bomberos de todo el pa\u00eds.\u00a0<\/p>\n\n\n\n<p>En el encuentro con el funcionario nacional, los Bomberos de Mercedes hablaron de los objetivos para el pr\u00f3ximo a\u00f1o para el gobierno nacional en materia de fuerzas civiles de seguridad y protecci\u00f3n civil. Es as\u00ed que se baraj\u00f3 la posibilidad de que Mercedes sea central en la capacitaci\u00f3n que deban recibir los bomberos del pa\u00eds.\u00a0<\/p>\n\n\n\n<figure class=\"wp-block-image\"><img loading=\"lazy\" decoding=\"async\" width=\"1024\" height=\"768\" data-attachment-id=\"85217\" data-permalink=\"https:\/\/www.hoymercedes.com.ar\/principal\/2018\/12\/06\/bomberos-recibe-subsidio-de-800-mil-pesos\/05-subs-bobmeros\/#main\" data-orig-file=\"https:\/\/www.hoymercedes.com.ar\/principal\/wp-content\/uploads\/2018\/12\/05-subs-bobmeros-e1544445447220.jpg\" data-orig-size=\"750,563\" data-comments-opened=\"0\" data-image-meta=\"{&quot;aperture&quot;:&quot;0&quot;,&quot;credit&quot;:&quot;&quot;,&quot;camera&quot;:&quot;&quot;,&quot;caption&quot;:&quot;&quot;,&quot;created_timestamp&quot;:&quot;0&quot;,&quot;copyright&quot;:&quot;&quot;,&quot;focal_length&quot;:&quot;0&quot;,&quot;iso&quot;:&quot;0&quot;,&quot;shutter_speed&quot;:&quot;0&quot;,&quot;title&quot;:&quot;&quot;,&quot;orientation&quot;:&quot;0&quot;}\" data-image-title=\"05 subs bobmeros\" data-image-description=\"\" data-image-caption=\"\" data-large-file=\"https:\/\/www.hoymercedes.com.ar\/principal\/wp-content\/uploads\/2018\/12\/05-subs-bobmeros-1024x768.jpg\" src=\"https:\/\/www.hoymercedes.com.ar\/principal\/wp-content\/uploads\/2018\/12\/05-subs-bobmeros-1024x768.jpg\" alt=\"\" class=\"wp-image-85217\"\/><\/figure>\n","protected":false},"excerpt":{"rendered":"<p>En la ma\u00f1ana del d\u00eda jueves, el subsecretario del ministerio de Seguridad de la Naci\u00f3n MArcelo Rozas Garay, se hizo &#8230; <a title=\"Bomberos recibe subsidio de 800 mil pesos\" class=\"read-more\" href=\"https:\/\/www.hoymercedes.com.ar\/principal\/2018\/12\/06\/bomberos-recibe-subsidio-de-800-mil-pesos\/\" aria-label=\"Leer m\u00e1s sobre Bomberos recibe subsidio de 800 mil pesos\">Leer m\u00e1s<\/a><\/p>\n","protected":false},"author":1,"featured_media":85217,"comment_status":"closed","ping_status":"open","sticky":false,"template":"","format":"standard","meta":{"_monsterinsights_skip_tracking":false,"_monsterinsights_sitenote_active":false,"_monsterinsights_sitenote_note":"","_monsterinsights_sitenote_category":0,"jetpack_post_was_ever_published":false,"_jetpack_newsletter_access":"","_jetpack_dont_email_post_to_subs":false,"_jetpack_newsletter_tier_id":0,"_jetpack_memberships_contains_paywalled_content":false,"_jetpack_memberships_contains_paid_content":false,"footnotes":"","jetpack_publicize_message":"","jetpack_publicize_feature_enabled":true,"jetpack_social_post_already_shared":true,"jetpack_social_options":{"image_generator_settings":{"template":"highway","default_image_id":0,"font":"","enabled":false},"version":2},"_wpas_customize_per_network":false},"categories":[8],"tags":[4128,14189,2843],"class_list":["post-85216","post","type-post","status-publish","format-standard","has-post-thumbnail","hentry","category-sociedad","tag-bomberos","tag-ministerio-de-seguridad-de-nacion","tag-subsidio","generate-columns","tablet-grid-50","mobile-grid-100","grid-parent","grid-50"],"jetpack_publicize_connections":[],"jetpack_featured_media_url":"https:\/\/www.hoymercedes.com.ar\/principal\/wp-content\/uploads\/2018\/12\/05-subs-bobmeros-e1544445447220.jpg","wps_subtitle":"","jetpack_sharing_enabled":true,"_links":{"self":[{"href":"https:\/\/www.hoymercedes.com.ar\/principal\/wp-json\/wp\/v2\/posts\/85216","targetHints":{"allow":["GET"]}}],"collection":[{"href":"https:\/\/www.hoymercedes.com.ar\/principal\/wp-json\/wp\/v2\/posts"}],"about":[{"href":"https:\/\/www.hoymercedes.com.ar\/principal\/wp-json\/wp\/v2\/types\/post"}],"author":[{"embeddable":true,"href":"https:\/\/www.hoymercedes.com.ar\/principal\/wp-json\/wp\/v2\/users\/1"}],"replies":[{"embeddable":true,"href":"https:\/\/www.hoymercedes.com.ar\/principal\/wp-json\/wp\/v2\/comments?post=85216"}],"version-history":[{"count":0,"href":"https:\/\/www.hoymercedes.com.ar\/principal\/wp-json\/wp\/v2\/posts\/85216\/revisions"}],"wp:featuredmedia":[{"embeddable":true,"href":"https:\/\/www.hoymercedes.com.ar\/principal\/wp-json\/wp\/v2\/media\/85217"}],"wp:attachment":[{"href":"https:\/\/www.hoymercedes.com.ar\/principal\/wp-json\/wp\/v2\/media?parent=85216"}],"wp:term":[{"taxonomy":"category","embeddable":true,"href":"https:\/\/www.hoymercedes.com.ar\/principal\/wp-json\/wp\/v2\/categories?post=85216"},{"taxonomy":"post_tag","embeddable":true,"href":"https:\/\/www.hoymercedes.com.ar\/principal\/wp-json\/wp\/v2\/tags?post=85216"}],"curies":[{"name":"wp","href":"https:\/\/api.w.org\/{rel}","templated":true}]}}