{"id":85221,"date":"2018-12-10T10:06:28","date_gmt":"2018-12-10T13:06:28","guid":{"rendered":"http:\/\/www.hoymercedes.com.ar\/principal\/?p=85221"},"modified":"2018-12-10T10:10:07","modified_gmt":"2018-12-10T13:10:07","slug":"selva-coordinara-panel-sobre-trabajo-en-acto-del-massismo-de-este-lunes","status":"publish","type":"post","link":"https:\/\/www.hoymercedes.com.ar\/principal\/2018\/12\/10\/selva-coordinara-panel-sobre-trabajo-en-acto-del-massismo-de-este-lunes\/","title":{"rendered":"Selva coordinar\u00e1 panel sobre trabajo en acto del massismo de este lunes"},"content":{"rendered":"\n<p>Este lunes a las 16 horas en la localidad de San Mart\u00edn el Frente Renovador que conduce Sergio Massa llevar\u00e1 adelante un importante congreso, a modo de balance anual, en el que el mercedino Carlos Selva coordinar\u00e1 el panel de trabajo.<\/p>\n\n\n\n<figure class=\"wp-block-image\"><img loading=\"lazy\" decoding=\"async\" width=\"750\" height=\"422\" data-attachment-id=\"82821\" data-permalink=\"https:\/\/www.hoymercedes.com.ar\/principal\/2018\/10\/21\/selva-el-verdadero-peronismo-se-reunio-en-tucuman\/21-carlos-selva\/#main\" data-orig-file=\"https:\/\/www.hoymercedes.com.ar\/principal\/wp-content\/uploads\/2018\/10\/21-carlos-selva-e1540128087880.jpg\" data-orig-size=\"750,422\" data-comments-opened=\"0\" data-image-meta=\"{&quot;aperture&quot;:&quot;2&quot;,&quot;credit&quot;:&quot;&quot;,&quot;camera&quot;:&quot;BGH JOY X2&quot;,&quot;caption&quot;:&quot;&quot;,&quot;created_timestamp&quot;:&quot;1539953235&quot;,&quot;copyright&quot;:&quot;&quot;,&quot;focal_length&quot;:&quot;3.5&quot;,&quot;iso&quot;:&quot;110&quot;,&quot;shutter_speed&quot;:&quot;0.001235&quot;,&quot;title&quot;:&quot;&quot;,&quot;orientation&quot;:&quot;1&quot;}\" data-image-title=\"21 carlos selva\" data-image-description=\"\" data-image-caption=\"\" data-large-file=\"https:\/\/www.hoymercedes.com.ar\/principal\/wp-content\/uploads\/2018\/10\/21-carlos-selva-e1540128087880.jpg\" src=\"https:\/\/www.hoymercedes.com.ar\/principal\/wp-content\/uploads\/2018\/10\/21-carlos-selva-e1540128087880.jpg\" alt=\"\" class=\"wp-image-82821\"\/><\/figure>\n\n\n\n<p>El encuentro ser\u00e1 en el Centro Miguelete, en Parque Irigoyen, de avenida Rodr\u00edguez Pe\u00f1a 2704, San Mart\u00edn, y se espera reunir a m\u00e1s de dos mil dirigentes. Habr\u00e1 un balance de los tres a\u00f1os del Presidente Macri y paneles sobre la agenda econ\u00f3mica, social, laboral y tecnol\u00f3gica a la que apuesta el espacio de Sergio Massa.<\/p>\n\n\n\n<p>El objetivo del acto ser\u00e1 mostrar que el Frente Renovador va hacia Alternativa Federal, que hoy re\u00fane a Massa, Miguel \u00c1ngel Pichetto y nueve gobernadores peronistas alejados de Cristina Kirchner que est\u00e1n construyendo candidaturas para 2019.<\/p>\n\n\n\n<p>Para ello, habr\u00e1 distintos paneles. Graciela Cama\u00f1o realizar\u00e1 la apertura. El diputado Ra\u00fal P\u00e9rez abordar\u00e1 la agenda federal, Diego Bossio explicar\u00e1 c\u00f3mo son los objetivos por el interior del pa\u00eds junto a los equipos t\u00e9cnicos, Carlos Selva coordinar\u00e1 el panel de trabajo, y Micaela Ferraro y Nazareno Delagamba se encargar\u00e1n del de panel de inclusi\u00f3n. Adem\u00e1s, Marco Lavagna har\u00e1 hincapi\u00e9 en lo econ\u00f3mico. Aqu\u00ed habr\u00e1 un panel destacado que ser\u00e1 la mesa digital, a cargo de Valeria Arata, diputada provincial del Frente Renovador.<\/p>\n\n\n\n<p>Massa estar\u00e1 presente en San Mart\u00edn este lunes y cerrar\u00e1 la jornada con un discurso sobre los desaf\u00edos que se avecinan. Ser\u00e1 un mensaje de cara al acto del 19 de diciembre, en donde se lanzar\u00e1 oficialmente el espacio Argentina Federal.<\/p>\n","protected":false},"excerpt":{"rendered":"<p>Este lunes a las 16 horas en la localidad de San Mart\u00edn el Frente Renovador que conduce Sergio Massa llevar\u00e1 &#8230; <a title=\"Selva coordinar\u00e1 panel sobre trabajo en acto del massismo de este lunes\" class=\"read-more\" href=\"https:\/\/www.hoymercedes.com.ar\/principal\/2018\/12\/10\/selva-coordinara-panel-sobre-trabajo-en-acto-del-massismo-de-este-lunes\/\" aria-label=\"Leer m\u00e1s sobre Selva coordinar\u00e1 panel sobre trabajo en acto del massismo de este lunes\">Leer m\u00e1s<\/a><\/p>\n","protected":false},"author":1,"featured_media":82821,"comment_status":"closed","ping_status":"open","sticky":false,"template":"","format":"standard","meta":{"_monsterinsights_skip_tracking":false,"_monsterinsights_sitenote_active":false,"_monsterinsights_sitenote_note":"","_monsterinsights_sitenote_category":0,"jetpack_post_was_ever_published":false,"_jetpack_newsletter_access":"","_jetpack_dont_email_post_to_subs":false,"_jetpack_newsletter_tier_id":0,"_jetpack_memberships_contains_paywalled_content":false,"_jetpack_memberships_contains_paid_content":false,"footnotes":"","jetpack_publicize_message":"","jetpack_publicize_feature_enabled":true,"jetpack_social_post_already_shared":true,"jetpack_social_options":{"image_generator_settings":{"template":"highway","default_image_id":0,"font":"","enabled":false},"version":2},"_wpas_customize_per_network":false},"categories":[5210],"tags":[39,3537,4414,10113,2684],"class_list":["post-85221","post","type-post","status-publish","format-standard","has-post-thumbnail","hentry","category-politica-nacional","tag-carlos-selva","tag-frente-renovador","tag-massismo","tag-politica-nacional","tag-sergio-massa","generate-columns","tablet-grid-50","mobile-grid-100","grid-parent","grid-50"],"jetpack_publicize_connections":[],"jetpack_featured_media_url":"https:\/\/www.hoymercedes.com.ar\/principal\/wp-content\/uploads\/2018\/10\/21-carlos-selva-e1540128087880.jpg","wps_subtitle":"","jetpack_sharing_enabled":true,"_links":{"self":[{"href":"https:\/\/www.hoymercedes.com.ar\/principal\/wp-json\/wp\/v2\/posts\/85221","targetHints":{"allow":["GET"]}}],"collection":[{"href":"https:\/\/www.hoymercedes.com.ar\/principal\/wp-json\/wp\/v2\/posts"}],"about":[{"href":"https:\/\/www.hoymercedes.com.ar\/principal\/wp-json\/wp\/v2\/types\/post"}],"author":[{"embeddable":true,"href":"https:\/\/www.hoymercedes.com.ar\/principal\/wp-json\/wp\/v2\/users\/1"}],"replies":[{"embeddable":true,"href":"https:\/\/www.hoymercedes.com.ar\/principal\/wp-json\/wp\/v2\/comments?post=85221"}],"version-history":[{"count":0,"href":"https:\/\/www.hoymercedes.com.ar\/principal\/wp-json\/wp\/v2\/posts\/85221\/revisions"}],"wp:featuredmedia":[{"embeddable":true,"href":"https:\/\/www.hoymercedes.com.ar\/principal\/wp-json\/wp\/v2\/media\/82821"}],"wp:attachment":[{"href":"https:\/\/www.hoymercedes.com.ar\/principal\/wp-json\/wp\/v2\/media?parent=85221"}],"wp:term":[{"taxonomy":"category","embeddable":true,"href":"https:\/\/www.hoymercedes.com.ar\/principal\/wp-json\/wp\/v2\/categories?post=85221"},{"taxonomy":"post_tag","embeddable":true,"href":"https:\/\/www.hoymercedes.com.ar\/principal\/wp-json\/wp\/v2\/tags?post=85221"}],"curies":[{"name":"wp","href":"https:\/\/api.w.org\/{rel}","templated":true}]}}