{"id":85225,"date":"2018-12-10T11:44:42","date_gmt":"2018-12-10T14:44:42","guid":{"rendered":"http:\/\/www.hoymercedes.com.ar\/principal\/?p=85225"},"modified":"2018-12-10T10:35:31","modified_gmt":"2018-12-10T13:35:31","slug":"cambiemos-asegura-la-caida-del-relato-de-los-fondos-propios","status":"publish","type":"post","link":"https:\/\/www.hoymercedes.com.ar\/principal\/2018\/12\/10\/cambiemos-asegura-la-caida-del-relato-de-los-fondos-propios\/","title":{"rendered":"Cambiemos asegura: \u201cla ca\u00edda del relato de los fondos propios\u201d"},"content":{"rendered":"\n<p>A trav\u00e9s de una carta enviada a los medios y publicada en sus redes sociales, los referentes del frente pol\u00edtico Cambiemos de la ciudad de Mercedes, realiza una cr\u00edtica al gobierno municipal sobre la campa\u00f1a local que asegura que las obras se realizaron \u201ccon fondos propios\u201d. A continuaci\u00f3n, la comunicaci\u00f3n enviada por Cambiemos: <\/p>\n\n\n\n<figure class=\"wp-block-image\"><img loading=\"lazy\" decoding=\"async\" width=\"750\" height=\"500\" data-attachment-id=\"76611\" data-permalink=\"https:\/\/www.hoymercedes.com.ar\/principal\/2018\/05\/30\/concejales-de-cambiemos-viven-un-punto-de-inflexion-en-la-relacion-con-concejales-oficialistas\/30-cambiemos-conferencia\/#main\" data-orig-file=\"https:\/\/www.hoymercedes.com.ar\/principal\/wp-content\/uploads\/2018\/05\/30-cambiemos-conferencia.jpg\" data-orig-size=\"750,500\" data-comments-opened=\"0\" data-image-meta=\"{&quot;aperture&quot;:&quot;3.5&quot;,&quot;credit&quot;:&quot;&quot;,&quot;camera&quot;:&quot;NIKON D3100&quot;,&quot;caption&quot;:&quot;&quot;,&quot;created_timestamp&quot;:&quot;1527681346&quot;,&quot;copyright&quot;:&quot;&quot;,&quot;focal_length&quot;:&quot;22&quot;,&quot;iso&quot;:&quot;1800&quot;,&quot;shutter_speed&quot;:&quot;0.016666666666667&quot;,&quot;title&quot;:&quot;&quot;,&quot;orientation&quot;:&quot;1&quot;}\" data-image-title=\"30 cambiemos conferencia\" data-image-description=\"\" data-image-caption=\"\" data-large-file=\"https:\/\/www.hoymercedes.com.ar\/principal\/wp-content\/uploads\/2018\/05\/30-cambiemos-conferencia.jpg\" src=\"https:\/\/www.hoymercedes.com.ar\/principal\/wp-content\/uploads\/2018\/05\/30-cambiemos-conferencia.jpg\" alt=\"\" class=\"wp-image-76611\" srcset=\"https:\/\/www.hoymercedes.com.ar\/principal\/wp-content\/uploads\/2018\/05\/30-cambiemos-conferencia.jpg 750w, https:\/\/www.hoymercedes.com.ar\/principal\/wp-content\/uploads\/2018\/05\/30-cambiemos-conferencia-150x100.jpg 150w, https:\/\/www.hoymercedes.com.ar\/principal\/wp-content\/uploads\/2018\/05\/30-cambiemos-conferencia-630x420.jpg 630w\" sizes=\"auto, (max-width: 750px) 100vw, 750px\" \/><\/figure>\n\n\n\n<p>\u201cDesde el comienzo de la gesti\u00f3n de la Gobernadora Mar\u00eda Eugenia Vidal, la Provincia realiz\u00f3 en Mercedes una transferencia de 1.143.831.520 pesos, de los que son part\u00edcipes los fondos de coparticipaci\u00f3n, financiamiento educativo, infraestructura municipal, programas sociales, fortalecimiento de recursos municipales, fondo provincial solidario, entre otros; generando autom\u00e1ticamente, la ca\u00edda del relato de los \u201cfondos propios\u201d, lema ficticio dentro del cual se esconde el municipio, ya que es casi imposible que esto suceda porque queda demostrado fehacientemente cuando se realiza la lectura dela tasas municipales, donde si bien aument\u00f3 considerablemente el porcentaje que se cobra de las mismas, no aument\u00f3 el n\u00famero de personas que pagan los impuestos.<\/p>\n\n\n\n<figure class=\"wp-block-image\"><img loading=\"lazy\" decoding=\"async\" width=\"530\" height=\"358\" data-attachment-id=\"85226\" data-permalink=\"https:\/\/www.hoymercedes.com.ar\/principal\/2018\/12\/10\/cambiemos-asegura-la-caida-del-relato-de-los-fondos-propios\/10-cambiemos-balance-2\/#main\" data-orig-file=\"https:\/\/www.hoymercedes.com.ar\/principal\/wp-content\/uploads\/2018\/12\/10-cambiemos-balance-2.jpg\" data-orig-size=\"530,358\" data-comments-opened=\"0\" data-image-meta=\"{&quot;aperture&quot;:&quot;0&quot;,&quot;credit&quot;:&quot;&quot;,&quot;camera&quot;:&quot;&quot;,&quot;caption&quot;:&quot;&quot;,&quot;created_timestamp&quot;:&quot;0&quot;,&quot;copyright&quot;:&quot;&quot;,&quot;focal_length&quot;:&quot;0&quot;,&quot;iso&quot;:&quot;0&quot;,&quot;shutter_speed&quot;:&quot;0&quot;,&quot;title&quot;:&quot;&quot;,&quot;orientation&quot;:&quot;0&quot;}\" data-image-title=\"10 cambiemos balance  (2)\" data-image-description=\"\" data-image-caption=\"\" data-large-file=\"https:\/\/www.hoymercedes.com.ar\/principal\/wp-content\/uploads\/2018\/12\/10-cambiemos-balance-2.jpg\" src=\"https:\/\/www.hoymercedes.com.ar\/principal\/wp-content\/uploads\/2018\/12\/10-cambiemos-balance-2.jpg\" alt=\"\" class=\"wp-image-85226\" srcset=\"https:\/\/www.hoymercedes.com.ar\/principal\/wp-content\/uploads\/2018\/12\/10-cambiemos-balance-2.jpg 530w, https:\/\/www.hoymercedes.com.ar\/principal\/wp-content\/uploads\/2018\/12\/10-cambiemos-balance-2-150x101.jpg 150w\" sizes=\"auto, (max-width: 530px) 100vw, 530px\" \/><\/figure>\n\n\n\n<p><strong>La realidad habla por s\u00ed sola.\u00a0<br><\/strong>En el 2016, arribaron a la comuna una suma de 323.117.096 pesos,aumentando en el 2017 con una transferencia de 411.471.483 pesos y finalmente recibiendo en el 2018 entre Enero y Septiembre 409.242.941 pesos; donde adem\u00e1s,el gobierno Provincial crea un Fondo de Infraestructura Municipal (FIM) al cual llega una inversi\u00f3n en proporci\u00f3n al coeficiente \u00fanico de la coparticipaci\u00f3n,que las localidades nunca hab\u00edan recibido, con el objetivo de acompa\u00f1ar a los Municipios, colaborando en aquellas obras donde no pudieran sostenerlas con recursos propios. El mismo se lleva a cabo a trav\u00e9s de una presentaci\u00f3n de un listado que realiza cada comuna donde plasman los proyectos de obras para llevar a cabo.\u00a0<br>A partir del FIM, en 2016 se reciben 31.050.025 pesos realiz\u00e1ndose obras de cloacas nuevas, hitos urbanos de ingreso a la ciudad, movilidad urbana sustentable, pavimentaci\u00f3n de acceso a la escuela de Gowland, pavimentaci\u00f3n de calle 61 bis y jard\u00edn de infantes Agote, red cloacal y de agua corriente, y repavimentaci\u00f3n paso a nivel ex FC Belgrano. Pero no se obtuvieron las mismas noticias en el 2017, donde el municipio recibe una suma de 31.746.593 pesos, pero con una sola finalizaci\u00f3n de obra de reconversi\u00f3n lum\u00ednica de accesos y avenidas valuada en 4.500.000 en la colocaci\u00f3n de luces led y dejando al descubierto una Movilidad Urbana Sustentable valuada en 16.440.000 cuando la licitaci\u00f3n por parte del Ejecutivo fue de 2.500.000 por la bicisenda en calle 10 desde la 61 a 69. Por otra parte, en Diciembre de ese mismo a\u00f1o se realiza la licitaci\u00f3n de Modernizaci\u00f3n y Equipamientos de Plazas donde se incluyen las plazas San Mart\u00edn, Belgrano y Rivadavia, comenzando la puesta en valor a fines del 2018, llevando a cabo solo dos de ellas y, sin saber qu\u00e9 fin tuvo ese dinero recibido que no se utiliz\u00f3 durante un a\u00f1o.<\/p>\n\n\n\n<p><br>A partir del FIM, en 2016 se reciben 31.050.025 pesos realiz\u00e1ndose obras de cloacas nuevas, hitos urbanos de ingreso a la ciudad, movilidad urbana sustentable, pavimentaci\u00f3n de acceso a la escuela de Gowland, pavimentaci\u00f3n de calle 61 bis y jard\u00edn de infantes Agote, red cloacal y de agua corriente, y repavimentaci\u00f3n paso a nivel ex FC Belgrano. Pero no se obtuvieron las mismas noticias en el 2017, donde el municipio recibe una suma de 31.746.593 pesos, pero con una sola finalizaci\u00f3n de obra de reconversi\u00f3n lum\u00ednica de accesos y avenidas valuada en 4.500.000 en la colocaci\u00f3n de luces led y dejando al descubierto una Movilidad Urbana Sustentable valuada en 16.440.000 cuando la licitaci\u00f3n por parte del Ejecutivo fue de 2.500.000 por la bicisenda en calle 10 desde la 61 a 69. Por otra parte, en Diciembre de ese mismo a\u00f1o se realiza la licitaci\u00f3n de Modernizaci\u00f3n y Equipamientos de Plazas donde se incluyen las plazas San Mart\u00edn, Belgrano y Rivadavia, comenzando la puesta en valor a fines del 2018, llevando a cabo solo dos de ellas y, sin saber qu\u00e9 fin tuvo ese dinero recibido que no se utiliz\u00f3 durante un a\u00f1o.<\/p>\n\n\n\n<figure class=\"wp-block-image\"><img loading=\"lazy\" decoding=\"async\" width=\"551\" height=\"377\" data-attachment-id=\"85227\" data-permalink=\"https:\/\/www.hoymercedes.com.ar\/principal\/2018\/12\/10\/cambiemos-asegura-la-caida-del-relato-de-los-fondos-propios\/10-cambiemos-balance-1\/#main\" data-orig-file=\"https:\/\/www.hoymercedes.com.ar\/principal\/wp-content\/uploads\/2018\/12\/10-cambiemos-balance-1.jpg\" data-orig-size=\"551,377\" data-comments-opened=\"0\" data-image-meta=\"{&quot;aperture&quot;:&quot;0&quot;,&quot;credit&quot;:&quot;&quot;,&quot;camera&quot;:&quot;&quot;,&quot;caption&quot;:&quot;&quot;,&quot;created_timestamp&quot;:&quot;0&quot;,&quot;copyright&quot;:&quot;&quot;,&quot;focal_length&quot;:&quot;0&quot;,&quot;iso&quot;:&quot;0&quot;,&quot;shutter_speed&quot;:&quot;0&quot;,&quot;title&quot;:&quot;&quot;,&quot;orientation&quot;:&quot;0&quot;}\" data-image-title=\"10 cambiemos balance  (1)\" data-image-description=\"\" data-image-caption=\"\" data-large-file=\"https:\/\/www.hoymercedes.com.ar\/principal\/wp-content\/uploads\/2018\/12\/10-cambiemos-balance-1.jpg\" src=\"https:\/\/www.hoymercedes.com.ar\/principal\/wp-content\/uploads\/2018\/12\/10-cambiemos-balance-1.jpg\" alt=\"\" class=\"wp-image-85227\" srcset=\"https:\/\/www.hoymercedes.com.ar\/principal\/wp-content\/uploads\/2018\/12\/10-cambiemos-balance-1.jpg 551w, https:\/\/www.hoymercedes.com.ar\/principal\/wp-content\/uploads\/2018\/12\/10-cambiemos-balance-1-150x103.jpg 150w\" sizes=\"auto, (max-width: 551px) 100vw, 551px\" \/><\/figure>\n\n\n\n<p><strong>Fondos educativos<br><\/strong>En cuanto al mismo, hubo un gran incremento a\u00f1o tras a\u00f1o,incluso comparado con las gestiones anteriores, con una inversi\u00f3n de 86.072.055 pesos desde la llegada del gobierno provincial hasta esta parte, siendo potestad de Intendente darle una utilidad correcta a esos fondos que son para mejorar la infraestructura de las escuelas.<\/p>\n\n\n\n<p>Finalmente, gracias al Gobierno Provincial, Mercedes finaliza el a\u00f1o 2018 con la concreci\u00f3n de dos obras millonarias tan esperadas como lo es la reparaci\u00f3n, refacci\u00f3n y puesta en valor de la Escuela Normal con un presupuesto de 45.000.000 millones, y la renovaci\u00f3n de las guardias del Hospital Blas L. Dubarry y refacciones en simult\u00e1neo con una inversi\u00f3n de 118.115.729,26 pesos.<\/p>\n\n\n\n<p>\u201cDesde que asumi\u00f3 Cambiemos tanto a nivel nacional, provincial e incluso nuestro bloque de concejales en la localidad, tomamos el compromiso de no poner palos en la rueda a la gesti\u00f3n local, ni hacer un municipio paralelo,manej\u00e1ndonos con buen criterio y velando por el bien de la ciudad que redunda en el bien de los ciudadanos, intentando traer la mayor cantidad de fondos posibles, en los cuales vamos a seguir trabajando porque entendemos que el trabajo debe hacerse en conjunto ya que las pol\u00edticas p\u00fablicas no tienen fronteras partidarias e independientemente de quien gobierne, son obras que quedan para siempre y benefician a todos los Mercedinos\u201d finaliz\u00f3 el Bloque Cambiemos.<\/p>\n","protected":false},"excerpt":{"rendered":"<p>A trav\u00e9s de una carta enviada a los medios y publicada en sus redes sociales, los referentes del frente pol\u00edtico &#8230; <a title=\"Cambiemos asegura: \u201cla ca\u00edda del relato de los fondos propios\u201d\" class=\"read-more\" href=\"https:\/\/www.hoymercedes.com.ar\/principal\/2018\/12\/10\/cambiemos-asegura-la-caida-del-relato-de-los-fondos-propios\/\" aria-label=\"Leer m\u00e1s sobre Cambiemos asegura: \u201cla ca\u00edda del relato de los fondos propios\u201d\">Leer m\u00e1s<\/a><\/p>\n","protected":false},"author":1,"featured_media":76611,"comment_status":"closed","ping_status":"open","sticky":false,"template":"","format":"standard","meta":{"_monsterinsights_skip_tracking":false,"_monsterinsights_sitenote_active":false,"_monsterinsights_sitenote_note":"","_monsterinsights_sitenote_category":0,"jetpack_post_was_ever_published":false,"_jetpack_newsletter_access":"","_jetpack_dont_email_post_to_subs":false,"_jetpack_newsletter_tier_id":0,"_jetpack_memberships_contains_paywalled_content":false,"_jetpack_memberships_contains_paid_content":false,"footnotes":"","jetpack_publicize_message":"","jetpack_publicize_feature_enabled":true,"jetpack_social_post_already_shared":true,"jetpack_social_options":{"image_generator_settings":{"template":"highway","default_image_id":0,"font":"","enabled":false},"version":2},"_wpas_customize_per_network":false},"categories":[5],"tags":[8786,7492,5319],"class_list":["post-85225","post","type-post","status-publish","format-standard","has-post-thumbnail","hentry","category-politica","tag-economia","tag-frente-cambiemos","tag-politica-2","generate-columns","tablet-grid-50","mobile-grid-100","grid-parent","grid-50"],"jetpack_publicize_connections":[],"jetpack_featured_media_url":"https:\/\/www.hoymercedes.com.ar\/principal\/wp-content\/uploads\/2018\/05\/30-cambiemos-conferencia.jpg","wps_subtitle":"","jetpack_sharing_enabled":true,"_links":{"self":[{"href":"https:\/\/www.hoymercedes.com.ar\/principal\/wp-json\/wp\/v2\/posts\/85225","targetHints":{"allow":["GET"]}}],"collection":[{"href":"https:\/\/www.hoymercedes.com.ar\/principal\/wp-json\/wp\/v2\/posts"}],"about":[{"href":"https:\/\/www.hoymercedes.com.ar\/principal\/wp-json\/wp\/v2\/types\/post"}],"author":[{"embeddable":true,"href":"https:\/\/www.hoymercedes.com.ar\/principal\/wp-json\/wp\/v2\/users\/1"}],"replies":[{"embeddable":true,"href":"https:\/\/www.hoymercedes.com.ar\/principal\/wp-json\/wp\/v2\/comments?post=85225"}],"version-history":[{"count":0,"href":"https:\/\/www.hoymercedes.com.ar\/principal\/wp-json\/wp\/v2\/posts\/85225\/revisions"}],"wp:featuredmedia":[{"embeddable":true,"href":"https:\/\/www.hoymercedes.com.ar\/principal\/wp-json\/wp\/v2\/media\/76611"}],"wp:attachment":[{"href":"https:\/\/www.hoymercedes.com.ar\/principal\/wp-json\/wp\/v2\/media?parent=85225"}],"wp:term":[{"taxonomy":"category","embeddable":true,"href":"https:\/\/www.hoymercedes.com.ar\/principal\/wp-json\/wp\/v2\/categories?post=85225"},{"taxonomy":"post_tag","embeddable":true,"href":"https:\/\/www.hoymercedes.com.ar\/principal\/wp-json\/wp\/v2\/tags?post=85225"}],"curies":[{"name":"wp","href":"https:\/\/api.w.org\/{rel}","templated":true}]}}