{"id":8523,"date":"2011-10-23T21:48:37","date_gmt":"2011-10-23T21:48:37","guid":{"rendered":"http:\/\/www.hoymercedes.com.ar\/principal\/?p=8523"},"modified":"2011-10-23T21:48:37","modified_gmt":"2011-10-23T21:48:37","slug":"fmpv-denuncia-presuntas-irregularidades","status":"publish","type":"post","link":"https:\/\/www.hoymercedes.com.ar\/principal\/2011\/10\/23\/fmpv-denuncia-presuntas-irregularidades\/","title":{"rendered":"FMPV denuncia presuntas irregularidades"},"content":{"rendered":"<p>Por intermedio del presente comunicado queremos denunciar ante la ciudadan\u00eda de Mercedes algunos hechos que son de car\u00e1cter grave<\/p>\n<p>Despu\u00e9s de la apertura de las mesas de las escuelas se comenz\u00f3 a notar algunas pr\u00e1cticas que rompen con la veda electoral, como por ejemplo la ubicaci\u00f3n de mesas dentro de los establecimientos educativos donde se emit\u00eda el sufragio, con notebooks que dispon\u00edan de padrones y boletas del candidato del Frente para la Victoria Carlos Selva induciendo a los votantes a realizar un voto a su favor, y otras que son de car\u00e1cter fraudulento como fiscales portando el famoso Liquid paper adulterando las boletas del candidato del Frente Mercedino Juan Ignacio Ustarroz, comprobaci\u00f3n de robo de boletas por parte del algunos fiscales del partido del intendente y muchas mas que fueron detectadas en escuelas de la vecina Gowland, Escuela n 3, por nombrar alguna.<\/p>\n<p>Nuestro pedido ante la fuerza p\u00fablica, Gendarmer\u00eda Nacional, no tardo en hacerse efectivo ya que se labraron mas de 10 actas hasta pasadas las 14 horas, que fueron elevadas ante la Direcci\u00f3n Nacional Electoral por intermedio de estos.<\/p>\n<p>Este tipo de hechos ya hab\u00edan ocurrido en las elecciones primarias del pasado 14 de agosto y despu\u00e9s tuvimos que soportar al intendente reclamando algo que no hab\u00eda existido por parte de nuestro espacio, victimiz\u00e1ndose ante sus propios actos y de esa manera fomentando el miedo hacia la sociedad, adem\u00e1s de faltarle el respeto y subestimar al electorado por parte del oficialismo por intermedio de algunos temas que se quisieron instalar sin fundamentos para de esa manera conseguir el voto, otra vez subestimando la buena fe y la voluntad del electorado, sin ofrecer propuestas y desmereciendo las del Frente Mercedino para la Victoria.<\/p>\n<p>Nuestro objetivo no fue nunca adue\u00f1arnos de nada, al contrario queremos darle un salto de calidad a la ciudad porque creemos que Mercedes puede mucho mas<\/p>\n<p><strong>FRENTE MERCEDINO PARA LA VICTORIA<\/strong><\/p>\n","protected":false},"excerpt":{"rendered":"<p>Por intermedio del presente comunicado queremos denunciar ante la ciudadan\u00eda de Mercedes algunos hechos que son de car\u00e1cter grave Despu\u00e9s &#8230; <a title=\"FMPV denuncia presuntas irregularidades\" class=\"read-more\" href=\"https:\/\/www.hoymercedes.com.ar\/principal\/2011\/10\/23\/fmpv-denuncia-presuntas-irregularidades\/\" aria-label=\"Leer m\u00e1s sobre FMPV denuncia presuntas irregularidades\">Leer m\u00e1s<\/a><\/p>\n","protected":false},"author":1,"featured_media":0,"comment_status":"open","ping_status":"open","sticky":false,"template":"","format":"standard","meta":{"_monsterinsights_skip_tracking":false,"_monsterinsights_sitenote_active":false,"_monsterinsights_sitenote_note":"","_monsterinsights_sitenote_category":0,"jetpack_post_was_ever_published":false,"_jetpack_newsletter_access":"","_jetpack_dont_email_post_to_subs":false,"_jetpack_newsletter_tier_id":0,"_jetpack_memberships_contains_paywalled_content":false,"_jetpack_memberships_contains_paid_content":false,"footnotes":"","jetpack_publicize_message":"","jetpack_publicize_feature_enabled":true,"jetpack_social_post_already_shared":false,"jetpack_social_options":{"image_generator_settings":{"template":"highway","default_image_id":0,"font":"","enabled":false},"version":2},"_wpas_customize_per_network":false},"categories":[5],"tags":[1007],"class_list":["post-8523","post","type-post","status-publish","format-standard","hentry","category-politica","tag-frente-mercedino","generate-columns","tablet-grid-50","mobile-grid-100","grid-parent","grid-50"],"jetpack_publicize_connections":[],"jetpack_featured_media_url":"","wps_subtitle":"","jetpack_sharing_enabled":true,"_links":{"self":[{"href":"https:\/\/www.hoymercedes.com.ar\/principal\/wp-json\/wp\/v2\/posts\/8523","targetHints":{"allow":["GET"]}}],"collection":[{"href":"https:\/\/www.hoymercedes.com.ar\/principal\/wp-json\/wp\/v2\/posts"}],"about":[{"href":"https:\/\/www.hoymercedes.com.ar\/principal\/wp-json\/wp\/v2\/types\/post"}],"author":[{"embeddable":true,"href":"https:\/\/www.hoymercedes.com.ar\/principal\/wp-json\/wp\/v2\/users\/1"}],"replies":[{"embeddable":true,"href":"https:\/\/www.hoymercedes.com.ar\/principal\/wp-json\/wp\/v2\/comments?post=8523"}],"version-history":[{"count":0,"href":"https:\/\/www.hoymercedes.com.ar\/principal\/wp-json\/wp\/v2\/posts\/8523\/revisions"}],"wp:attachment":[{"href":"https:\/\/www.hoymercedes.com.ar\/principal\/wp-json\/wp\/v2\/media?parent=8523"}],"wp:term":[{"taxonomy":"category","embeddable":true,"href":"https:\/\/www.hoymercedes.com.ar\/principal\/wp-json\/wp\/v2\/categories?post=8523"},{"taxonomy":"post_tag","embeddable":true,"href":"https:\/\/www.hoymercedes.com.ar\/principal\/wp-json\/wp\/v2\/tags?post=8523"}],"curies":[{"name":"wp","href":"https:\/\/api.w.org\/{rel}","templated":true}]}}