{"id":85255,"date":"2018-12-10T18:39:30","date_gmt":"2018-12-10T21:39:30","guid":{"rendered":"http:\/\/www.hoymercedes.com.ar\/principal\/?p=85255"},"modified":"2018-12-10T21:31:07","modified_gmt":"2018-12-11T00:31:07","slug":"movimiento-evita-tuvo-su-plenario-con-la-militancia","status":"publish","type":"post","link":"https:\/\/www.hoymercedes.com.ar\/principal\/2018\/12\/10\/movimiento-evita-tuvo-su-plenario-con-la-militancia\/","title":{"rendered":"Movimiento Evita tuvo su plenario con la militancia"},"content":{"rendered":"\n<p>Con gran concurrencia, se llev\u00f3 a cabo una jornada nutrida de interesantes disertaciones en el predio de la CTEP. El evento cont\u00f3 con la presencia del Secretario General Nacional del ME, Emilio Persico.<\/p>\n\n\n\n<figure class=\"wp-block-image\"><img loading=\"lazy\" decoding=\"async\" width=\"720\" height=\"540\" data-attachment-id=\"85256\" data-permalink=\"https:\/\/www.hoymercedes.com.ar\/principal\/2018\/12\/10\/movimiento-evita-tuvo-su-plenario-con-la-militancia\/10-mov-evita-2\/#main\" data-orig-file=\"https:\/\/www.hoymercedes.com.ar\/principal\/wp-content\/uploads\/2018\/12\/10-mov-evita.jpg\" data-orig-size=\"720,540\" data-comments-opened=\"0\" data-image-meta=\"{&quot;aperture&quot;:&quot;0&quot;,&quot;credit&quot;:&quot;&quot;,&quot;camera&quot;:&quot;&quot;,&quot;caption&quot;:&quot;&quot;,&quot;created_timestamp&quot;:&quot;0&quot;,&quot;copyright&quot;:&quot;&quot;,&quot;focal_length&quot;:&quot;0&quot;,&quot;iso&quot;:&quot;0&quot;,&quot;shutter_speed&quot;:&quot;0&quot;,&quot;title&quot;:&quot;&quot;,&quot;orientation&quot;:&quot;0&quot;}\" data-image-title=\"10 mov evita\" data-image-description=\"\" data-image-caption=\"\" data-large-file=\"https:\/\/www.hoymercedes.com.ar\/principal\/wp-content\/uploads\/2018\/12\/10-mov-evita.jpg\" src=\"https:\/\/www.hoymercedes.com.ar\/principal\/wp-content\/uploads\/2018\/12\/10-mov-evita.jpg\" alt=\"\" class=\"wp-image-85256\" srcset=\"https:\/\/www.hoymercedes.com.ar\/principal\/wp-content\/uploads\/2018\/12\/10-mov-evita.jpg 720w, https:\/\/www.hoymercedes.com.ar\/principal\/wp-content\/uploads\/2018\/12\/10-mov-evita-150x113.jpg 150w, https:\/\/www.hoymercedes.com.ar\/principal\/wp-content\/uploads\/2018\/12\/10-mov-evita-630x473.jpg 630w\" sizes=\"auto, (max-width: 720px) 100vw, 720px\" \/><\/figure>\n\n\n\n<p>El domingo 2 de diciembre en el predio de la Confederaci\u00f3n de Trabajadores de la Econom\u00eda Popular (CTEP), ubicado en calles 11 y 4, el Movimiento Evita realiz\u00f3 un \u201cPlenario de la Militancia\u201d, con el nombre: \u201d N\u00e9stor Kirchner\u201d.<\/p>\n\n\n\n<p>El mismo cont\u00f3 con la presencia de m\u00e1s de 700 participantes que llegaron durante la ma\u00f1ana en diferentes comisiones. Durante la jornada se leyeron&nbsp; los documentos relacionados a Misioneros de Francisco, Frente de Mujeres, JP (juventud), Casa Pueblo (casa de atenci\u00f3n y acompa\u00f1amiento).<\/p>\n\n\n\n<p>En el evento estuvieron presentes el Secretario General Nacional del Movimiento Evita, Emilio Persico, el Intendente Juan Ignacio Ustarroz, la referente pol\u00edtica del distrito Dra Aldana Ch\u00e1ves e integrantes de la Mesa Sindical Mercedes.<\/p>\n\n\n\n<p>Fueron variadas las expresiones que se desarrollaron a lo largo del plenario, donde los formadores expusieron sobre la actualidad pol\u00edtica y econ\u00f3mica del pa\u00eds. Tambi\u00e9n se explayaron sobre&nbsp; los objetivos para el 2019 y la mirada hacia las pr\u00f3ximas elecciones.<\/p>\n\n\n\n<p>Se destaca entre las actividades, la inauguraci\u00f3n de \u201cCasa Pueblo\u201d la cual hospeda actualmente a j\u00f3venes, que mediante un trabajo en conjunto con el SEDRONAR, reciben el correspondiente\u00a0 tratamiento, asistencia y acompa\u00f1amiento.\u00a0 Despu\u00e9s del mediod\u00eda se llevaron adelante diversas muestras art\u00edsticas y propuestas did\u00e1cticas para todo el p\u00fablico.<\/p>\n\n\n\n<p>Fuente: Movimiento Evita<\/p>\n","protected":false},"excerpt":{"rendered":"<p>Con gran concurrencia, se llev\u00f3 a cabo una jornada nutrida de interesantes disertaciones en el predio de la CTEP. El &#8230; <a title=\"Movimiento Evita tuvo su plenario con la militancia\" class=\"read-more\" href=\"https:\/\/www.hoymercedes.com.ar\/principal\/2018\/12\/10\/movimiento-evita-tuvo-su-plenario-con-la-militancia\/\" aria-label=\"Leer m\u00e1s sobre Movimiento Evita tuvo su plenario con la militancia\">Leer m\u00e1s<\/a><\/p>\n","protected":false},"author":1,"featured_media":85256,"comment_status":"closed","ping_status":"open","sticky":false,"template":"","format":"standard","meta":{"_monsterinsights_skip_tracking":false,"_monsterinsights_sitenote_active":false,"_monsterinsights_sitenote_note":"","_monsterinsights_sitenote_category":0,"jetpack_post_was_ever_published":false,"_jetpack_newsletter_access":"","_jetpack_dont_email_post_to_subs":false,"_jetpack_newsletter_tier_id":0,"_jetpack_memberships_contains_paywalled_content":false,"_jetpack_memberships_contains_paid_content":false,"footnotes":"","jetpack_publicize_message":"","jetpack_publicize_feature_enabled":true,"jetpack_social_post_already_shared":true,"jetpack_social_options":{"image_generator_settings":{"template":"highway","default_image_id":0,"font":"","enabled":false},"version":2},"_wpas_customize_per_network":false},"categories":[5],"tags":[10,10328,5319],"class_list":["post-85255","post","type-post","status-publish","format-standard","has-post-thumbnail","hentry","category-politica","tag-mercedes","tag-movimiento-evita","tag-politica-2","generate-columns","tablet-grid-50","mobile-grid-100","grid-parent","grid-50"],"jetpack_publicize_connections":[],"jetpack_featured_media_url":"https:\/\/www.hoymercedes.com.ar\/principal\/wp-content\/uploads\/2018\/12\/10-mov-evita.jpg","wps_subtitle":"Los primeros d\u00edas de diiembre","jetpack_sharing_enabled":true,"_links":{"self":[{"href":"https:\/\/www.hoymercedes.com.ar\/principal\/wp-json\/wp\/v2\/posts\/85255","targetHints":{"allow":["GET"]}}],"collection":[{"href":"https:\/\/www.hoymercedes.com.ar\/principal\/wp-json\/wp\/v2\/posts"}],"about":[{"href":"https:\/\/www.hoymercedes.com.ar\/principal\/wp-json\/wp\/v2\/types\/post"}],"author":[{"embeddable":true,"href":"https:\/\/www.hoymercedes.com.ar\/principal\/wp-json\/wp\/v2\/users\/1"}],"replies":[{"embeddable":true,"href":"https:\/\/www.hoymercedes.com.ar\/principal\/wp-json\/wp\/v2\/comments?post=85255"}],"version-history":[{"count":0,"href":"https:\/\/www.hoymercedes.com.ar\/principal\/wp-json\/wp\/v2\/posts\/85255\/revisions"}],"wp:featuredmedia":[{"embeddable":true,"href":"https:\/\/www.hoymercedes.com.ar\/principal\/wp-json\/wp\/v2\/media\/85256"}],"wp:attachment":[{"href":"https:\/\/www.hoymercedes.com.ar\/principal\/wp-json\/wp\/v2\/media?parent=85255"}],"wp:term":[{"taxonomy":"category","embeddable":true,"href":"https:\/\/www.hoymercedes.com.ar\/principal\/wp-json\/wp\/v2\/categories?post=85255"},{"taxonomy":"post_tag","embeddable":true,"href":"https:\/\/www.hoymercedes.com.ar\/principal\/wp-json\/wp\/v2\/tags?post=85255"}],"curies":[{"name":"wp","href":"https:\/\/api.w.org\/{rel}","templated":true}]}}