{"id":85290,"date":"2018-12-11T13:55:37","date_gmt":"2018-12-11T16:55:37","guid":{"rendered":"http:\/\/www.hoymercedes.com.ar\/principal\/?p=85290"},"modified":"2018-12-11T18:08:15","modified_gmt":"2018-12-11T21:08:15","slug":"sindicato-de-la-carne-los-veteranos-estan-en-instancias-de-semifinales","status":"publish","type":"post","link":"https:\/\/www.hoymercedes.com.ar\/principal\/2018\/12\/11\/sindicato-de-la-carne-los-veteranos-estan-en-instancias-de-semifinales\/","title":{"rendered":"Sindicato de la Carne: Los veteranos est\u00e1n en instancias de semifinales"},"content":{"rendered":"\n<p><strong>Pasaron los\ncorrespondientes cuartos de final del certamen Copa Goodyear Neum\u00e1ticos, y ya\nse conocen a los 4 planteles que lograron superar dicha etapa. El m\u00e1ster busca\nal \u00faltimo campe\u00f3n del 2018.<\/strong><\/p>\n\n\n\n<figure class=\"wp-block-image\"><img loading=\"lazy\" decoding=\"async\" width=\"1024\" height=\"576\" data-attachment-id=\"85305\" data-permalink=\"https:\/\/www.hoymercedes.com.ar\/principal\/2018\/12\/11\/sindicato-de-la-carne-los-veteranos-estan-en-instancias-de-semifinales\/goodyear-forrajeria\/#main\" data-orig-file=\"https:\/\/www.hoymercedes.com.ar\/principal\/wp-content\/uploads\/2018\/12\/goodyear-forrajer\u00eda.jpg\" data-orig-size=\"2656,1494\" data-comments-opened=\"0\" data-image-meta=\"{&quot;aperture&quot;:&quot;0&quot;,&quot;credit&quot;:&quot;&quot;,&quot;camera&quot;:&quot;&quot;,&quot;caption&quot;:&quot;&quot;,&quot;created_timestamp&quot;:&quot;0&quot;,&quot;copyright&quot;:&quot;&quot;,&quot;focal_length&quot;:&quot;0&quot;,&quot;iso&quot;:&quot;0&quot;,&quot;shutter_speed&quot;:&quot;0&quot;,&quot;title&quot;:&quot;&quot;,&quot;orientation&quot;:&quot;1&quot;}\" data-image-title=\"goodyear-forrajer\u00eda\" data-image-description=\"\" data-image-caption=\"\" data-large-file=\"https:\/\/www.hoymercedes.com.ar\/principal\/wp-content\/uploads\/2018\/12\/goodyear-forrajer\u00eda-1024x576.jpg\" src=\"https:\/\/www.hoymercedes.com.ar\/principal\/wp-content\/uploads\/2018\/12\/goodyear-forrajer\u00eda-1024x576.jpg\" alt=\"\" class=\"wp-image-85305\" srcset=\"https:\/\/www.hoymercedes.com.ar\/principal\/wp-content\/uploads\/2018\/12\/goodyear-forrajer\u00eda-1024x576.jpg 1024w, https:\/\/www.hoymercedes.com.ar\/principal\/wp-content\/uploads\/2018\/12\/goodyear-forrajer\u00eda-150x84.jpg 150w, https:\/\/www.hoymercedes.com.ar\/principal\/wp-content\/uploads\/2018\/12\/goodyear-forrajer\u00eda-630x354.jpg 630w\" sizes=\"auto, (max-width: 1024px) 100vw, 1024px\" \/><\/figure>\n\n\n\n<p>Con un intenso calor, pero en algunos momentos una peque\u00f1a\nbrisa corr\u00eda en el predio del sindicato, se disput\u00f3 otra tarde de f\u00fatbol. El\nd\u00eda s\u00e1bado solamente los veteranos tuvieron acci\u00f3n, ya que algunos equipos de\nlos menores jugaron amistosos, buscando la \u00f3ptima preparaci\u00f3n para el certamen\nque comenzar\u00e1 desde el pr\u00f3ximo fin de semana.<\/p>\n\n\n\n<p><strong>Copa\nGoodyear Neum\u00e1ticos<\/strong><\/p>\n\n\n\n<p>Los masters de Ap\u00edcola Mercedes son uno de los primeros que\nconsiguieron su clasificaci\u00f3n a la fase de semifinales. En su presentaci\u00f3n, los\nde casaca verde con vivos blancos se enfrentaron contra La Cortada. M\u00e1s que\ndisputado fue el duelo que se pudo observar en la cancha 1 del complejo.\nFinalmente, el resultado qued\u00f3 igualado en un tanto por lado. Ap\u00edcola Mercedes\nlogr\u00f3 pasar de ronda ya que ten\u00eda ventaja deportiva por sobre su rival, debido\na que en la zona clasific\u00f3 en los primeros puestos.<\/p>\n\n\n\n<p>Simult\u00e1neamente en la cancha 2, jugaron su partido\nGoodyearNeumaticos frente a Forrajer\u00eda El Cholo-Autoservicio El Cicl\u00f3n. Con un\nimpecable doblete de Lucas D\u00edaz, Goodyear Neum\u00e1ticos es uno de los 4 mejores\nque buscar\u00e1 meterse en la final\u00edsima. La historia termin\u00f3 dos a uno.<\/p>\n\n\n\n<p>Por otro lado, los dirigidos por el \u201cGringo\u201d Micottis,\nRosario Pl\u00e1stico-Autoservicio Marisol, vapule\u00f3 por cinco a cero al Tonga, que\nno pudo frenar los constantes ataques de su adversario. El 9 goleador Pablo\nPalazzo se adjudic\u00f3 un Hat-Trick.<\/p>\n\n\n\n<p>El Rejunte y la Agrupaci\u00f3n Cipriano Reyes terminaron dos a\ndos. El Rejunte hab\u00eda sido l\u00edder c\u00f3modo en su grupo y por ventaja deportiva se\nmeti\u00f3 en la siguiente instancia. En la \u00faltima jugada del match, El Rejunte\nlogr\u00f3 el empate clasificatorio.<\/p>\n\n\n\n<p><strong>Resultados\ncompletos torneo m\u00e1ster:<\/strong><\/p>\n\n\n\n<p>Agrupaci\u00f3n Cipriano Reyes: 2 (Leonardo Martino, Jaime\nRam\u00edrez)<\/p>\n\n\n\n<p>El Rejunte: 2 (Julio Mart\u00ednez 2)<\/p>\n\n\n\n<p>Goodyear Neum\u00e1ticos: 2 (Lucas D\u00edaz 2)<\/p>\n\n\n\n<p>Forrajer\u00eda El Cholo-Autoservicio El Cicl\u00f3n: 1 (Hugo Retamoso)<\/p>\n\n\n\n<p>El Tonga: 0<\/p>\n\n\n\n<p>Rosario Pl\u00e1stico-Autoservicio Marisol: 5 (Pablo Palazzo 3,\nManuel Gonzalez 2)<\/p>\n\n\n\n<p>La Cortada: 1 (Claudio G\u00f3mez)<\/p>\n\n\n\n<p>Ap\u00edcola Mercedes: 1 (Gast\u00f3n Arenas)<\/p>\n","protected":false},"excerpt":{"rendered":"<p>Pasaron los correspondientes cuartos de final del certamen Copa Goodyear Neum\u00e1ticos, y ya se conocen a los 4 planteles que &#8230; <a title=\"Sindicato de la Carne: Los veteranos est\u00e1n en instancias de semifinales\" class=\"read-more\" href=\"https:\/\/www.hoymercedes.com.ar\/principal\/2018\/12\/11\/sindicato-de-la-carne-los-veteranos-estan-en-instancias-de-semifinales\/\" aria-label=\"Leer m\u00e1s sobre Sindicato de la Carne: Los veteranos est\u00e1n en instancias de semifinales\">Leer m\u00e1s<\/a><\/p>\n","protected":false},"author":1,"featured_media":85305,"comment_status":"closed","ping_status":"open","sticky":false,"template":"","format":"standard","meta":{"_monsterinsights_skip_tracking":false,"_monsterinsights_sitenote_active":false,"_monsterinsights_sitenote_note":"","_monsterinsights_sitenote_category":0,"jetpack_post_was_ever_published":false,"_jetpack_newsletter_access":"","_jetpack_dont_email_post_to_subs":false,"_jetpack_newsletter_tier_id":0,"_jetpack_memberships_contains_paywalled_content":false,"_jetpack_memberships_contains_paid_content":false,"footnotes":"","jetpack_publicize_message":"","jetpack_publicize_feature_enabled":true,"jetpack_social_post_already_shared":true,"jetpack_social_options":{"image_generator_settings":{"template":"highway","default_image_id":0,"font":"","enabled":false},"version":2},"_wpas_customize_per_network":false},"categories":[21],"tags":[204,12957,1789],"class_list":["post-85290","post","type-post","status-publish","format-standard","has-post-thumbnail","hentry","category-deportes","tag-deportes-2","tag-futbol-amateur","tag-sindicato-de-la-carne","generate-columns","tablet-grid-50","mobile-grid-100","grid-parent","grid-50"],"jetpack_publicize_connections":[],"jetpack_featured_media_url":"https:\/\/www.hoymercedes.com.ar\/principal\/wp-content\/uploads\/2018\/12\/goodyear-forrajer\u00eda.jpg","wps_subtitle":"futbol amateur","jetpack_sharing_enabled":true,"jetpack-related-posts":[{"id":93376,"url":"https:\/\/www.hoymercedes.com.ar\/principal\/2019\/05\/21\/sindicato-de-la-carne-verduleria-rocio-se-consagro-campeon\/","url_meta":{"origin":85290,"position":0},"title":"Sindicato de la Carne: Verduler\u00eda Roc\u00edo se consagr\u00f3 campe\u00f3n","author":"hoymercedes","date":"21 mayo, 2019","format":false,"excerpt":"En una s\u00faper final, fue verdugo del Barrio San Mart\u00edn. Todo se defini\u00f3 en la tanda de los penales. Sigue la acci\u00f3n en el certamen de veteranos. A pesar de algunas lluvias ca\u00eddas en la tarde del s\u00e1bado, dentro del complejo futbol\u00edstico, igualmente el f\u00fatbol tuvo su lugar, y fue\u2026","rel":"","context":"En \u00abDeportes\u00bb","block_context":{"text":"Deportes","link":"https:\/\/www.hoymercedes.com.ar\/principal\/category\/deportes\/"},"img":{"alt_text":"","src":"https:\/\/i0.wp.com\/www.hoymercedes.com.ar\/principal\/wp-content\/uploads\/2019\/05\/el-rejunte.jpg-2.jpg?resize=350%2C200&ssl=1","width":350,"height":200,"srcset":"https:\/\/i0.wp.com\/www.hoymercedes.com.ar\/principal\/wp-content\/uploads\/2019\/05\/el-rejunte.jpg-2.jpg?resize=350%2C200&ssl=1 1x, https:\/\/i0.wp.com\/www.hoymercedes.com.ar\/principal\/wp-content\/uploads\/2019\/05\/el-rejunte.jpg-2.jpg?resize=525%2C300&ssl=1 1.5x, https:\/\/i0.wp.com\/www.hoymercedes.com.ar\/principal\/wp-content\/uploads\/2019\/05\/el-rejunte.jpg-2.jpg?resize=700%2C400&ssl=1 2x"},"classes":[]},{"id":100475,"url":"https:\/\/www.hoymercedes.com.ar\/principal\/2019\/09\/27\/a-paso-firme-goodyear-neumaticos\/","url_meta":{"origin":85290,"position":1},"title":"A paso firme Goodyear Neum\u00e1ticos","author":"hoymercedes","date":"27 septiembre, 2019","format":false,"excerpt":"Cada vez causan m\u00e1s furor los dos torneos organizados por Walter Banega, quien con su impecable desempe\u00f1o dentro del predio mercedino, lleva adelante la Copa Goodyear Neum\u00e1ticos de mayores y la Copa Mercedes Deportes de los m\u00e1s chicos del complejo. En la tarde del s\u00e1bado, se concretaron los correspondientes partidos\u2026","rel":"","context":"En \u00abDeportes\u00bb","block_context":{"text":"Deportes","link":"https:\/\/www.hoymercedes.com.ar\/principal\/category\/deportes\/"},"img":{"alt_text":"","src":"https:\/\/i0.wp.com\/www.hoymercedes.com.ar\/principal\/wp-content\/uploads\/2019\/09\/consultorio.jpg.jpg?resize=350%2C200&ssl=1","width":350,"height":200,"srcset":"https:\/\/i0.wp.com\/www.hoymercedes.com.ar\/principal\/wp-content\/uploads\/2019\/09\/consultorio.jpg.jpg?resize=350%2C200&ssl=1 1x, https:\/\/i0.wp.com\/www.hoymercedes.com.ar\/principal\/wp-content\/uploads\/2019\/09\/consultorio.jpg.jpg?resize=525%2C300&ssl=1 1.5x, https:\/\/i0.wp.com\/www.hoymercedes.com.ar\/principal\/wp-content\/uploads\/2019\/09\/consultorio.jpg.jpg?resize=700%2C400&ssl=1 2x"},"classes":[]},{"id":94385,"url":"https:\/\/www.hoymercedes.com.ar\/principal\/2019\/06\/04\/a-dos-fechas-del-final-la-punta-es-compartida-en-el-certamen-de-veteranos\/","url_meta":{"origin":85290,"position":2},"title":"A dos fechas del final, la punta es compartida en el certamen de veteranos","author":"hoymercedes","date":"4 junio, 2019","format":false,"excerpt":"Autoservicio Marisol no pudo contra La Cortada, quien jug\u00f3 un enorme partido. Forrajer\u00eda El Cholo-Autoservicio El Cicl\u00f3n venci\u00f3 en su presentaci\u00f3n, y tambi\u00e9n lidera. Una vez m\u00e1s hubo buen f\u00fatbol en el complejo mercedino. Bajo la organizaci\u00f3n de Walter Banega, el torneo Copa Goodyear Neum\u00e1ticos de mayores, sigue por el\u2026","rel":"","context":"En \u00abDeportes\u00bb","block_context":{"text":"Deportes","link":"https:\/\/www.hoymercedes.com.ar\/principal\/category\/deportes\/"},"img":{"alt_text":"","src":"https:\/\/i0.wp.com\/www.hoymercedes.com.ar\/principal\/wp-content\/uploads\/2019\/06\/la-cortada.jpg-1.jpg?resize=350%2C200&ssl=1","width":350,"height":200,"srcset":"https:\/\/i0.wp.com\/www.hoymercedes.com.ar\/principal\/wp-content\/uploads\/2019\/06\/la-cortada.jpg-1.jpg?resize=350%2C200&ssl=1 1x, https:\/\/i0.wp.com\/www.hoymercedes.com.ar\/principal\/wp-content\/uploads\/2019\/06\/la-cortada.jpg-1.jpg?resize=525%2C300&ssl=1 1.5x, https:\/\/i0.wp.com\/www.hoymercedes.com.ar\/principal\/wp-content\/uploads\/2019\/06\/la-cortada.jpg-1.jpg?resize=700%2C400&ssl=1 2x"},"classes":[]},{"id":84908,"url":"https:\/\/www.hoymercedes.com.ar\/principal\/2018\/12\/04\/por-penales-el-rejunte-se-quedo-con-el-campeonato\/","url_meta":{"origin":85290,"position":3},"title":"Por penales, El Rejunte se qued\u00f3 con el campeonato","author":"hoymercedes","date":"4 diciembre, 2018","format":false,"excerpt":"Vibrante definici\u00f3n entre \u00e9ste y Carnicer\u00eda la 11, que empataron en el tiempo reglamentario y se defini\u00f3 desde los 12 pasos. Los veteranos siguen en el ruedo. Transcurridas las fechas, y luego de algunos fines de semanas postergados por las inclemencias del tiempo, Walter Banega pudo cerrar otro exitoso y\u2026","rel":"","context":"En \u00abDeportes\u00bb","block_context":{"text":"Deportes","link":"https:\/\/www.hoymercedes.com.ar\/principal\/category\/deportes\/"},"img":{"alt_text":"","src":"https:\/\/i0.wp.com\/www.hoymercedes.com.ar\/principal\/wp-content\/uploads\/2018\/12\/Foto-1.jpg?resize=350%2C200&ssl=1","width":350,"height":200,"srcset":"https:\/\/i0.wp.com\/www.hoymercedes.com.ar\/principal\/wp-content\/uploads\/2018\/12\/Foto-1.jpg?resize=350%2C200&ssl=1 1x, https:\/\/i0.wp.com\/www.hoymercedes.com.ar\/principal\/wp-content\/uploads\/2018\/12\/Foto-1.jpg?resize=525%2C300&ssl=1 1.5x, https:\/\/i0.wp.com\/www.hoymercedes.com.ar\/principal\/wp-content\/uploads\/2018\/12\/Foto-1.jpg?resize=700%2C400&ssl=1 2x, https:\/\/i0.wp.com\/www.hoymercedes.com.ar\/principal\/wp-content\/uploads\/2018\/12\/Foto-1.jpg?resize=1050%2C600&ssl=1 3x"},"classes":[]},{"id":83974,"url":"https:\/\/www.hoymercedes.com.ar\/principal\/2018\/11\/14\/a-pesar-de-la-lluvia-los-mayores-disputaron-su-fecha\/","url_meta":{"origin":85290,"position":4},"title":"A pesar de la lluvia los mayores disputaron su fecha","author":"hoymercedes","date":"14 noviembre, 2018","format":false,"excerpt":"Autoservicio El Cicl\u00f3n-Forrajer\u00eda El Cholo y El Rejunte lideran las dos zonas de los veteranos. En el torneo libre se espera otro s\u00e1bado de definiciones, esta vez, en instancias de semis. \u00a0 Copa Goodyear Neum\u00e1ticos: Entra en la recta final la primera fase del torneo m\u00e1ster, organizado por Walter Banega,\u2026","rel":"","context":"En \u00abDeportes\u00bb","block_context":{"text":"Deportes","link":"https:\/\/www.hoymercedes.com.ar\/principal\/category\/deportes\/"},"img":{"alt_text":"","src":"https:\/\/i0.wp.com\/www.hoymercedes.com.ar\/principal\/wp-content\/uploads\/2018\/11\/los-pibes.jpg?resize=350%2C200&ssl=1","width":350,"height":200,"srcset":"https:\/\/i0.wp.com\/www.hoymercedes.com.ar\/principal\/wp-content\/uploads\/2018\/11\/los-pibes.jpg?resize=350%2C200&ssl=1 1x, https:\/\/i0.wp.com\/www.hoymercedes.com.ar\/principal\/wp-content\/uploads\/2018\/11\/los-pibes.jpg?resize=525%2C300&ssl=1 1.5x, https:\/\/i0.wp.com\/www.hoymercedes.com.ar\/principal\/wp-content\/uploads\/2018\/11\/los-pibes.jpg?resize=700%2C400&ssl=1 2x"},"classes":[]},{"id":85979,"url":"https:\/\/www.hoymercedes.com.ar\/principal\/2018\/12\/25\/rosario-plastico-autoservicio-marisol-y-apicola-mercedes-jugaran-la-final-de-veteranos\/","url_meta":{"origin":85290,"position":5},"title":"Rosario Pl\u00e1stico-Autoservicio Marisol y Ap\u00edcola Mercedes jugar\u00e1n la final de veteranos","author":"hoymercedes","date":"25 diciembre, 2018","format":false,"excerpt":"En la instancia decisiva para conocer al campe\u00f3n del complejo, nuevamente se ver\u00e1n las caras estos dos planteles. Supieron jugar la final\u00edsima hace algunos cert\u00e1menes atr\u00e1s. En menores comenz\u00f3 otra Copa Mercedes Deportes. Se realizaron las correspondientes semifinales del torneo m\u00e1ster, y se dio un nuevo inicio a otro campeonato\u2026","rel":"","context":"En \u00abDeportes\u00bb","block_context":{"text":"Deportes","link":"https:\/\/www.hoymercedes.com.ar\/principal\/category\/deportes\/"},"img":{"alt_text":"","src":"https:\/\/i0.wp.com\/www.hoymercedes.com.ar\/principal\/wp-content\/uploads\/2018\/12\/Rosario-Pl%C3%A1stico-Autoservicio-Marisol.jpg.jpg?resize=350%2C200&ssl=1","width":350,"height":200,"srcset":"https:\/\/i0.wp.com\/www.hoymercedes.com.ar\/principal\/wp-content\/uploads\/2018\/12\/Rosario-Pl%C3%A1stico-Autoservicio-Marisol.jpg.jpg?resize=350%2C200&ssl=1 1x, https:\/\/i0.wp.com\/www.hoymercedes.com.ar\/principal\/wp-content\/uploads\/2018\/12\/Rosario-Pl%C3%A1stico-Autoservicio-Marisol.jpg.jpg?resize=525%2C300&ssl=1 1.5x, https:\/\/i0.wp.com\/www.hoymercedes.com.ar\/principal\/wp-content\/uploads\/2018\/12\/Rosario-Pl%C3%A1stico-Autoservicio-Marisol.jpg.jpg?resize=700%2C400&ssl=1 2x"},"classes":[]}],"_links":{"self":[{"href":"https:\/\/www.hoymercedes.com.ar\/principal\/wp-json\/wp\/v2\/posts\/85290","targetHints":{"allow":["GET"]}}],"collection":[{"href":"https:\/\/www.hoymercedes.com.ar\/principal\/wp-json\/wp\/v2\/posts"}],"about":[{"href":"https:\/\/www.hoymercedes.com.ar\/principal\/wp-json\/wp\/v2\/types\/post"}],"author":[{"embeddable":true,"href":"https:\/\/www.hoymercedes.com.ar\/principal\/wp-json\/wp\/v2\/users\/1"}],"replies":[{"embeddable":true,"href":"https:\/\/www.hoymercedes.com.ar\/principal\/wp-json\/wp\/v2\/comments?post=85290"}],"version-history":[{"count":0,"href":"https:\/\/www.hoymercedes.com.ar\/principal\/wp-json\/wp\/v2\/posts\/85290\/revisions"}],"wp:featuredmedia":[{"embeddable":true,"href":"https:\/\/www.hoymercedes.com.ar\/principal\/wp-json\/wp\/v2\/media\/85305"}],"wp:attachment":[{"href":"https:\/\/www.hoymercedes.com.ar\/principal\/wp-json\/wp\/v2\/media?parent=85290"}],"wp:term":[{"taxonomy":"category","embeddable":true,"href":"https:\/\/www.hoymercedes.com.ar\/principal\/wp-json\/wp\/v2\/categories?post=85290"},{"taxonomy":"post_tag","embeddable":true,"href":"https:\/\/www.hoymercedes.com.ar\/principal\/wp-json\/wp\/v2\/tags?post=85290"}],"curies":[{"name":"wp","href":"https:\/\/api.w.org\/{rel}","templated":true}]}}