{"id":8530,"date":"2011-10-23T22:21:46","date_gmt":"2011-10-23T22:21:46","guid":{"rendered":"http:\/\/www.hoymercedes.com.ar\/principal\/?p=8530"},"modified":"2011-10-23T22:25:44","modified_gmt":"2011-10-23T22:25:44","slug":"146-mesas-y-poco-mas-de-49-000-electores","status":"publish","type":"post","link":"https:\/\/www.hoymercedes.com.ar\/principal\/2011\/10\/23\/146-mesas-y-poco-mas-de-49-000-electores\/","title":{"rendered":"146 mesas y poco m\u00e1s de 49.000 electores"},"content":{"rendered":"<p>La ciudad de Mercedes tuvo un n\u00famero importante de electores este domingo.<\/p>\n<p>La cantidad de mesas habilitadas en Mercedes fueron 145 m\u00e1s una de electores extranjeros. Recordemos que estos no votan la instancia presidencial<\/p>\n<p>En el espacio de presidenciales los mercedinos habilitados fueron 48.861 que l\u00f3gicamente eligen intendente, gobernados, diputados y senadores.<\/p>\n<p>Ese no menor n\u00famero de votos deber\u00e1n ser contabilizados en caso de que asistan todo, cosa que se sabe no es as\u00ed. En general se estima podr\u00eda superar el 70 por ciento de los integrantes de padr\u00f3n disminuyendo incluso los asistente a las primarias.<\/p>\n","protected":false},"excerpt":{"rendered":"<p>La ciudad de Mercedes tuvo un n\u00famero importante de electores este domingo. La cantidad de mesas habilitadas en Mercedes fueron &#8230; <a title=\"146 mesas y poco m\u00e1s de 49.000 electores\" class=\"read-more\" href=\"https:\/\/www.hoymercedes.com.ar\/principal\/2011\/10\/23\/146-mesas-y-poco-mas-de-49-000-electores\/\" aria-label=\"Leer m\u00e1s sobre 146 mesas y poco m\u00e1s de 49.000 electores\">Leer m\u00e1s<\/a><\/p>\n","protected":false},"author":1,"featured_media":0,"comment_status":"open","ping_status":"open","sticky":false,"template":"","format":"standard","meta":{"_monsterinsights_skip_tracking":false,"_monsterinsights_sitenote_active":false,"_monsterinsights_sitenote_note":"","_monsterinsights_sitenote_category":0,"jetpack_post_was_ever_published":false,"_jetpack_newsletter_access":"","_jetpack_dont_email_post_to_subs":false,"_jetpack_newsletter_tier_id":0,"_jetpack_memberships_contains_paywalled_content":false,"_jetpack_memberships_contains_paid_content":false,"footnotes":"","jetpack_publicize_message":"","jetpack_publicize_feature_enabled":true,"jetpack_social_post_already_shared":false,"jetpack_social_options":{"image_generator_settings":{"template":"highway","default_image_id":0,"font":"","enabled":false},"version":2},"_wpas_customize_per_network":false},"categories":[5],"tags":[1155],"class_list":["post-8530","post","type-post","status-publish","format-standard","hentry","category-politica","tag-elecciones-2011-mercedes","generate-columns","tablet-grid-50","mobile-grid-100","grid-parent","grid-50"],"jetpack_publicize_connections":[],"jetpack_featured_media_url":"","wps_subtitle":"","jetpack_sharing_enabled":true,"_links":{"self":[{"href":"https:\/\/www.hoymercedes.com.ar\/principal\/wp-json\/wp\/v2\/posts\/8530","targetHints":{"allow":["GET"]}}],"collection":[{"href":"https:\/\/www.hoymercedes.com.ar\/principal\/wp-json\/wp\/v2\/posts"}],"about":[{"href":"https:\/\/www.hoymercedes.com.ar\/principal\/wp-json\/wp\/v2\/types\/post"}],"author":[{"embeddable":true,"href":"https:\/\/www.hoymercedes.com.ar\/principal\/wp-json\/wp\/v2\/users\/1"}],"replies":[{"embeddable":true,"href":"https:\/\/www.hoymercedes.com.ar\/principal\/wp-json\/wp\/v2\/comments?post=8530"}],"version-history":[{"count":0,"href":"https:\/\/www.hoymercedes.com.ar\/principal\/wp-json\/wp\/v2\/posts\/8530\/revisions"}],"wp:attachment":[{"href":"https:\/\/www.hoymercedes.com.ar\/principal\/wp-json\/wp\/v2\/media?parent=8530"}],"wp:term":[{"taxonomy":"category","embeddable":true,"href":"https:\/\/www.hoymercedes.com.ar\/principal\/wp-json\/wp\/v2\/categories?post=8530"},{"taxonomy":"post_tag","embeddable":true,"href":"https:\/\/www.hoymercedes.com.ar\/principal\/wp-json\/wp\/v2\/tags?post=8530"}],"curies":[{"name":"wp","href":"https:\/\/api.w.org\/{rel}","templated":true}]}}