{"id":85331,"date":"2018-12-11T16:03:43","date_gmt":"2018-12-11T19:03:43","guid":{"rendered":"http:\/\/www.hoymercedes.com.ar\/principal\/?p=85331"},"modified":"2018-12-11T18:07:51","modified_gmt":"2018-12-11T21:07:51","slug":"virginia-altube-andara-cantando-este-viernes-14","status":"publish","type":"post","link":"https:\/\/www.hoymercedes.com.ar\/principal\/2018\/12\/11\/virginia-altube-andara-cantando-este-viernes-14\/","title":{"rendered":"Virginia Altube andar\u00e1 cantando este viernes 14"},"content":{"rendered":"\n<p>\u201cNos volvemos a encontrar, si gustan amigas y amigos\u201d, Virginia Altube extendiendo la invitaci\u00f3n para el viernes 14 de diciembre, a la hora 21,en la sede de la AEFIP de calle 28 casi esquina 33. \u201cAndo Cantando\u201d es el espect\u00e1culo que presentar\u00e1 junto a Dami\u00e1n Tessore, Juan L\u00f3pez Courtade y Rodrigo Acttis. Habr\u00e1 invitados en la noche. Entre ellos Claudio Zermoglio y Pablo Stasiuk.\u00a0<\/p>\n\n\n\n<figure class=\"wp-block-image\"><img loading=\"lazy\" decoding=\"async\" width=\"776\" height=\"698\" data-attachment-id=\"85332\" data-permalink=\"https:\/\/www.hoymercedes.com.ar\/principal\/2018\/12\/11\/virginia-altube-andara-cantando-este-viernes-14\/11-virginia-altube\/#main\" data-orig-file=\"https:\/\/www.hoymercedes.com.ar\/principal\/wp-content\/uploads\/2018\/12\/11-virginia-altube.jpg\" data-orig-size=\"776,698\" data-comments-opened=\"0\" data-image-meta=\"{&quot;aperture&quot;:&quot;0&quot;,&quot;credit&quot;:&quot;&quot;,&quot;camera&quot;:&quot;&quot;,&quot;caption&quot;:&quot;&quot;,&quot;created_timestamp&quot;:&quot;0&quot;,&quot;copyright&quot;:&quot;&quot;,&quot;focal_length&quot;:&quot;0&quot;,&quot;iso&quot;:&quot;0&quot;,&quot;shutter_speed&quot;:&quot;0&quot;,&quot;title&quot;:&quot;&quot;,&quot;orientation&quot;:&quot;0&quot;}\" data-image-title=\"11 virginia altube\" data-image-description=\"\" data-image-caption=\"\" data-large-file=\"https:\/\/www.hoymercedes.com.ar\/principal\/wp-content\/uploads\/2018\/12\/11-virginia-altube.jpg\" src=\"https:\/\/www.hoymercedes.com.ar\/principal\/wp-content\/uploads\/2018\/12\/11-virginia-altube.jpg\" alt=\"\" class=\"wp-image-85332\" srcset=\"https:\/\/www.hoymercedes.com.ar\/principal\/wp-content\/uploads\/2018\/12\/11-virginia-altube.jpg 776w, https:\/\/www.hoymercedes.com.ar\/principal\/wp-content\/uploads\/2018\/12\/11-virginia-altube-150x135.jpg 150w, https:\/\/www.hoymercedes.com.ar\/principal\/wp-content\/uploads\/2018\/12\/11-virginia-altube-630x567.jpg 630w\" sizes=\"auto, (max-width: 776px) 100vw, 776px\" \/><\/figure>\n","protected":false},"excerpt":{"rendered":"<p>\u201cNos volvemos a encontrar, si gustan amigas y amigos\u201d, Virginia Altube extendiendo la invitaci\u00f3n para el viernes 14 de diciembre, &#8230; <a title=\"Virginia Altube andar\u00e1 cantando este viernes 14\" class=\"read-more\" href=\"https:\/\/www.hoymercedes.com.ar\/principal\/2018\/12\/11\/virginia-altube-andara-cantando-este-viernes-14\/\" aria-label=\"Leer m\u00e1s sobre Virginia Altube andar\u00e1 cantando este viernes 14\">Leer m\u00e1s<\/a><\/p>\n","protected":false},"author":1,"featured_media":85332,"comment_status":"closed","ping_status":"open","sticky":false,"template":"","format":"standard","meta":{"_monsterinsights_skip_tracking":false,"_monsterinsights_sitenote_active":false,"_monsterinsights_sitenote_note":"","_monsterinsights_sitenote_category":0,"jetpack_post_was_ever_published":false,"_jetpack_newsletter_access":"","_jetpack_dont_email_post_to_subs":false,"_jetpack_newsletter_tier_id":0,"_jetpack_memberships_contains_paywalled_content":false,"_jetpack_memberships_contains_paid_content":false,"footnotes":"","jetpack_publicize_message":"","jetpack_publicize_feature_enabled":true,"jetpack_social_post_already_shared":true,"jetpack_social_options":{"image_generator_settings":{"template":"highway","default_image_id":0,"font":"","enabled":false},"version":2},"_wpas_customize_per_network":false},"categories":[104],"tags":[7805,8539,2403],"class_list":["post-85331","post","type-post","status-publish","format-standard","has-post-thumbnail","hentry","category-cultura","tag-cultura","tag-musica","tag-virginia-altube","generate-columns","tablet-grid-50","mobile-grid-100","grid-parent","grid-50"],"jetpack_publicize_connections":[],"jetpack_featured_media_url":"https:\/\/www.hoymercedes.com.ar\/principal\/wp-content\/uploads\/2018\/12\/11-virginia-altube.jpg","wps_subtitle":"En AEFIP","jetpack_sharing_enabled":true,"_links":{"self":[{"href":"https:\/\/www.hoymercedes.com.ar\/principal\/wp-json\/wp\/v2\/posts\/85331","targetHints":{"allow":["GET"]}}],"collection":[{"href":"https:\/\/www.hoymercedes.com.ar\/principal\/wp-json\/wp\/v2\/posts"}],"about":[{"href":"https:\/\/www.hoymercedes.com.ar\/principal\/wp-json\/wp\/v2\/types\/post"}],"author":[{"embeddable":true,"href":"https:\/\/www.hoymercedes.com.ar\/principal\/wp-json\/wp\/v2\/users\/1"}],"replies":[{"embeddable":true,"href":"https:\/\/www.hoymercedes.com.ar\/principal\/wp-json\/wp\/v2\/comments?post=85331"}],"version-history":[{"count":0,"href":"https:\/\/www.hoymercedes.com.ar\/principal\/wp-json\/wp\/v2\/posts\/85331\/revisions"}],"wp:featuredmedia":[{"embeddable":true,"href":"https:\/\/www.hoymercedes.com.ar\/principal\/wp-json\/wp\/v2\/media\/85332"}],"wp:attachment":[{"href":"https:\/\/www.hoymercedes.com.ar\/principal\/wp-json\/wp\/v2\/media?parent=85331"}],"wp:term":[{"taxonomy":"category","embeddable":true,"href":"https:\/\/www.hoymercedes.com.ar\/principal\/wp-json\/wp\/v2\/categories?post=85331"},{"taxonomy":"post_tag","embeddable":true,"href":"https:\/\/www.hoymercedes.com.ar\/principal\/wp-json\/wp\/v2\/tags?post=85331"}],"curies":[{"name":"wp","href":"https:\/\/api.w.org\/{rel}","templated":true}]}}