{"id":85337,"date":"2018-12-11T19:12:01","date_gmt":"2018-12-11T22:12:01","guid":{"rendered":"http:\/\/www.hoymercedes.com.ar\/principal\/?p=85337"},"modified":"2018-12-11T18:07:19","modified_gmt":"2018-12-11T21:07:19","slug":"descubri-mercedes-se-extiende-por-las-vias-del-ferrocarril-belgrano","status":"publish","type":"post","link":"https:\/\/www.hoymercedes.com.ar\/principal\/2018\/12\/11\/descubri-mercedes-se-extiende-por-las-vias-del-ferrocarril-belgrano\/","title":{"rendered":"Descubr\u00ed Mercedes se extiende por las v\u00edas del Ferrocarril Belgrano"},"content":{"rendered":"\n<p>La declaraci\u00f3n de inter\u00e9s patrimonial de las estaciones La Trocha, Tom\u00e1s Jofr\u00e9, Altamira y La Verde se hace efectiva con la instalaci\u00f3n de las carteler\u00edas del programa Descubr\u00ed Mercedes. D\u00edas atr\u00e1s se descubri\u00f3 el cartel en La Trocha, el viernes 14 de diciembre se har\u00e1 lo mismo en Altamira, y la pr\u00f3xima semana en La Verde. <\/p>\n\n\n\n<figure class=\"wp-block-image\"><img loading=\"lazy\" decoding=\"async\" width=\"800\" height=\"533\" data-attachment-id=\"85339\" data-permalink=\"https:\/\/www.hoymercedes.com.ar\/principal\/2018\/12\/11\/descubri-mercedes-se-extiende-por-las-vias-del-ferrocarril-belgrano\/descubri-la-trocha-2\/#main\" data-orig-file=\"https:\/\/www.hoymercedes.com.ar\/principal\/wp-content\/uploads\/2018\/12\/Descubr\u00ed-La-Trocha-2.jpg\" data-orig-size=\"800,533\" data-comments-opened=\"0\" data-image-meta=\"{&quot;aperture&quot;:&quot;0&quot;,&quot;credit&quot;:&quot;&quot;,&quot;camera&quot;:&quot;&quot;,&quot;caption&quot;:&quot;&quot;,&quot;created_timestamp&quot;:&quot;0&quot;,&quot;copyright&quot;:&quot;&quot;,&quot;focal_length&quot;:&quot;0&quot;,&quot;iso&quot;:&quot;0&quot;,&quot;shutter_speed&quot;:&quot;0&quot;,&quot;title&quot;:&quot;&quot;,&quot;orientation&quot;:&quot;0&quot;}\" data-image-title=\"Descubr\u00ed La Trocha 2\" data-image-description=\"\" data-image-caption=\"\" data-large-file=\"https:\/\/www.hoymercedes.com.ar\/principal\/wp-content\/uploads\/2018\/12\/Descubr\u00ed-La-Trocha-2.jpg\" src=\"https:\/\/www.hoymercedes.com.ar\/principal\/wp-content\/uploads\/2018\/12\/Descubr\u00ed-La-Trocha-2.jpg\" alt=\"\" class=\"wp-image-85339\" srcset=\"https:\/\/www.hoymercedes.com.ar\/principal\/wp-content\/uploads\/2018\/12\/Descubr\u00ed-La-Trocha-2.jpg 800w, https:\/\/www.hoymercedes.com.ar\/principal\/wp-content\/uploads\/2018\/12\/Descubr\u00ed-La-Trocha-2-150x100.jpg 150w, https:\/\/www.hoymercedes.com.ar\/principal\/wp-content\/uploads\/2018\/12\/Descubr\u00ed-La-Trocha-2-630x420.jpg 630w\" sizes=\"auto, (max-width: 800px) 100vw, 800px\" \/><\/figure>\n\n\n\n<p>La carteler\u00eda del programa Descubr\u00ed Mercedes se extiende a trav\u00e9s de las v\u00edas del Ferrocarril Belgrano. En septiembre, la Comisi\u00f3n Municipal de Patrimonio Cultural y Natural de Mercedes (CUNA)\u00a0present\u00f3 ante el HCD un proyecto para declarar de inter\u00e9s patrimonial todas las estaciones del ramal G del Belgrano instaladas en el partido de Mercedes. <\/p>\n\n\n\n<p>La presidenta de CUNA y concejala, la Lic. Celeste Burone y uno de los autores delprograma Descubr\u00ed Mercedes, el Lic. Javier Lennard, explicaron: \u201cAs\u00ed como hace un par de meses se instal\u00f3 un cartel que recuerda la historia de la estaci\u00f3n Tom\u00e1s Jofr\u00e9 con la historia del pueblo Jorge Born, el viernes \u00faltimo se instal\u00f3 la carteler\u00eda en la Estaci\u00f3n La Trocha con informaci\u00f3n hist\u00f3rica del lugar, con lo que signific\u00f3 para el desarrollo de Mercedes y lo que significa en la actualidad como espacio cultural y una descripci\u00f3n de las caracter\u00edsticas de la estaci\u00f3n de avenida 40 y su intersecci\u00f3n con calle 21\u201d. <\/p>\n\n\n\n<p>A modo de adelanto, tanto Burone como Lennard anticiparon que seguir\u00e1n con las declaraciones de inter\u00e9s patrimonial y con el programa Descubr\u00ed Mercedes. A lo largo de las v\u00edas del ferrocarril Belgrano instalar\u00e1n nuevos carteles con informaci\u00f3n hist\u00f3rica de las estaciones de trenes. El viernes 14 de diciembre,en el marco de una tallarineada que har\u00e1n los vecinos de Altamira, la Comisi\u00f3n de Patrimonio CUNA presentar\u00e1 la carteler\u00eda que resalte la historia de la estaci\u00f3n de ferrocarriles de la localidad rural. <\/p>\n\n\n\n<p>La semana siguiente, desde la Comisi\u00f3n de Patrimonio CUNA y el programa Descubr\u00ed Mercedes se instalar\u00e1 un nuevo cartel con la historia de la estaci\u00f3n de La Verde y as\u00ed completar las estaciones de trenes que el Ferrocarril Belgrano tiene en el Partido de Mercedes.<\/p>\n\n\n\n<p>Fuente: Comisi\u00f3n CUNA<\/p>\n","protected":false},"excerpt":{"rendered":"<p>La declaraci\u00f3n de inter\u00e9s patrimonial de las estaciones La Trocha, Tom\u00e1s Jofr\u00e9, Altamira y La Verde se hace efectiva con &#8230; <a title=\"Descubr\u00ed Mercedes se extiende por las v\u00edas del Ferrocarril Belgrano\" class=\"read-more\" href=\"https:\/\/www.hoymercedes.com.ar\/principal\/2018\/12\/11\/descubri-mercedes-se-extiende-por-las-vias-del-ferrocarril-belgrano\/\" aria-label=\"Leer m\u00e1s sobre Descubr\u00ed Mercedes se extiende por las v\u00edas del Ferrocarril Belgrano\">Leer m\u00e1s<\/a><\/p>\n","protected":false},"author":1,"featured_media":85338,"comment_status":"closed","ping_status":"open","sticky":false,"template":"","format":"standard","meta":{"_monsterinsights_skip_tracking":false,"_monsterinsights_sitenote_active":false,"_monsterinsights_sitenote_note":"","_monsterinsights_sitenote_category":0,"jetpack_post_was_ever_published":false,"_jetpack_newsletter_access":"","_jetpack_dont_email_post_to_subs":false,"_jetpack_newsletter_tier_id":0,"_jetpack_memberships_contains_paywalled_content":false,"_jetpack_memberships_contains_paid_content":false,"footnotes":"","jetpack_publicize_message":"","jetpack_publicize_feature_enabled":true,"jetpack_social_post_already_shared":true,"jetpack_social_options":{"image_generator_settings":{"template":"highway","default_image_id":0,"font":"","enabled":false},"version":2},"_wpas_customize_per_network":false},"categories":[104],"tags":[10721,7805,10722,11398,14197],"class_list":["post-85337","post","type-post","status-publish","format-standard","has-post-thumbnail","hentry","category-cultura","tag-comision-de-patrimonio","tag-cultura","tag-cuna","tag-descubri-mercedes","tag-estaciones-de-trenes","generate-columns","tablet-grid-50","mobile-grid-100","grid-parent","grid-50"],"jetpack_publicize_connections":[],"jetpack_featured_media_url":"https:\/\/www.hoymercedes.com.ar\/principal\/wp-content\/uploads\/2018\/12\/Descubr\u00ed-La-Trocha-1.jpg","wps_subtitle":"Estaciones de inter\u00e9s patrimonial","jetpack_sharing_enabled":true,"_links":{"self":[{"href":"https:\/\/www.hoymercedes.com.ar\/principal\/wp-json\/wp\/v2\/posts\/85337","targetHints":{"allow":["GET"]}}],"collection":[{"href":"https:\/\/www.hoymercedes.com.ar\/principal\/wp-json\/wp\/v2\/posts"}],"about":[{"href":"https:\/\/www.hoymercedes.com.ar\/principal\/wp-json\/wp\/v2\/types\/post"}],"author":[{"embeddable":true,"href":"https:\/\/www.hoymercedes.com.ar\/principal\/wp-json\/wp\/v2\/users\/1"}],"replies":[{"embeddable":true,"href":"https:\/\/www.hoymercedes.com.ar\/principal\/wp-json\/wp\/v2\/comments?post=85337"}],"version-history":[{"count":0,"href":"https:\/\/www.hoymercedes.com.ar\/principal\/wp-json\/wp\/v2\/posts\/85337\/revisions"}],"wp:featuredmedia":[{"embeddable":true,"href":"https:\/\/www.hoymercedes.com.ar\/principal\/wp-json\/wp\/v2\/media\/85338"}],"wp:attachment":[{"href":"https:\/\/www.hoymercedes.com.ar\/principal\/wp-json\/wp\/v2\/media?parent=85337"}],"wp:term":[{"taxonomy":"category","embeddable":true,"href":"https:\/\/www.hoymercedes.com.ar\/principal\/wp-json\/wp\/v2\/categories?post=85337"},{"taxonomy":"post_tag","embeddable":true,"href":"https:\/\/www.hoymercedes.com.ar\/principal\/wp-json\/wp\/v2\/tags?post=85337"}],"curies":[{"name":"wp","href":"https:\/\/api.w.org\/{rel}","templated":true}]}}