{"id":85353,"date":"2018-12-12T11:26:53","date_gmt":"2018-12-12T14:26:53","guid":{"rendered":"http:\/\/www.hoymercedes.com.ar\/principal\/?p=85353"},"modified":"2018-12-11T18:43:38","modified_gmt":"2018-12-11T21:43:38","slug":"tarde-de-futbol-femenino-en-la-unidad-n-5","status":"publish","type":"post","link":"https:\/\/www.hoymercedes.com.ar\/principal\/2018\/12\/12\/tarde-de-futbol-femenino-en-la-unidad-n-5\/","title":{"rendered":"Tarde de f\u00fatbol femenino en la Unidad N\u00b0 5"},"content":{"rendered":"\n<p>El viernes pasado, en horas de la tarde, se llev\u00f3 a cabo un encuentro de f\u00fatbol femenino, como cierre del a\u00f1o, ente las internas del anexo femenino y jugadoras locales del deporte de manera amateur pertenecientes a clubes locales, jugadoras que supieron competir con las internas en diversas oportunidades. A ellas se le sumaron las Trabajadoras Sociales\u00a0del Patronato de Liberados local, a cargo de la Lic. Mar\u00eda de las Mercedes Gigena y la Oficina de Pre Libertad, Celeste Burone.<\/p>\n\n\n\n<figure class=\"wp-block-image\"><img loading=\"lazy\" decoding=\"async\" width=\"750\" height=\"500\" data-attachment-id=\"85355\" data-permalink=\"https:\/\/www.hoymercedes.com.ar\/principal\/2018\/12\/12\/tarde-de-futbol-femenino-en-la-unidad-n-5\/12-futbol-femenino-penal-2\/#main\" data-orig-file=\"https:\/\/www.hoymercedes.com.ar\/principal\/wp-content\/uploads\/2018\/12\/12-futbol-femenino-penal-2.jpg\" data-orig-size=\"750,500\" data-comments-opened=\"0\" data-image-meta=\"{&quot;aperture&quot;:&quot;0&quot;,&quot;credit&quot;:&quot;&quot;,&quot;camera&quot;:&quot;&quot;,&quot;caption&quot;:&quot;&quot;,&quot;created_timestamp&quot;:&quot;0&quot;,&quot;copyright&quot;:&quot;&quot;,&quot;focal_length&quot;:&quot;0&quot;,&quot;iso&quot;:&quot;0&quot;,&quot;shutter_speed&quot;:&quot;0&quot;,&quot;title&quot;:&quot;&quot;,&quot;orientation&quot;:&quot;0&quot;}\" data-image-title=\"12 futbol femenino penal 2\" data-image-description=\"\" data-image-caption=\"\" data-large-file=\"https:\/\/www.hoymercedes.com.ar\/principal\/wp-content\/uploads\/2018\/12\/12-futbol-femenino-penal-2.jpg\" src=\"https:\/\/www.hoymercedes.com.ar\/principal\/wp-content\/uploads\/2018\/12\/12-futbol-femenino-penal-2.jpg\" alt=\"\" class=\"wp-image-85355\" srcset=\"https:\/\/www.hoymercedes.com.ar\/principal\/wp-content\/uploads\/2018\/12\/12-futbol-femenino-penal-2.jpg 750w, https:\/\/www.hoymercedes.com.ar\/principal\/wp-content\/uploads\/2018\/12\/12-futbol-femenino-penal-2-150x100.jpg 150w, https:\/\/www.hoymercedes.com.ar\/principal\/wp-content\/uploads\/2018\/12\/12-futbol-femenino-penal-2-630x420.jpg 630w\" sizes=\"auto, (max-width: 750px) 100vw, 750px\" \/><\/figure>\n\n\n\n<p>El Profesor de Educaci\u00f3n F\u00edsica de la Unidad N\u00ba 5, Mart\u00edn Borsalino organiz\u00f3 un partido en dos tiempos que fue ganado por las locales y un tercer juego con las jugadoras mezcladas. Esto llev\u00f3 a risas y reproches del rendimiento en cada uno de los equipos. La revelaci\u00f3n fue la Jefa Departamental del PDL, Mercedes Gigena que jug\u00f3 los tres tiempos y demostr\u00f3 mucho entusiasmo cuando pate\u00f3 un penal pese a no jugar al f\u00fatbol.<\/p>\n\n\n\n<p>Desde el penal agradecen la visita de Natalia Soledad Mart\u00edn, Vanesa Carolina L\u00f3pez, Ana Laura Brea Steimbrenner, Sandra Valeria Alomar, Yanina Beatriz Leiva, Liliana Rodr\u00edguez, y Jorgelina G\u00f3mez. Tal como lo hicieron en otras oportunidades, expresaron su gratitud por la posibilidad de participar y jugar-\u00a0<\/p>\n\n\n\n<figure class=\"wp-block-image\"><img loading=\"lazy\" decoding=\"async\" width=\"750\" height=\"500\" data-attachment-id=\"85354\" data-permalink=\"https:\/\/www.hoymercedes.com.ar\/principal\/2018\/12\/12\/tarde-de-futbol-femenino-en-la-unidad-n-5\/12-futbol-femenino-penal-1\/#main\" data-orig-file=\"https:\/\/www.hoymercedes.com.ar\/principal\/wp-content\/uploads\/2018\/12\/12-futbol-femenino-penal-1.jpg\" data-orig-size=\"750,500\" data-comments-opened=\"0\" data-image-meta=\"{&quot;aperture&quot;:&quot;0&quot;,&quot;credit&quot;:&quot;&quot;,&quot;camera&quot;:&quot;&quot;,&quot;caption&quot;:&quot;&quot;,&quot;created_timestamp&quot;:&quot;0&quot;,&quot;copyright&quot;:&quot;&quot;,&quot;focal_length&quot;:&quot;0&quot;,&quot;iso&quot;:&quot;0&quot;,&quot;shutter_speed&quot;:&quot;0&quot;,&quot;title&quot;:&quot;&quot;,&quot;orientation&quot;:&quot;0&quot;}\" data-image-title=\"12 futbol femenino penal 1\" data-image-description=\"\" data-image-caption=\"\" data-large-file=\"https:\/\/www.hoymercedes.com.ar\/principal\/wp-content\/uploads\/2018\/12\/12-futbol-femenino-penal-1.jpg\" src=\"https:\/\/www.hoymercedes.com.ar\/principal\/wp-content\/uploads\/2018\/12\/12-futbol-femenino-penal-1.jpg\" alt=\"\" class=\"wp-image-85354\" srcset=\"https:\/\/www.hoymercedes.com.ar\/principal\/wp-content\/uploads\/2018\/12\/12-futbol-femenino-penal-1.jpg 750w, https:\/\/www.hoymercedes.com.ar\/principal\/wp-content\/uploads\/2018\/12\/12-futbol-femenino-penal-1-150x100.jpg 150w, https:\/\/www.hoymercedes.com.ar\/principal\/wp-content\/uploads\/2018\/12\/12-futbol-femenino-penal-1-630x420.jpg 630w\" sizes=\"auto, (max-width: 750px) 100vw, 750px\" \/><\/figure>\n\n\n\n<p>El cierre del encuentro se dio con mediaslunas realizadas en la panader\u00eda de la Unidad y chistes entre quienes integraron los equipos pero tambi\u00e9n hubo un momento de reflexi\u00f3n sobre la resocializaci\u00f3n de las internas.\u00a0<\/p>\n\n\n\n<p>El Director de Unidad a cargo\u00a0<strong>Fabi\u00e1n G\u00f3mez<\/strong>\u00a0y el Jefe del Penal\u00a0<strong>Cristian Mart\u00ednez\u00a0<\/strong>contemplaron el partido y felicitaron a todas las participantes por el agradable encuentro, agradeciendo a las jugadoras visitantes por la predisposici\u00f3n prestada.<\/p>\n\n\n\n<p><\/p>\n","protected":false},"excerpt":{"rendered":"<p>El viernes pasado, en horas de la tarde, se llev\u00f3 a cabo un encuentro de f\u00fatbol femenino, como cierre del &#8230; <a title=\"Tarde de f\u00fatbol femenino en la Unidad N\u00b0 5\" class=\"read-more\" href=\"https:\/\/www.hoymercedes.com.ar\/principal\/2018\/12\/12\/tarde-de-futbol-femenino-en-la-unidad-n-5\/\" aria-label=\"Leer m\u00e1s sobre Tarde de f\u00fatbol femenino en la Unidad N\u00b0 5\">Leer m\u00e1s<\/a><\/p>\n","protected":false},"author":1,"featured_media":85354,"comment_status":"closed","ping_status":"open","sticky":false,"template":"","format":"standard","meta":{"_monsterinsights_skip_tracking":false,"_monsterinsights_sitenote_active":false,"_monsterinsights_sitenote_note":"","_monsterinsights_sitenote_category":0,"jetpack_post_was_ever_published":false,"_jetpack_newsletter_access":"","_jetpack_dont_email_post_to_subs":false,"_jetpack_newsletter_tier_id":0,"_jetpack_memberships_contains_paywalled_content":false,"_jetpack_memberships_contains_paid_content":false,"footnotes":"","jetpack_publicize_message":"","jetpack_publicize_feature_enabled":true,"jetpack_social_post_already_shared":true,"jetpack_social_options":{"image_generator_settings":{"template":"highway","default_image_id":0,"font":"","enabled":false},"version":2},"_wpas_customize_per_network":false},"categories":[21],"tags":[14198,1011,204,895,113],"class_list":["post-85353","post","type-post","status-publish","format-standard","has-post-thumbnail","hentry","category-deportes","tag-avnexo-femenino","tag-carcel","tag-deportes-2","tag-futbol-femenino","tag-unidad-5","generate-columns","tablet-grid-50","mobile-grid-100","grid-parent","grid-50"],"jetpack_publicize_connections":[],"jetpack_featured_media_url":"https:\/\/www.hoymercedes.com.ar\/principal\/wp-content\/uploads\/2018\/12\/12-futbol-femenino-penal-1.jpg","wps_subtitle":"Compartir el deporte","jetpack_sharing_enabled":true,"_links":{"self":[{"href":"https:\/\/www.hoymercedes.com.ar\/principal\/wp-json\/wp\/v2\/posts\/85353","targetHints":{"allow":["GET"]}}],"collection":[{"href":"https:\/\/www.hoymercedes.com.ar\/principal\/wp-json\/wp\/v2\/posts"}],"about":[{"href":"https:\/\/www.hoymercedes.com.ar\/principal\/wp-json\/wp\/v2\/types\/post"}],"author":[{"embeddable":true,"href":"https:\/\/www.hoymercedes.com.ar\/principal\/wp-json\/wp\/v2\/users\/1"}],"replies":[{"embeddable":true,"href":"https:\/\/www.hoymercedes.com.ar\/principal\/wp-json\/wp\/v2\/comments?post=85353"}],"version-history":[{"count":0,"href":"https:\/\/www.hoymercedes.com.ar\/principal\/wp-json\/wp\/v2\/posts\/85353\/revisions"}],"wp:featuredmedia":[{"embeddable":true,"href":"https:\/\/www.hoymercedes.com.ar\/principal\/wp-json\/wp\/v2\/media\/85354"}],"wp:attachment":[{"href":"https:\/\/www.hoymercedes.com.ar\/principal\/wp-json\/wp\/v2\/media?parent=85353"}],"wp:term":[{"taxonomy":"category","embeddable":true,"href":"https:\/\/www.hoymercedes.com.ar\/principal\/wp-json\/wp\/v2\/categories?post=85353"},{"taxonomy":"post_tag","embeddable":true,"href":"https:\/\/www.hoymercedes.com.ar\/principal\/wp-json\/wp\/v2\/tags?post=85353"}],"curies":[{"name":"wp","href":"https:\/\/api.w.org\/{rel}","templated":true}]}}