{"id":85366,"date":"2018-12-11T20:15:01","date_gmt":"2018-12-11T23:15:01","guid":{"rendered":"http:\/\/www.hoymercedes.com.ar\/principal\/?p=85366"},"modified":"2018-12-11T19:54:05","modified_gmt":"2018-12-11T22:54:05","slug":"este-miercoles-funcionarios-y-concejales-tendran-reunion-con-same-provincia-en-la-plata","status":"publish","type":"post","link":"https:\/\/www.hoymercedes.com.ar\/principal\/2018\/12\/11\/este-miercoles-funcionarios-y-concejales-tendran-reunion-con-same-provincia-en-la-plata\/","title":{"rendered":"Este mi\u00e9rcoles funcionarios y concejales tendr\u00e1n reuni\u00f3n con SAME Provincia en La Plata"},"content":{"rendered":"\n<p>La suspensi\u00f3n de la reuni\u00f3n prevista para la semana pasada,oblig\u00f3 la reprogramaci\u00f3n del encuentro entre los responsables del SAME Provincia y los Concejales y el Secretario de Salud de Mercedes. Este martes se confirm\u00f3 que la reuni\u00f3n ser\u00e1 el mi\u00e9rcoles 12 de diciembre, a las 14:15, en la sede central del servicio de salud provincial en La Plata. <\/p>\n\n\n\n<p>El objetivo del encuentro ser\u00e1 ultimar los detalles de la llegada del SAME Provincia a Mercedes luego de las modificaciones previstas en la ordenanza que convalida la firma del convenio entre el municipio y el gobierno bonaerense. <\/p>\n\n\n\n<p>En di\u00e1logo con este medio, el Concejal Gustavo Mangoni cont\u00f3 que el d\u00eda previo a la fecha prevista para la reuni\u00f3n ingres\u00f3 al recinto una modificaci\u00f3n en la ordenanza aprobada en agosto. \u201cA la Ordenanza le faltaba agregar los dos protocolos. Con esta modificaci\u00f3n, debemos volver a tratarla en el Concejo Deliberante. Corroboramos los convenios de Suipacha y San Pedro, por ejemplo, y vimos que est\u00e1 expl\u00edcito la inclusi\u00f3n de los Protocolos 1 y 2, algo que est\u00e1 en la ordenanza modelo, pero que ac\u00e1 no la incluyeron originalmente. Los protocolos estaban anexados en el expediente, pero no en el texto de la ordenanza elevada por el Ejecutivo\u201d, explic\u00f3 el concejal del Frente Cambiemos. <\/p>\n\n\n\n<p>\u201cEsos Protocolos tienen que ver con los controles. Se obliga al municipio a informarle a la provincia, por ejemplo, cantidad de pacientes atendidos, c\u00f3mo manejaron los ingresos de pacientes, los m\u00e9dicos, los gastos.Informaci\u00f3n para corroborar que est\u00e9 funcionando todo bien. El Protocolo 2 tiene que ver con la marca SAME, porque no se puede modificar la marca ni el logo\u201d, agreg\u00f3 Mangoni que anticip\u00f3 que la modificaci\u00f3n de la ordenanza se tratar\u00eda en una de las pr\u00f3ximas sesiones extraordinarias previstas antes de fin de mes. <\/p>\n\n\n\n<p>Para la reuni\u00f3n viajar\u00eda el Secretario de Salud, Dr. Pablo Cassiani acompa\u00f1ado de por lo menos dos concejales, Jos\u00e9 \u201cSes\u00f3n\u201d Comesa\u00f1a y Marilina Bustelo. En tanto, a la ma\u00f1ana, a la hora 9, los concejales y el funcionario de Salud mantendr\u00e1n una reuni\u00f3n para trabajar el presupuesto,encuentro que debi\u00f3 concretarse el lunes pasado pero fue reprogramado ante la ausencia del funcionario. <\/p>\n","protected":false},"excerpt":{"rendered":"<p>La suspensi\u00f3n de la reuni\u00f3n prevista para la semana pasada,oblig\u00f3 la reprogramaci\u00f3n del encuentro entre los responsables del SAME Provincia &#8230; <a title=\"Este mi\u00e9rcoles funcionarios y concejales tendr\u00e1n reuni\u00f3n con SAME Provincia en La Plata\" class=\"read-more\" href=\"https:\/\/www.hoymercedes.com.ar\/principal\/2018\/12\/11\/este-miercoles-funcionarios-y-concejales-tendran-reunion-con-same-provincia-en-la-plata\/\" aria-label=\"Leer m\u00e1s sobre Este mi\u00e9rcoles funcionarios y concejales tendr\u00e1n reuni\u00f3n con SAME Provincia en La Plata\">Leer m\u00e1s<\/a><\/p>\n","protected":false},"author":1,"featured_media":85371,"comment_status":"closed","ping_status":"open","sticky":false,"template":"","format":"standard","meta":{"_monsterinsights_skip_tracking":false,"_monsterinsights_sitenote_active":false,"_monsterinsights_sitenote_note":"","_monsterinsights_sitenote_category":0,"jetpack_post_was_ever_published":false,"_jetpack_newsletter_access":"","_jetpack_dont_email_post_to_subs":false,"_jetpack_newsletter_tier_id":0,"_jetpack_memberships_contains_paywalled_content":false,"_jetpack_memberships_contains_paid_content":false,"footnotes":"","jetpack_publicize_message":"","jetpack_publicize_feature_enabled":true,"jetpack_social_post_already_shared":true,"jetpack_social_options":{"image_generator_settings":{"template":"highway","default_image_id":0,"font":"","enabled":false},"version":2},"_wpas_customize_per_network":false},"categories":[9791],"tags":[7492,5319,134,14086],"class_list":["post-85366","post","type-post","status-publish","format-standard","has-post-thumbnail","hentry","category-salud","tag-frente-cambiemos","tag-politica-2","tag-salud","tag-same-provincia","generate-columns","tablet-grid-50","mobile-grid-100","grid-parent","grid-50"],"jetpack_publicize_connections":[],"jetpack_featured_media_url":"https:\/\/www.hoymercedes.com.ar\/principal\/wp-content\/uploads\/2018\/12\/12-Gustavo-Mangoni.jpg","wps_subtitle":"Atenci\u00f3n sanitaria en v\u00eda p\u00fablica","jetpack_sharing_enabled":true,"_links":{"self":[{"href":"https:\/\/www.hoymercedes.com.ar\/principal\/wp-json\/wp\/v2\/posts\/85366","targetHints":{"allow":["GET"]}}],"collection":[{"href":"https:\/\/www.hoymercedes.com.ar\/principal\/wp-json\/wp\/v2\/posts"}],"about":[{"href":"https:\/\/www.hoymercedes.com.ar\/principal\/wp-json\/wp\/v2\/types\/post"}],"author":[{"embeddable":true,"href":"https:\/\/www.hoymercedes.com.ar\/principal\/wp-json\/wp\/v2\/users\/1"}],"replies":[{"embeddable":true,"href":"https:\/\/www.hoymercedes.com.ar\/principal\/wp-json\/wp\/v2\/comments?post=85366"}],"version-history":[{"count":0,"href":"https:\/\/www.hoymercedes.com.ar\/principal\/wp-json\/wp\/v2\/posts\/85366\/revisions"}],"wp:featuredmedia":[{"embeddable":true,"href":"https:\/\/www.hoymercedes.com.ar\/principal\/wp-json\/wp\/v2\/media\/85371"}],"wp:attachment":[{"href":"https:\/\/www.hoymercedes.com.ar\/principal\/wp-json\/wp\/v2\/media?parent=85366"}],"wp:term":[{"taxonomy":"category","embeddable":true,"href":"https:\/\/www.hoymercedes.com.ar\/principal\/wp-json\/wp\/v2\/categories?post=85366"},{"taxonomy":"post_tag","embeddable":true,"href":"https:\/\/www.hoymercedes.com.ar\/principal\/wp-json\/wp\/v2\/tags?post=85366"}],"curies":[{"name":"wp","href":"https:\/\/api.w.org\/{rel}","templated":true}]}}