{"id":85382,"date":"2018-12-13T11:21:01","date_gmt":"2018-12-13T14:21:01","guid":{"rendered":"http:\/\/www.hoymercedes.com.ar\/principal\/?p=85382"},"modified":"2018-12-12T15:47:25","modified_gmt":"2018-12-12T18:47:25","slug":"futbol-femenino-estudiantes-el-fronton-club-mercedes-y-velez-siguen-en-carrera-en-primera-division","status":"publish","type":"post","link":"https:\/\/www.hoymercedes.com.ar\/principal\/2018\/12\/13\/futbol-femenino-estudiantes-el-fronton-club-mercedes-y-velez-siguen-en-carrera-en-primera-division\/","title":{"rendered":"F\u00fatbol Femenino: Estudiantes, El Front\u00f3n, Club Mercedes y V\u00e9lez siguen en carrera en Primera Divisi\u00f3n"},"content":{"rendered":"\n<p>Los cuartos de final del torneo de Primera Divisi\u00f3n del F\u00fatbol Femenino se jugaron este fin de semana y El Front\u00f3n de San Andr\u00e9s de Giles y los mercedinos Estudiantes, V\u00e9lez y Mercedes son los que siguen en carrera en busca del t\u00edtulo.<\/p>\n\n\n\n<p>El Blanquinegro fue el \u00fanico que tuvo un resultado ajustado mientras que los otros tres pasaron de ronda producto de un marcador holgado. Ahora, El Front\u00f3n se medir\u00e1 ante Mercedes y V\u00e9lez lo har\u00e1 ante Estudiantes, siendo los primeros nombrados de cada cruce los que tengan ventaja deportiva.<\/p>\n\n\n\n<p>Por otra parte, tambi\u00e9n se jug\u00f3 la s\u00e9ptima fecha del torneo Sub 16 en la cual Estudiantes consigui\u00f3 un importante triunfo ante Defensores en el duelo de dos de los tres equipos que empezaron la fecha liderando la tabla. El otro, V\u00e9lez, venci\u00f3 por la m\u00ednima a ALFA y sigue como l\u00edder.<\/p>\n\n\n\n<p>Resultados Sub 16<\/p>\n\n\n\n<p><strong>ALFA: -0-<br>V\u00c9LEZ: -1-;<\/strong>&nbsp;Delfina Odda<\/p>\n\n\n\n<p><strong>DEFENSORES: -1-;<\/strong>&nbsp;Tamara Ortubia<br><strong>ESTUDIANTES: -2-;<\/strong>&nbsp;Gabriela L\u00f3pez (2)<\/p>\n\n\n\n<p><strong>INDEPENDIENTE: -1-;<\/strong>\u00a0Malena Frank<br><strong>COMUNICACIONES: -1-;<\/strong>\u00a0Luz Garelli<\/p>\n\n\n\n<p>Primera Divisi\u00f3n<\/p>\n\n\n\n<p><strong>EL FRONT\u00d3N: -6-;<\/strong>&nbsp;Delfina D\u00edaz (4), Mar\u00eda Funes (2)<br><strong>AMEFIP: -1-;<\/strong>&nbsp;Brenda Calder\u00f3n<\/p>\n\n\n\n<p><strong>ESTUDIANTES: -5-;<\/strong>&nbsp;Paola Barraza (2), Claudia Zu\u00f1iga (3)<br><strong>UNI\u00d3N: -1-;<\/strong>&nbsp;Ver\u00f3nica Gonz\u00e1lez<\/p>\n\n\n\n<p><strong>MERCEDES: -1-;<\/strong>&nbsp;Aracelli Pueblas<br><strong>ALFA: -0-<\/strong><\/p>\n\n\n\n<p><strong>V\u00c9LEZ: -3-;<\/strong>&nbsp;Magdalena Ru\u00edz (2), D\u00e9bora Medina<br><strong>PROGRAMA ENVI\u00d3N: -0-<\/strong><\/p>\n\n\n\n<p><strong>Cruces de Semifinales<\/strong><br>El Front\u00f3n Vs. Mercedes<br>Estudiantes Vs. V\u00e9lez<\/p>\n\n\n\n<div class=\"wp-block-image\"><figure class=\"aligncenter\"><img loading=\"lazy\" decoding=\"async\" width=\"423\" height=\"170\" data-attachment-id=\"85383\" data-permalink=\"https:\/\/www.hoymercedes.com.ar\/principal\/2018\/12\/13\/futbol-femenino-estudiantes-el-fronton-club-mercedes-y-velez-siguen-en-carrera-en-primera-division\/pos-16\/#main\" data-orig-file=\"https:\/\/www.hoymercedes.com.ar\/principal\/wp-content\/uploads\/2018\/12\/pos-16.png\" data-orig-size=\"423,170\" data-comments-opened=\"0\" data-image-meta=\"{&quot;aperture&quot;:&quot;0&quot;,&quot;credit&quot;:&quot;&quot;,&quot;camera&quot;:&quot;&quot;,&quot;caption&quot;:&quot;&quot;,&quot;created_timestamp&quot;:&quot;0&quot;,&quot;copyright&quot;:&quot;&quot;,&quot;focal_length&quot;:&quot;0&quot;,&quot;iso&quot;:&quot;0&quot;,&quot;shutter_speed&quot;:&quot;0&quot;,&quot;title&quot;:&quot;&quot;,&quot;orientation&quot;:&quot;0&quot;}\" data-image-title=\"pos 16\" data-image-description=\"\" data-image-caption=\"\" data-large-file=\"https:\/\/www.hoymercedes.com.ar\/principal\/wp-content\/uploads\/2018\/12\/pos-16.png\" src=\"https:\/\/www.hoymercedes.com.ar\/principal\/wp-content\/uploads\/2018\/12\/pos-16.png\" alt=\"\" class=\"wp-image-85383\" srcset=\"https:\/\/www.hoymercedes.com.ar\/principal\/wp-content\/uploads\/2018\/12\/pos-16.png 423w, https:\/\/www.hoymercedes.com.ar\/principal\/wp-content\/uploads\/2018\/12\/pos-16-150x60.png 150w\" sizes=\"auto, (max-width: 423px) 100vw, 423px\" \/><\/figure><\/div>\n\n\n\n<div class=\"wp-block-image\"><figure class=\"aligncenter\"><img loading=\"lazy\" decoding=\"async\" width=\"316\" height=\"170\" data-attachment-id=\"85384\" data-permalink=\"https:\/\/www.hoymercedes.com.ar\/principal\/2018\/12\/13\/futbol-femenino-estudiantes-el-fronton-club-mercedes-y-velez-siguen-en-carrera-en-primera-division\/gol-16\/#main\" data-orig-file=\"https:\/\/www.hoymercedes.com.ar\/principal\/wp-content\/uploads\/2018\/12\/gol-16.png\" data-orig-size=\"316,170\" data-comments-opened=\"0\" data-image-meta=\"{&quot;aperture&quot;:&quot;0&quot;,&quot;credit&quot;:&quot;&quot;,&quot;camera&quot;:&quot;&quot;,&quot;caption&quot;:&quot;&quot;,&quot;created_timestamp&quot;:&quot;0&quot;,&quot;copyright&quot;:&quot;&quot;,&quot;focal_length&quot;:&quot;0&quot;,&quot;iso&quot;:&quot;0&quot;,&quot;shutter_speed&quot;:&quot;0&quot;,&quot;title&quot;:&quot;&quot;,&quot;orientation&quot;:&quot;0&quot;}\" data-image-title=\"gol 16\" data-image-description=\"\" data-image-caption=\"\" data-large-file=\"https:\/\/www.hoymercedes.com.ar\/principal\/wp-content\/uploads\/2018\/12\/gol-16.png\" src=\"https:\/\/www.hoymercedes.com.ar\/principal\/wp-content\/uploads\/2018\/12\/gol-16.png\" alt=\"\" class=\"wp-image-85384\" srcset=\"https:\/\/www.hoymercedes.com.ar\/principal\/wp-content\/uploads\/2018\/12\/gol-16.png 316w, https:\/\/www.hoymercedes.com.ar\/principal\/wp-content\/uploads\/2018\/12\/gol-16-150x81.png 150w\" sizes=\"auto, (max-width: 316px) 100vw, 316px\" \/><\/figure><\/div>\n","protected":false},"excerpt":{"rendered":"<p>Los cuartos de final del torneo de Primera Divisi\u00f3n del F\u00fatbol Femenino se jugaron este fin de semana y El &#8230; <a title=\"F\u00fatbol Femenino: Estudiantes, El Front\u00f3n, Club Mercedes y V\u00e9lez siguen en carrera en Primera Divisi\u00f3n\" class=\"read-more\" href=\"https:\/\/www.hoymercedes.com.ar\/principal\/2018\/12\/13\/futbol-femenino-estudiantes-el-fronton-club-mercedes-y-velez-siguen-en-carrera-en-primera-division\/\" aria-label=\"Leer m\u00e1s sobre F\u00fatbol Femenino: Estudiantes, El Front\u00f3n, Club Mercedes y V\u00e9lez siguen en carrera en Primera Divisi\u00f3n\">Leer m\u00e1s<\/a><\/p>\n","protected":false},"author":1,"featured_media":85383,"comment_status":"closed","ping_status":"open","sticky":false,"template":"","format":"standard","meta":{"_monsterinsights_skip_tracking":false,"_monsterinsights_sitenote_active":false,"_monsterinsights_sitenote_note":"","_monsterinsights_sitenote_category":0,"jetpack_post_was_ever_published":false,"_jetpack_newsletter_access":"","_jetpack_dont_email_post_to_subs":false,"_jetpack_newsletter_tier_id":0,"_jetpack_memberships_contains_paywalled_content":false,"_jetpack_memberships_contains_paid_content":false,"footnotes":"","jetpack_publicize_message":"","jetpack_publicize_feature_enabled":true,"jetpack_social_post_already_shared":true,"jetpack_social_options":{"image_generator_settings":{"template":"highway","default_image_id":0,"font":"","enabled":false},"version":2},"_wpas_customize_per_network":false},"categories":[21],"tags":[122,204,1812,829,895,8996,445],"class_list":["post-85382","post","type-post","status-publish","format-standard","has-post-thumbnail","hentry","category-deportes","tag-club-mercedes","tag-deportes-2","tag-el-fronton","tag-estudiantes","tag-futbol-femenino","tag-primera-division","tag-velez","generate-columns","tablet-grid-50","mobile-grid-100","grid-parent","grid-50"],"jetpack_publicize_connections":[],"jetpack_featured_media_url":"https:\/\/www.hoymercedes.com.ar\/principal\/wp-content\/uploads\/2018\/12\/pos-16.png","wps_subtitle":"Futbol Femenino","jetpack_sharing_enabled":true,"_links":{"self":[{"href":"https:\/\/www.hoymercedes.com.ar\/principal\/wp-json\/wp\/v2\/posts\/85382","targetHints":{"allow":["GET"]}}],"collection":[{"href":"https:\/\/www.hoymercedes.com.ar\/principal\/wp-json\/wp\/v2\/posts"}],"about":[{"href":"https:\/\/www.hoymercedes.com.ar\/principal\/wp-json\/wp\/v2\/types\/post"}],"author":[{"embeddable":true,"href":"https:\/\/www.hoymercedes.com.ar\/principal\/wp-json\/wp\/v2\/users\/1"}],"replies":[{"embeddable":true,"href":"https:\/\/www.hoymercedes.com.ar\/principal\/wp-json\/wp\/v2\/comments?post=85382"}],"version-history":[{"count":0,"href":"https:\/\/www.hoymercedes.com.ar\/principal\/wp-json\/wp\/v2\/posts\/85382\/revisions"}],"wp:featuredmedia":[{"embeddable":true,"href":"https:\/\/www.hoymercedes.com.ar\/principal\/wp-json\/wp\/v2\/media\/85383"}],"wp:attachment":[{"href":"https:\/\/www.hoymercedes.com.ar\/principal\/wp-json\/wp\/v2\/media?parent=85382"}],"wp:term":[{"taxonomy":"category","embeddable":true,"href":"https:\/\/www.hoymercedes.com.ar\/principal\/wp-json\/wp\/v2\/categories?post=85382"},{"taxonomy":"post_tag","embeddable":true,"href":"https:\/\/www.hoymercedes.com.ar\/principal\/wp-json\/wp\/v2\/tags?post=85382"}],"curies":[{"name":"wp","href":"https:\/\/api.w.org\/{rel}","templated":true}]}}