{"id":85416,"date":"2018-12-12T22:59:07","date_gmt":"2018-12-13T01:59:07","guid":{"rendered":"http:\/\/www.hoymercedes.com.ar\/principal\/?p=85416"},"modified":"2018-12-12T22:59:19","modified_gmt":"2018-12-13T01:59:19","slug":"intendente-recorrio-avance-de-obra-pluvial-de-av2-y-31","status":"publish","type":"post","link":"https:\/\/www.hoymercedes.com.ar\/principal\/2018\/12\/12\/intendente-recorrio-avance-de-obra-pluvial-de-av2-y-31\/","title":{"rendered":"Intendente recorri\u00f3 avance de obra pluvial de Av2 y 31"},"content":{"rendered":"\n<figure class=\"wp-block-image\"><img loading=\"lazy\" decoding=\"async\" width=\"1024\" height=\"498\" data-attachment-id=\"85417\" data-permalink=\"https:\/\/www.hoymercedes.com.ar\/principal\/2018\/12\/12\/intendente-recorrio-avance-de-obra-pluvial-de-av2-y-31\/20181212_102339\/#main\" data-orig-file=\"https:\/\/www.hoymercedes.com.ar\/principal\/wp-content\/uploads\/2018\/12\/20181212_102339.jpg\" data-orig-size=\"4032,1960\" data-comments-opened=\"0\" data-image-meta=\"{&quot;aperture&quot;:&quot;2.4&quot;,&quot;credit&quot;:&quot;&quot;,&quot;camera&quot;:&quot;SM-G9650&quot;,&quot;caption&quot;:&quot;&quot;,&quot;created_timestamp&quot;:&quot;1544610219&quot;,&quot;copyright&quot;:&quot;&quot;,&quot;focal_length&quot;:&quot;4.3&quot;,&quot;iso&quot;:&quot;50&quot;,&quot;shutter_speed&quot;:&quot;0.0057471264367816&quot;,&quot;title&quot;:&quot;&quot;,&quot;orientation&quot;:&quot;1&quot;}\" data-image-title=\"20181212_102339\" data-image-description=\"\" data-image-caption=\"\" data-large-file=\"https:\/\/www.hoymercedes.com.ar\/principal\/wp-content\/uploads\/2018\/12\/20181212_102339-1024x498.jpg\" src=\"https:\/\/www.hoymercedes.com.ar\/principal\/wp-content\/uploads\/2018\/12\/20181212_102339-1024x498.jpg\" alt=\"\" class=\"wp-image-85417\" srcset=\"https:\/\/www.hoymercedes.com.ar\/principal\/wp-content\/uploads\/2018\/12\/20181212_102339-1024x498.jpg 1024w, https:\/\/www.hoymercedes.com.ar\/principal\/wp-content\/uploads\/2018\/12\/20181212_102339-150x73.jpg 150w, https:\/\/www.hoymercedes.com.ar\/principal\/wp-content\/uploads\/2018\/12\/20181212_102339-630x306.jpg 630w\" sizes=\"auto, (max-width: 1024px) 100vw, 1024px\" \/><figcaption>Obra que beneficia escuelas y barrio Mitre<\/figcaption><\/figure>\n\n\n\n<p>El intendente Juan Ignacio\nUstarroz recorri\u00f3 las importantes obras pluviales que se est\u00e1n realizando en la\nzona de las calles 4 y 31. Estuvo acompa\u00f1ado por el ingeniero Lucas Navas y\ntrabajadores del \u00e1rea de servicios p\u00fablicos municipales. Estos trabajos, que\nconllevan una extensa colocaci\u00f3n de ca\u00f1os de gran porte y construcci\u00f3n de\nc\u00e1maras desobstructoras resolver\u00e1n un problema tan recurrente como las lluvias.\n\u201cEste es un problema de muchos a\u00f1os, los vecinos ven\u00edan plante\u00e1ndonos la\nnecesidad de esta obra, ya que a muchos les ingresaba agua a sus casas\u201d apunt\u00f3\nel jefe comunal, el Dr. Ustarroz. &nbsp;<\/p>\n\n\n\n<p>Asimismo, el intendente Ustarroz,\na\u00f1adi\u00f3 \u201cesto suced\u00eda cada vez que llov\u00eda, donde estas calles se abnegaban ya\nque su escurrimiento tardaba mucho tiempo, porque los ca\u00f1os se tapaban debido a\nsu peque\u00f1o di\u00e1metro\u201d. <\/p>\n\n\n\n<p>\u201cPero gracias a nuestro equipo\nt\u00e9cnico de la secretar\u00eda de obra p\u00fablica, que hizo el correcto plan de obra\n-tras una licitaci\u00f3n p\u00fablica- hoy estamos recorriendo estos trabajos que\nprontamente dar\u00e1 soluci\u00f3n a esta problem\u00e1tica\u201d afirm\u00f3 el jefe comunal. <\/p>\n\n\n\n<p>En ese sentido, Ustarroz indic\u00f3 \u201cuna\nempresa de nuestra ciudad est\u00e1 llevando adelante este importante trabajo que\ntraer\u00e1 un beneficio muy grande a los vecinos de las calles 4 y 31, misma estamos\nejecutando con recursos propios\u201d. &nbsp;<\/p>\n\n\n\n<figure class=\"wp-block-image\"><img loading=\"lazy\" decoding=\"async\" width=\"730\" height=\"355\" data-attachment-id=\"85418\" data-permalink=\"https:\/\/www.hoymercedes.com.ar\/principal\/2018\/12\/12\/intendente-recorrio-avance-de-obra-pluvial-de-av2-y-31\/obrapluvial20181212_103600\/#main\" data-orig-file=\"https:\/\/www.hoymercedes.com.ar\/principal\/wp-content\/uploads\/2018\/12\/ObraPluvial20181212_103600.jpg\" data-orig-size=\"730,355\" data-comments-opened=\"0\" data-image-meta=\"{&quot;aperture&quot;:&quot;2.4&quot;,&quot;credit&quot;:&quot;&quot;,&quot;camera&quot;:&quot;SM-G9650&quot;,&quot;caption&quot;:&quot;&quot;,&quot;created_timestamp&quot;:&quot;1544610960&quot;,&quot;copyright&quot;:&quot;&quot;,&quot;focal_length&quot;:&quot;4.3&quot;,&quot;iso&quot;:&quot;50&quot;,&quot;shutter_speed&quot;:&quot;0.0029239766081871&quot;,&quot;title&quot;:&quot;&quot;,&quot;orientation&quot;:&quot;0&quot;}\" data-image-title=\"ObraPluvial20181212_103600\" data-image-description=\"\" data-image-caption=\"\" data-large-file=\"https:\/\/www.hoymercedes.com.ar\/principal\/wp-content\/uploads\/2018\/12\/ObraPluvial20181212_103600.jpg\" src=\"https:\/\/www.hoymercedes.com.ar\/principal\/wp-content\/uploads\/2018\/12\/ObraPluvial20181212_103600.jpg\" alt=\"\" class=\"wp-image-85418\" srcset=\"https:\/\/www.hoymercedes.com.ar\/principal\/wp-content\/uploads\/2018\/12\/ObraPluvial20181212_103600.jpg 730w, https:\/\/www.hoymercedes.com.ar\/principal\/wp-content\/uploads\/2018\/12\/ObraPluvial20181212_103600-150x73.jpg 150w, https:\/\/www.hoymercedes.com.ar\/principal\/wp-content\/uploads\/2018\/12\/ObraPluvial20181212_103600-630x306.jpg 630w\" sizes=\"auto, (max-width: 730px) 100vw, 730px\" \/><figcaption>Mejoras en desagote\u00a0<\/figcaption><\/figure>\n\n\n\n<p>Estas obras, adem\u00e1s de traer\nbeneficios concretos a los vecinos, generan trabajo a trav\u00e9s de empresas\nmercedinas. Y en ese sentido, si los beneficiarios de ejecutar la misma no son\nde la ciudad, el Municipio en cada licitaci\u00f3n que hace exige por contrato que\nparte de la mano de obra contratada sea local.<\/p>\n\n\n\n<p>Muchas de estas obras, son gracias\na la inversi\u00f3n que ha hecho el Estado Comunal durante estos tres a\u00f1os en\ncamiones, barredoras, retropalas, tractores, acoplados, motoniveladoras, es\ndecir, todas herramientas que capitalizaron el \u00e1rea de Servicios p\u00fablicos y que\npermiten realizar un mejor servicio en todos los barrios de Mercedes con\ninversi\u00f3n y recursos propios.<\/p>\n\n\n\n<p>El ingeniero, Lucas Navas, qui\u00e9n\ntambi\u00e9n fue parte de la recorrida brind\u00f3 algunos detalles de esta importante\nobra \u201cse est\u00e1n realizando grandes avances en estos trabajos que traer\u00e1n muchos\nbeneficios al barrio Mitre, mismo que resolver\u00e1 el problema que se produce en\nla calle 4 donde cada vez que llueve confluye el agua y tarda su desagote\u201d.<\/p>\n\n\n\n<p>Adem\u00e1s, inform\u00f3 \u201cen esta zona\nexist\u00edan dos sumideros y un conducto pluvial que era muy peque\u00f1o, y ello no\npermit\u00eda que el agua desembocara con mayor rapidez. Ahora se lo est\u00e1\nreemplazando por un ca\u00f1o de mayor di\u00e1metro, y adem\u00e1s, estamos tomando medidas\npara que no se tape como ven\u00eda sucediendo\u201d y agreg\u00f3 \u201cpara ello construimos\nc\u00e1maras para poder limpiarlo y mantenerlo en funcionamiento como corresponde\u201d.<\/p>\n\n\n\n<p>Es importante destacar que desdeel Municipio de Mercedes, adem\u00e1s se est\u00e1n realizando m\u00e1s de 25 obras ensimultaneo -ya van m\u00e1s de 60 en el a\u00f1o- todas enmarcados dentro del plan deobra p\u00fablica por 70 millones de pesos de fondos municipales.<\/p>\n\n\n\n<p class=\"has-text-color has-cyan-bluish-gray-color\">Data: Sec. de Obras<\/p>\n","protected":false},"excerpt":{"rendered":"<p>El intendente Juan Ignacio Ustarroz recorri\u00f3 las importantes obras pluviales que se est\u00e1n realizando en la zona de las calles &#8230; <a title=\"Intendente recorri\u00f3 avance de obra pluvial de Av2 y 31\" class=\"read-more\" href=\"https:\/\/www.hoymercedes.com.ar\/principal\/2018\/12\/12\/intendente-recorrio-avance-de-obra-pluvial-de-av2-y-31\/\" aria-label=\"Leer m\u00e1s sobre Intendente recorri\u00f3 avance de obra pluvial de Av2 y 31\">Leer m\u00e1s<\/a><\/p>\n","protected":false},"author":1,"featured_media":85417,"comment_status":"closed","ping_status":"open","sticky":false,"template":"","format":"standard","meta":{"_monsterinsights_skip_tracking":false,"_monsterinsights_sitenote_active":false,"_monsterinsights_sitenote_note":"","_monsterinsights_sitenote_category":0,"jetpack_post_was_ever_published":false,"_jetpack_newsletter_access":"","_jetpack_dont_email_post_to_subs":false,"_jetpack_newsletter_tier_id":0,"_jetpack_memberships_contains_paywalled_content":false,"_jetpack_memberships_contains_paid_content":false,"footnotes":"","jetpack_publicize_message":"","jetpack_publicize_feature_enabled":true,"jetpack_social_post_already_shared":true,"jetpack_social_options":{"image_generator_settings":{"template":"highway","default_image_id":0,"font":"","enabled":false},"version":2},"_wpas_customize_per_network":false},"categories":[30],"tags":[197,5947],"class_list":["post-85416","post","type-post","status-publish","format-standard","has-post-thumbnail","hentry","category-municipio","tag-municipalidad-de-mercedes","tag-obras-publicas","generate-columns","tablet-grid-50","mobile-grid-100","grid-parent","grid-50"],"jetpack_publicize_connections":[],"jetpack_featured_media_url":"https:\/\/www.hoymercedes.com.ar\/principal\/wp-content\/uploads\/2018\/12\/20181212_102339.jpg","wps_subtitle":"","jetpack_sharing_enabled":true,"_links":{"self":[{"href":"https:\/\/www.hoymercedes.com.ar\/principal\/wp-json\/wp\/v2\/posts\/85416","targetHints":{"allow":["GET"]}}],"collection":[{"href":"https:\/\/www.hoymercedes.com.ar\/principal\/wp-json\/wp\/v2\/posts"}],"about":[{"href":"https:\/\/www.hoymercedes.com.ar\/principal\/wp-json\/wp\/v2\/types\/post"}],"author":[{"embeddable":true,"href":"https:\/\/www.hoymercedes.com.ar\/principal\/wp-json\/wp\/v2\/users\/1"}],"replies":[{"embeddable":true,"href":"https:\/\/www.hoymercedes.com.ar\/principal\/wp-json\/wp\/v2\/comments?post=85416"}],"version-history":[{"count":0,"href":"https:\/\/www.hoymercedes.com.ar\/principal\/wp-json\/wp\/v2\/posts\/85416\/revisions"}],"wp:featuredmedia":[{"embeddable":true,"href":"https:\/\/www.hoymercedes.com.ar\/principal\/wp-json\/wp\/v2\/media\/85417"}],"wp:attachment":[{"href":"https:\/\/www.hoymercedes.com.ar\/principal\/wp-json\/wp\/v2\/media?parent=85416"}],"wp:term":[{"taxonomy":"category","embeddable":true,"href":"https:\/\/www.hoymercedes.com.ar\/principal\/wp-json\/wp\/v2\/categories?post=85416"},{"taxonomy":"post_tag","embeddable":true,"href":"https:\/\/www.hoymercedes.com.ar\/principal\/wp-json\/wp\/v2\/tags?post=85416"}],"curies":[{"name":"wp","href":"https:\/\/api.w.org\/{rel}","templated":true}]}}