{"id":85457,"date":"2018-12-14T10:10:45","date_gmt":"2018-12-14T13:10:45","guid":{"rendered":"http:\/\/www.hoymercedes.com.ar\/principal\/?p=85457"},"modified":"2018-12-13T17:17:20","modified_gmt":"2018-12-13T20:17:20","slug":"este-sabado-15-la-feria-de-arte-de-pequeno-formato","status":"publish","type":"post","link":"https:\/\/www.hoymercedes.com.ar\/principal\/2018\/12\/14\/este-sabado-15-la-feria-de-arte-de-pequeno-formato\/","title":{"rendered":"Este s\u00e1bado 15 la Feria de Arte de Peque\u00f1o Formato"},"content":{"rendered":"\n<p>Este s\u00e1bado 15 de diciembre, la Asociaci\u00f3n de Amigos del Museo de Arte de la Municipalidad de Mercedes junto con la Direcci\u00f3n de Cultura presentar\u00e1 la 2\u00b0 Feria de Arte de Peque\u00f1o Formato.<\/p>\n\n\n\n<p>Se trata de un encuentro de artistas de nuestra ciudad y alrededores que se reunir\u00e1n en un mismo espacio para ofrecer sus trabajos a precios accesibles pensando en estas fiestas. Regalar arte es, hoy, una costumbre que va tomando cada vez m\u00e1s forma y peso espec\u00edfico a la hora de pensar en&nbsp;un buen regalo para los m\u00e1s queridos.<\/p>\n\n\n\n<p>Es por eso que, sobre la calle 23 y frente a la puerta del MAMM, m\u00e1s de 15 artistas estar\u00e1n mostrando y vendiendo sus trabajos de escultura, pintura, orfebrer\u00eda, grabado, dibujo y fotograf\u00eda, de 18 a 23 horas.<\/p>\n","protected":false},"excerpt":{"rendered":"<p>Este s\u00e1bado 15 de diciembre, la Asociaci\u00f3n de Amigos del Museo de Arte de la Municipalidad de Mercedes junto con &#8230; <a title=\"Este s\u00e1bado 15 la Feria de Arte de Peque\u00f1o Formato\" class=\"read-more\" href=\"https:\/\/www.hoymercedes.com.ar\/principal\/2018\/12\/14\/este-sabado-15-la-feria-de-arte-de-pequeno-formato\/\" aria-label=\"Leer m\u00e1s sobre Este s\u00e1bado 15 la Feria de Arte de Peque\u00f1o Formato\">Leer m\u00e1s<\/a><\/p>\n","protected":false},"author":1,"featured_media":84719,"comment_status":"closed","ping_status":"open","sticky":false,"template":"","format":"standard","meta":{"_monsterinsights_skip_tracking":false,"_monsterinsights_sitenote_active":false,"_monsterinsights_sitenote_note":"","_monsterinsights_sitenote_category":0,"jetpack_post_was_ever_published":false,"_jetpack_newsletter_access":"","_jetpack_dont_email_post_to_subs":false,"_jetpack_newsletter_tier_id":0,"_jetpack_memberships_contains_paywalled_content":false,"_jetpack_memberships_contains_paid_content":false,"footnotes":"","jetpack_publicize_message":"","jetpack_publicize_feature_enabled":true,"jetpack_social_post_already_shared":true,"jetpack_social_options":{"image_generator_settings":{"template":"highway","default_image_id":0,"font":"","enabled":false},"version":2},"_wpas_customize_per_network":false},"categories":[104],"tags":[7805,12223,8674,10869],"class_list":["post-85457","post","type-post","status-publish","format-standard","has-post-thumbnail","hentry","category-cultura","tag-cultura","tag-feria-de-arte","tag-mamm","tag-museo-de-arte","generate-columns","tablet-grid-50","mobile-grid-100","grid-parent","grid-50"],"jetpack_publicize_connections":[],"jetpack_featured_media_url":"https:\/\/www.hoymercedes.com.ar\/principal\/wp-content\/uploads\/2018\/11\/30-aamamm-feria.jpg","wps_subtitle":"","jetpack_sharing_enabled":true,"_links":{"self":[{"href":"https:\/\/www.hoymercedes.com.ar\/principal\/wp-json\/wp\/v2\/posts\/85457","targetHints":{"allow":["GET"]}}],"collection":[{"href":"https:\/\/www.hoymercedes.com.ar\/principal\/wp-json\/wp\/v2\/posts"}],"about":[{"href":"https:\/\/www.hoymercedes.com.ar\/principal\/wp-json\/wp\/v2\/types\/post"}],"author":[{"embeddable":true,"href":"https:\/\/www.hoymercedes.com.ar\/principal\/wp-json\/wp\/v2\/users\/1"}],"replies":[{"embeddable":true,"href":"https:\/\/www.hoymercedes.com.ar\/principal\/wp-json\/wp\/v2\/comments?post=85457"}],"version-history":[{"count":0,"href":"https:\/\/www.hoymercedes.com.ar\/principal\/wp-json\/wp\/v2\/posts\/85457\/revisions"}],"wp:featuredmedia":[{"embeddable":true,"href":"https:\/\/www.hoymercedes.com.ar\/principal\/wp-json\/wp\/v2\/media\/84719"}],"wp:attachment":[{"href":"https:\/\/www.hoymercedes.com.ar\/principal\/wp-json\/wp\/v2\/media?parent=85457"}],"wp:term":[{"taxonomy":"category","embeddable":true,"href":"https:\/\/www.hoymercedes.com.ar\/principal\/wp-json\/wp\/v2\/categories?post=85457"},{"taxonomy":"post_tag","embeddable":true,"href":"https:\/\/www.hoymercedes.com.ar\/principal\/wp-json\/wp\/v2\/tags?post=85457"}],"curies":[{"name":"wp","href":"https:\/\/api.w.org\/{rel}","templated":true}]}}