{"id":8546,"date":"2011-10-24T00:13:30","date_gmt":"2011-10-24T00:13:30","guid":{"rendered":"http:\/\/www.hoymercedes.com.ar\/principal\/?p=8546"},"modified":"2011-10-24T00:13:30","modified_gmt":"2011-10-24T00:13:30","slug":"ustarroz-estaria-arriba-con-200-votos","status":"publish","type":"post","link":"https:\/\/www.hoymercedes.com.ar\/principal\/2011\/10\/24\/ustarroz-estaria-arriba-con-200-votos\/","title":{"rendered":"Ustarroz estar\u00eda arriba con 200 votos"},"content":{"rendered":"<p>El candidato Juan Ustarroz estar\u00eda arriba por 200 votos seg\u00fan sus propias fuerzas.<\/p>\n<p>Este dato debe ser contratado con lo dado por el Selvismo donde se presentan ganadores con 90 mesas escrutadas mientras que en el Frente Mercedino no tienen datos oficiales sino los extra hasta una estimaci\u00f3n de 42 mesas.<\/p>\n<p>&nbsp;<\/p>\n","protected":false},"excerpt":{"rendered":"<p>El candidato Juan Ustarroz estar\u00eda arriba por 200 votos seg\u00fan sus propias fuerzas. Este dato debe ser contratado con lo &#8230; <a title=\"Ustarroz estar\u00eda arriba con 200 votos\" class=\"read-more\" href=\"https:\/\/www.hoymercedes.com.ar\/principal\/2011\/10\/24\/ustarroz-estaria-arriba-con-200-votos\/\" aria-label=\"Leer m\u00e1s sobre Ustarroz estar\u00eda arriba con 200 votos\">Leer m\u00e1s<\/a><\/p>\n","protected":false},"author":1,"featured_media":0,"comment_status":"open","ping_status":"open","sticky":false,"template":"","format":"standard","meta":{"_monsterinsights_skip_tracking":false,"_monsterinsights_sitenote_active":false,"_monsterinsights_sitenote_note":"","_monsterinsights_sitenote_category":0,"jetpack_post_was_ever_published":false,"_jetpack_newsletter_access":"","_jetpack_dont_email_post_to_subs":false,"_jetpack_newsletter_tier_id":0,"_jetpack_memberships_contains_paywalled_content":false,"_jetpack_memberships_contains_paid_content":false,"footnotes":"","jetpack_publicize_message":"","jetpack_publicize_feature_enabled":true,"jetpack_social_post_already_shared":false,"jetpack_social_options":{"image_generator_settings":{"template":"highway","default_image_id":0,"font":"","enabled":false},"version":2},"_wpas_customize_per_network":false},"categories":[5],"tags":[],"class_list":["post-8546","post","type-post","status-publish","format-standard","hentry","category-politica","generate-columns","tablet-grid-50","mobile-grid-100","grid-parent","grid-50"],"jetpack_publicize_connections":[],"jetpack_featured_media_url":"","wps_subtitle":"","jetpack_sharing_enabled":true,"_links":{"self":[{"href":"https:\/\/www.hoymercedes.com.ar\/principal\/wp-json\/wp\/v2\/posts\/8546","targetHints":{"allow":["GET"]}}],"collection":[{"href":"https:\/\/www.hoymercedes.com.ar\/principal\/wp-json\/wp\/v2\/posts"}],"about":[{"href":"https:\/\/www.hoymercedes.com.ar\/principal\/wp-json\/wp\/v2\/types\/post"}],"author":[{"embeddable":true,"href":"https:\/\/www.hoymercedes.com.ar\/principal\/wp-json\/wp\/v2\/users\/1"}],"replies":[{"embeddable":true,"href":"https:\/\/www.hoymercedes.com.ar\/principal\/wp-json\/wp\/v2\/comments?post=8546"}],"version-history":[{"count":0,"href":"https:\/\/www.hoymercedes.com.ar\/principal\/wp-json\/wp\/v2\/posts\/8546\/revisions"}],"wp:attachment":[{"href":"https:\/\/www.hoymercedes.com.ar\/principal\/wp-json\/wp\/v2\/media?parent=8546"}],"wp:term":[{"taxonomy":"category","embeddable":true,"href":"https:\/\/www.hoymercedes.com.ar\/principal\/wp-json\/wp\/v2\/categories?post=8546"},{"taxonomy":"post_tag","embeddable":true,"href":"https:\/\/www.hoymercedes.com.ar\/principal\/wp-json\/wp\/v2\/tags?post=8546"}],"curies":[{"name":"wp","href":"https:\/\/api.w.org\/{rel}","templated":true}]}}