{"id":85461,"date":"2018-12-13T17:00:18","date_gmt":"2018-12-13T20:00:18","guid":{"rendered":"http:\/\/www.hoymercedes.com.ar\/principal\/?p=85461"},"modified":"2018-12-13T16:47:23","modified_gmt":"2018-12-13T19:47:23","slug":"postergan-protesta-intersindical-del-corredor-de-ruta-5","status":"publish","type":"post","link":"https:\/\/www.hoymercedes.com.ar\/principal\/2018\/12\/13\/postergan-protesta-intersindical-del-corredor-de-ruta-5\/","title":{"rendered":"Postergan protesta intersindical del corredor de ruta 5"},"content":{"rendered":"\n<p><strong><br><\/strong>Ser\u00e1 de Luj\u00e1n a La Pampa el viernes 14 de diciembre, 17 horas. El cambio de fecha se debi\u00f3 a la lluvia en la regi\u00f3n.\u00a0<br><\/p>\n\n\n\n<p>Debido a las inclemencias clim\u00e1ticas, la Mesa Inter Sindical Corredor Ruta 5 decidi\u00f3 postergar por un d\u00eda la manifestaci\u00f3n a lo largo de los 540 kil\u00f3metros que conforma la mencionada arteria, desde Luj\u00e1n hasta la Pampa.<\/p>\n\n\n\n<p>\u00abEst\u00e1 decisi\u00f3n la tomamos a los fines de salvaguardar la seguridad vial y la integridad f\u00edsica de transe\u00fantes como de manifestantes\u00bb, expresaron los sindicalistas en una comunicaci\u00f3n enviada a los medios.\u00a0<\/p>\n\n\n\n<p>La convocatoria se hace bajo la consigna: \u00ab\u00a1Esto no va m\u00e1s!\u00bb y propondr\u00e1 entregar panfletos informativos a nivel regional a los veh\u00edculos que transiten la Ruta N\u00b0 5 a partir de la hora 17.\u00a0\u00a0<\/p>\n\n\n\n<p><strong>MESA INTER SINDICAL CORREDOR RUTA 5<\/strong><\/p>\n","protected":false},"excerpt":{"rendered":"<p>Ser\u00e1 de Luj\u00e1n a La Pampa el viernes 14 de diciembre, 17 horas. El cambio de fecha se debi\u00f3 a &#8230; <a title=\"Postergan protesta intersindical del corredor de ruta 5\" class=\"read-more\" href=\"https:\/\/www.hoymercedes.com.ar\/principal\/2018\/12\/13\/postergan-protesta-intersindical-del-corredor-de-ruta-5\/\" aria-label=\"Leer m\u00e1s sobre Postergan protesta intersindical del corredor de ruta 5\">Leer m\u00e1s<\/a><\/p>\n","protected":false},"author":1,"featured_media":84980,"comment_status":"closed","ping_status":"open","sticky":false,"template":"","format":"standard","meta":{"_monsterinsights_skip_tracking":false,"_monsterinsights_sitenote_active":false,"_monsterinsights_sitenote_note":"","_monsterinsights_sitenote_category":0,"jetpack_post_was_ever_published":false,"_jetpack_newsletter_access":"","_jetpack_dont_email_post_to_subs":false,"_jetpack_newsletter_tier_id":0,"_jetpack_memberships_contains_paywalled_content":false,"_jetpack_memberships_contains_paid_content":false,"footnotes":"","jetpack_publicize_message":"","jetpack_publicize_feature_enabled":true,"jetpack_social_post_already_shared":true,"jetpack_social_options":{"image_generator_settings":{"template":"highway","default_image_id":0,"font":"","enabled":false},"version":2},"_wpas_customize_per_network":false},"categories":[10563],"tags":[13858,8799,1443],"class_list":["post-85461","post","type-post","status-publish","format-standard","has-post-thumbnail","hentry","category-gremios-sindicatos","tag-corredor-ruta-5","tag-gremios","tag-sindicatos","generate-columns","tablet-grid-50","mobile-grid-100","grid-parent","grid-50"],"jetpack_publicize_connections":[],"jetpack_featured_media_url":"https:\/\/www.hoymercedes.com.ar\/principal\/wp-content\/uploads\/2018\/12\/05-sindicatos-corredor-5.jpg","wps_subtitle":"","jetpack_sharing_enabled":true,"_links":{"self":[{"href":"https:\/\/www.hoymercedes.com.ar\/principal\/wp-json\/wp\/v2\/posts\/85461","targetHints":{"allow":["GET"]}}],"collection":[{"href":"https:\/\/www.hoymercedes.com.ar\/principal\/wp-json\/wp\/v2\/posts"}],"about":[{"href":"https:\/\/www.hoymercedes.com.ar\/principal\/wp-json\/wp\/v2\/types\/post"}],"author":[{"embeddable":true,"href":"https:\/\/www.hoymercedes.com.ar\/principal\/wp-json\/wp\/v2\/users\/1"}],"replies":[{"embeddable":true,"href":"https:\/\/www.hoymercedes.com.ar\/principal\/wp-json\/wp\/v2\/comments?post=85461"}],"version-history":[{"count":0,"href":"https:\/\/www.hoymercedes.com.ar\/principal\/wp-json\/wp\/v2\/posts\/85461\/revisions"}],"wp:featuredmedia":[{"embeddable":true,"href":"https:\/\/www.hoymercedes.com.ar\/principal\/wp-json\/wp\/v2\/media\/84980"}],"wp:attachment":[{"href":"https:\/\/www.hoymercedes.com.ar\/principal\/wp-json\/wp\/v2\/media?parent=85461"}],"wp:term":[{"taxonomy":"category","embeddable":true,"href":"https:\/\/www.hoymercedes.com.ar\/principal\/wp-json\/wp\/v2\/categories?post=85461"},{"taxonomy":"post_tag","embeddable":true,"href":"https:\/\/www.hoymercedes.com.ar\/principal\/wp-json\/wp\/v2\/tags?post=85461"}],"curies":[{"name":"wp","href":"https:\/\/api.w.org\/{rel}","templated":true}]}}