{"id":85464,"date":"2018-12-13T18:14:30","date_gmt":"2018-12-13T21:14:30","guid":{"rendered":"http:\/\/www.hoymercedes.com.ar\/principal\/?p=85464"},"modified":"2018-12-14T17:14:29","modified_gmt":"2018-12-14T20:14:29","slug":"la-sociedad-italiana-y-la-liga-mercedina-firman-acuerdo-para-que-los-infantiles-accedan-a-cursos-de-idiomas","status":"publish","type":"post","link":"https:\/\/www.hoymercedes.com.ar\/principal\/2018\/12\/13\/la-sociedad-italiana-y-la-liga-mercedina-firman-acuerdo-para-que-los-infantiles-accedan-a-cursos-de-idiomas\/","title":{"rendered":"La Sociedad Italiana y la Liga Mercedina firman acuerdo para que los infantiles accedan a cursos de idiomas"},"content":{"rendered":"\n<p><br>D\u00edas atr\u00e1s se conoci\u00f3 que la Sociedad Italiana de Socorros Mutuos y la Liga Mercedina de F\u00fatbol firmaron un acuerdo para que los futbolistas de las divisiones inferiores tengan la posibilidad de acceder a los cursos de italiano que dicta la instituci\u00f3n que re\u00fane a inmigrantes y descendientes de italianos.\u00a0<\/p>\n\n\n\n<figure class=\"wp-block-image\"><img loading=\"lazy\" decoding=\"async\" width=\"750\" height=\"501\" data-attachment-id=\"85465\" data-permalink=\"https:\/\/www.hoymercedes.com.ar\/principal\/2018\/12\/13\/la-sociedad-italiana-y-la-liga-mercedina-firman-acuerdo-para-que-los-infantiles-accedan-a-cursos-de-idiomas\/13-socital-liga\/#main\" data-orig-file=\"https:\/\/www.hoymercedes.com.ar\/principal\/wp-content\/uploads\/2018\/12\/13-socital-liga.jpg\" data-orig-size=\"750,501\" data-comments-opened=\"0\" data-image-meta=\"{&quot;aperture&quot;:&quot;0&quot;,&quot;credit&quot;:&quot;&quot;,&quot;camera&quot;:&quot;&quot;,&quot;caption&quot;:&quot;&quot;,&quot;created_timestamp&quot;:&quot;0&quot;,&quot;copyright&quot;:&quot;&quot;,&quot;focal_length&quot;:&quot;0&quot;,&quot;iso&quot;:&quot;0&quot;,&quot;shutter_speed&quot;:&quot;0&quot;,&quot;title&quot;:&quot;&quot;,&quot;orientation&quot;:&quot;0&quot;}\" data-image-title=\"13 socital liga\" data-image-description=\"\" data-image-caption=\"\" data-large-file=\"https:\/\/www.hoymercedes.com.ar\/principal\/wp-content\/uploads\/2018\/12\/13-socital-liga.jpg\" src=\"https:\/\/www.hoymercedes.com.ar\/principal\/wp-content\/uploads\/2018\/12\/13-socital-liga.jpg\" alt=\"\" class=\"wp-image-85465\" srcset=\"https:\/\/www.hoymercedes.com.ar\/principal\/wp-content\/uploads\/2018\/12\/13-socital-liga.jpg 750w, https:\/\/www.hoymercedes.com.ar\/principal\/wp-content\/uploads\/2018\/12\/13-socital-liga-150x100.jpg 150w, https:\/\/www.hoymercedes.com.ar\/principal\/wp-content\/uploads\/2018\/12\/13-socital-liga-630x421.jpg 630w\" sizes=\"auto, (max-width: 750px) 100vw, 750px\" \/><\/figure>\n\n\n\n<p>Tras una reuni\u00f3n mantenida a lo largo de esta semana entre el Presidente de la Liga Mercedina de Futbol Esteban Marcelo y el Presidente de la Sociedad Italiana Mercedes Ernesto Horacio R\u00edssola, se concret\u00f3 un acuerdo para que a partir del a\u00f1o 2019 un grupo de ni\u00f1os de los equipos afiliados a la Liga puedan acceder en forma gratuita a los cursos de idioma italiana que all\u00ed se brindan.<\/p>\n\n\n\n<p>De acuerdo a los primeros datos, la Liga abrir\u00e1 un registro de ni\u00f1os interesados y posteriormente se definir\u00e1 a los seleccionados, que en principio ser\u00eda un n\u00famero de diez.<\/p>\n","protected":false},"excerpt":{"rendered":"<p>D\u00edas atr\u00e1s se conoci\u00f3 que la Sociedad Italiana de Socorros Mutuos y la Liga Mercedina de F\u00fatbol firmaron un acuerdo &#8230; <a title=\"La Sociedad Italiana y la Liga Mercedina firman acuerdo para que los infantiles accedan a cursos de idiomas\" class=\"read-more\" href=\"https:\/\/www.hoymercedes.com.ar\/principal\/2018\/12\/13\/la-sociedad-italiana-y-la-liga-mercedina-firman-acuerdo-para-que-los-infantiles-accedan-a-cursos-de-idiomas\/\" aria-label=\"Leer m\u00e1s sobre La Sociedad Italiana y la Liga Mercedina firman acuerdo para que los infantiles accedan a cursos de idiomas\">Leer m\u00e1s<\/a><\/p>\n","protected":false},"author":1,"featured_media":85465,"comment_status":"closed","ping_status":"open","sticky":false,"template":"","format":"standard","meta":{"_monsterinsights_skip_tracking":false,"_monsterinsights_sitenote_active":false,"_monsterinsights_sitenote_note":"","_monsterinsights_sitenote_category":0,"jetpack_post_was_ever_published":false,"_jetpack_newsletter_access":"","_jetpack_dont_email_post_to_subs":false,"_jetpack_newsletter_tier_id":0,"_jetpack_memberships_contains_paywalled_content":false,"_jetpack_memberships_contains_paid_content":false,"footnotes":"","jetpack_publicize_message":"","jetpack_publicize_feature_enabled":true,"jetpack_social_post_already_shared":true,"jetpack_social_options":{"image_generator_settings":{"template":"highway","default_image_id":0,"font":"","enabled":false},"version":2},"_wpas_customize_per_network":false},"categories":[8],"tags":[12382,12146,1901,8864],"class_list":["post-85464","post","type-post","status-publish","format-standard","has-post-thumbnail","hentry","category-sociedad","tag-cursos-de-italiano","tag-infantiles","tag-liga-mercedina","tag-sociedad-italiana","generate-columns","tablet-grid-50","mobile-grid-100","grid-parent","grid-50"],"jetpack_publicize_connections":[],"jetpack_featured_media_url":"https:\/\/www.hoymercedes.com.ar\/principal\/wp-content\/uploads\/2018\/12\/13-socital-liga.jpg","wps_subtitle":"","jetpack_sharing_enabled":true,"_links":{"self":[{"href":"https:\/\/www.hoymercedes.com.ar\/principal\/wp-json\/wp\/v2\/posts\/85464","targetHints":{"allow":["GET"]}}],"collection":[{"href":"https:\/\/www.hoymercedes.com.ar\/principal\/wp-json\/wp\/v2\/posts"}],"about":[{"href":"https:\/\/www.hoymercedes.com.ar\/principal\/wp-json\/wp\/v2\/types\/post"}],"author":[{"embeddable":true,"href":"https:\/\/www.hoymercedes.com.ar\/principal\/wp-json\/wp\/v2\/users\/1"}],"replies":[{"embeddable":true,"href":"https:\/\/www.hoymercedes.com.ar\/principal\/wp-json\/wp\/v2\/comments?post=85464"}],"version-history":[{"count":0,"href":"https:\/\/www.hoymercedes.com.ar\/principal\/wp-json\/wp\/v2\/posts\/85464\/revisions"}],"wp:featuredmedia":[{"embeddable":true,"href":"https:\/\/www.hoymercedes.com.ar\/principal\/wp-json\/wp\/v2\/media\/85465"}],"wp:attachment":[{"href":"https:\/\/www.hoymercedes.com.ar\/principal\/wp-json\/wp\/v2\/media?parent=85464"}],"wp:term":[{"taxonomy":"category","embeddable":true,"href":"https:\/\/www.hoymercedes.com.ar\/principal\/wp-json\/wp\/v2\/categories?post=85464"},{"taxonomy":"post_tag","embeddable":true,"href":"https:\/\/www.hoymercedes.com.ar\/principal\/wp-json\/wp\/v2\/tags?post=85464"}],"curies":[{"name":"wp","href":"https:\/\/api.w.org\/{rel}","templated":true}]}}