{"id":85467,"date":"2018-12-13T20:43:38","date_gmt":"2018-12-13T23:43:38","guid":{"rendered":"http:\/\/www.hoymercedes.com.ar\/principal\/?p=85467"},"modified":"2018-12-14T17:13:48","modified_gmt":"2018-12-14T20:13:48","slug":"entregan-bono-de-fin-de-ano-a-trabajadores-y-jubilados-municipales","status":"publish","type":"post","link":"https:\/\/www.hoymercedes.com.ar\/principal\/2018\/12\/13\/entregan-bono-de-fin-de-ano-a-trabajadores-y-jubilados-municipales\/","title":{"rendered":"Entregan bono de fin de a\u00f1o a trabajadores y jubilados municipales"},"content":{"rendered":"\n<p>El beneficio a los trabajadores municipales ser\u00e1 extensivo por primera vez a los jubilados. Ser\u00e1 de $3000 y buscar\u00e1 dar un apoyo en las venideras fiestas. Adem\u00e1s se realiz\u00f3 un desayuno junto a m\u00e1s de un centenar de jubilados con la presencia del intendente Ustarroz que permiti\u00f3 avanzar en las visiones y constituci\u00f3n del Centro de Jubilados Municipales y la recuperaci\u00f3n de la \u00abCasita del Unzu\u00e9\u00bb donde funcionar\u00e1.<\/p>\n\n\n\n<figure class=\"wp-block-image\"><img loading=\"lazy\" decoding=\"async\" width=\"730\" height=\"355\" data-attachment-id=\"85468\" data-permalink=\"https:\/\/www.hoymercedes.com.ar\/principal\/2018\/12\/13\/entregan-bono-de-fin-de-ano-a-trabajadores-y-jubilados-municipales\/bono-jubilados-ustarroz20181213_092054\/#main\" data-orig-file=\"https:\/\/www.hoymercedes.com.ar\/principal\/wp-content\/uploads\/2018\/12\/bono-jubilados-ustarroz20181213_092054.jpg\" data-orig-size=\"730,355\" data-comments-opened=\"0\" data-image-meta=\"{&quot;aperture&quot;:&quot;1.5&quot;,&quot;credit&quot;:&quot;&quot;,&quot;camera&quot;:&quot;SM-G9650&quot;,&quot;caption&quot;:&quot;&quot;,&quot;created_timestamp&quot;:&quot;1544692854&quot;,&quot;copyright&quot;:&quot;&quot;,&quot;focal_length&quot;:&quot;4.3&quot;,&quot;iso&quot;:&quot;320&quot;,&quot;shutter_speed&quot;:&quot;0.02&quot;,&quot;title&quot;:&quot;&quot;,&quot;orientation&quot;:&quot;0&quot;}\" data-image-title=\"bono-jubilados-ustarroz20181213_092054\" data-image-description=\"\" data-image-caption=\"\" data-large-file=\"https:\/\/www.hoymercedes.com.ar\/principal\/wp-content\/uploads\/2018\/12\/bono-jubilados-ustarroz20181213_092054.jpg\" src=\"https:\/\/www.hoymercedes.com.ar\/principal\/wp-content\/uploads\/2018\/12\/bono-jubilados-ustarroz20181213_092054.jpg\" alt=\"Reuni\u00f3n con jubilados municipales\" class=\"wp-image-85468\" srcset=\"https:\/\/www.hoymercedes.com.ar\/principal\/wp-content\/uploads\/2018\/12\/bono-jubilados-ustarroz20181213_092054.jpg 730w, https:\/\/www.hoymercedes.com.ar\/principal\/wp-content\/uploads\/2018\/12\/bono-jubilados-ustarroz20181213_092054-150x73.jpg 150w, https:\/\/www.hoymercedes.com.ar\/principal\/wp-content\/uploads\/2018\/12\/bono-jubilados-ustarroz20181213_092054-630x306.jpg 630w\" sizes=\"auto, (max-width: 730px) 100vw, 730px\" \/><figcaption>Reuni\u00f3n con jubilados municipales<\/figcaption><\/figure>\n\n\n\n<p><strong>R<\/strong><\/p>\n\n\n\n<p>En un claro reconocimiento al servicio realizado durante gran parte de su vida en pos de nuestra ciudad, y por decisi\u00f3n del intendente, se incluir\u00e1 a estos trabajadores al beneficio.<\/p>\n\n\n\n<p>En un desayuno de di\u00e1logo y encuentro, se congregaci\u00f3n m\u00e1s de un centenar de jubilados quienes tambi\u00e9n siguieron poniendo en valor el primer Centro de Jubilados Municipales.<\/p>\n\n\n\n<p>El jefe comunal comunic\u00f3 \u201cdebido a la inflaci\u00f3n y a la constante p\u00e9rdida de poder adquisitivo, que fue en detrimento durante todo el a\u00f1o del sueldo de nuestro personal, desde el Municipio de Mercedes hemos tomado la decisi\u00f3n de generar un bono de 3 mil pesos, tanto a los trabajadores en funciones como aquellos que ya se han jubilado\u201d.<\/p>\n\n\n\n<p>Estuvieron presentes, el intendente Juan Ignacio Ustarroz, el secretario de gobierno, Juan Pablo L\u00f3pez Baggio, el secretario de salud Pablo Cassiani, Victoria Odell, directora de Adultos Mayores y un nutrido grupo de trabajadores y jubilados municipales<\/p>\n\n\n\n<p>Alberto \u00c1vila, un reconocido -ya jubilado- empleado municipal, dej\u00f3 su opini\u00f3n \u201cestamos muy agradecidos y contentos por este anuncio que realiz\u00f3 el se\u00f1or intendente Ustarroz\u201d y en referencia al Centro de Jubilados asever\u00f3 \u201csomos un nutrido grupo que estamos trabajando, buscando que ese sea el lugar de todos, tratando de congregar a cada vez m\u00e1s personas\u201d.<\/p>\n\n\n\n<p>Otro de los jubilados presentes, Alfredo Guti\u00e9rrez recalc\u00f3 \u201ces muy importante el anuncio que hizo el Dr. Ustarroz, porque vemos que se reconoce nuestro trabajo\u201d y se\u00f1al\u00f3 \u201cesta es una gran ayuda en momentos tan complicados, y si a eso le sumamos la eximici\u00f3n de impuestos, la verdad que no podemos hacer otra cosa que estar agradecidos\u201d.<strong>A<\/strong><\/p>\n\n\n\n<p>En ese sentido, Juan Ignacio Ustarroz destac\u00f3 \u201cestamos trabajando muy fuertemente para que los aumentos del a\u00f1o pr\u00f3ximo vayan al b\u00e1sico\u201d y record\u00f3 \u201cen mi primer d\u00eda de gesti\u00f3n lo que hice fue ir al corral\u00f3n municipal donde sostuve que \u00edbamos a trabajar para brindarles las herramientas necesarias para que efectuaran de la mejor manera su trabajo, y creo que as\u00ed lo venimos haciendo\u201d.<strong>A<\/strong>Conjuntamente subray\u00f3 \u201cel avance que hoy existe en la ciudad es gracias a los trabajadores, las autoridades estamos de paso, qui\u00e9n no lo est\u00e1 es la Municipalidad como instituci\u00f3n y lo que construyamos a trav\u00e9s de ella\u201d.<\/p>\n\n\n\n<p>Por otro lado, el jefe comunal inform\u00f3 \u201cya se est\u00e1 trabajando y avanzando en el proyecto del Centro de Jubilados Municipales que est\u00e1 funcionando en una de las casas del ex Instituto Unzu\u00e9; proyecto que consiste en recuperar la misma todos juntos, mancomunadamente\u201d y a\u00f1adi\u00f3 \u201cel municipio pondr\u00e1 los materiales para que as\u00ed sea\u201d.<\/p>\n\n\n\n<p><strong>Eximici\u00f3n de tasas<\/strong><\/p>\n\n\n\n<p>Adem\u00e1s, anunci\u00f3 que \u201ctomamos la determinaci\u00f3n de eximir en el cien por ciento de la tasa a los jubilados municipales\u201d y alent\u00f3 a aquellos que no iniciaron el tr\u00e1mite a que lo hagan y que se acerquen al \u00e1rea de salud donde tambi\u00e9n existen descuentos en diferentes farmacias.<\/p>\n\n\n\n<p>\u201cCada vez que el Estado genera derechos son conquistas para siempre\u201d determin\u00f3 el intendente Juan Ignacio Ustarroz.<\/p>\n","protected":false},"excerpt":{"rendered":"<p>El beneficio a los trabajadores municipales ser\u00e1 extensivo por primera vez a los jubilados. Ser\u00e1 de $3000 y buscar\u00e1 dar &#8230; <a title=\"Entregan bono de fin de a\u00f1o a trabajadores y jubilados municipales\" class=\"read-more\" href=\"https:\/\/www.hoymercedes.com.ar\/principal\/2018\/12\/13\/entregan-bono-de-fin-de-ano-a-trabajadores-y-jubilados-municipales\/\" aria-label=\"Leer m\u00e1s sobre Entregan bono de fin de a\u00f1o a trabajadores y jubilados municipales\">Leer m\u00e1s<\/a><\/p>\n","protected":false},"author":1,"featured_media":85468,"comment_status":"closed","ping_status":"open","sticky":false,"template":"","format":"standard","meta":{"_monsterinsights_skip_tracking":false,"_monsterinsights_sitenote_active":false,"_monsterinsights_sitenote_note":"","_monsterinsights_sitenote_category":0,"jetpack_post_was_ever_published":false,"_jetpack_newsletter_access":"","_jetpack_dont_email_post_to_subs":false,"_jetpack_newsletter_tier_id":0,"_jetpack_memberships_contains_paywalled_content":false,"_jetpack_memberships_contains_paid_content":false,"footnotes":"","jetpack_publicize_message":"","jetpack_publicize_feature_enabled":true,"jetpack_social_post_already_shared":true,"jetpack_social_options":{"image_generator_settings":{"template":"highway","default_image_id":0,"font":"","enabled":false},"version":2},"_wpas_customize_per_network":false},"categories":[30],"tags":[13903,924,244,424],"class_list":["post-85467","post","type-post","status-publish","format-standard","has-post-thumbnail","hentry","category-municipio","tag-bono-fin-de-ano","tag-municipales","tag-municipio-2","tag-ustarroz","generate-columns","tablet-grid-50","mobile-grid-100","grid-parent","grid-50"],"jetpack_publicize_connections":[],"jetpack_featured_media_url":"https:\/\/www.hoymercedes.com.ar\/principal\/wp-content\/uploads\/2018\/12\/bono-jubilados-ustarroz20181213_092054.jpg","wps_subtitle":"","jetpack_sharing_enabled":true,"_links":{"self":[{"href":"https:\/\/www.hoymercedes.com.ar\/principal\/wp-json\/wp\/v2\/posts\/85467","targetHints":{"allow":["GET"]}}],"collection":[{"href":"https:\/\/www.hoymercedes.com.ar\/principal\/wp-json\/wp\/v2\/posts"}],"about":[{"href":"https:\/\/www.hoymercedes.com.ar\/principal\/wp-json\/wp\/v2\/types\/post"}],"author":[{"embeddable":true,"href":"https:\/\/www.hoymercedes.com.ar\/principal\/wp-json\/wp\/v2\/users\/1"}],"replies":[{"embeddable":true,"href":"https:\/\/www.hoymercedes.com.ar\/principal\/wp-json\/wp\/v2\/comments?post=85467"}],"version-history":[{"count":0,"href":"https:\/\/www.hoymercedes.com.ar\/principal\/wp-json\/wp\/v2\/posts\/85467\/revisions"}],"wp:featuredmedia":[{"embeddable":true,"href":"https:\/\/www.hoymercedes.com.ar\/principal\/wp-json\/wp\/v2\/media\/85468"}],"wp:attachment":[{"href":"https:\/\/www.hoymercedes.com.ar\/principal\/wp-json\/wp\/v2\/media?parent=85467"}],"wp:term":[{"taxonomy":"category","embeddable":true,"href":"https:\/\/www.hoymercedes.com.ar\/principal\/wp-json\/wp\/v2\/categories?post=85467"},{"taxonomy":"post_tag","embeddable":true,"href":"https:\/\/www.hoymercedes.com.ar\/principal\/wp-json\/wp\/v2\/tags?post=85467"}],"curies":[{"name":"wp","href":"https:\/\/api.w.org\/{rel}","templated":true}]}}