{"id":85537,"date":"2018-12-14T13:34:02","date_gmt":"2018-12-14T16:34:02","guid":{"rendered":"http:\/\/www.hoymercedes.com.ar\/principal\/?p=85537"},"modified":"2018-12-14T19:15:32","modified_gmt":"2018-12-14T22:15:32","slug":"sabado-de-fumigacion-en-la-plaza-san-martin","status":"publish","type":"post","link":"https:\/\/www.hoymercedes.com.ar\/principal\/2018\/12\/14\/sabado-de-fumigacion-en-la-plaza-san-martin\/","title":{"rendered":"S\u00e1bado de fumigaci\u00f3n en la Plaza San Mart\u00edn"},"content":{"rendered":"\n<p>Este s\u00e1bado 15 de diciembre, el \u00e1rea de Espacio Verdes llevar\u00e1 adelante una fumigaci\u00f3n en el radio c\u00e9ntrico, poniendo foco en la Plaza San Mart\u00edn. \u00abEs una cuesti\u00f3n de saneamiento y cuidado de los \u00e1rboles, sin t\u00f3xicos y con el objetivo de cuidar nuestra naturaleza\u00bb, explicaron<\/p>\n\n\n\n<p>\u201cQuiero dejar en claro que no hay ning\u00fan problema de toxicidad, ni nada por el estilo\u201d afirm\u00f3 Leonardo Belforte, Director de Espacios Verdes del Municipio de Mercedes.\u00a0<\/p>\n\n\n\n<p>Belforte inform\u00f3 \u201cdentro de las actividades que iremos desarrollando en la plaza, tanto en la nivelaci\u00f3n de los canteros, mejoramiento en el sistema de riego, se efectuar\u00e1 una fumigaci\u00f3n de los claveles del aire que tiene los \u00e1rboles\u201d y a\u00f1adi\u00f3 \u201cesto es para mejorar su sanidad y crecimiento\u201d.<\/p>\n\n\n\n<p>Asimismo, el director de Espacio Verdes asegur\u00f3 \u201cse realiza con un producto totalmente inocuo para las personas, a base de sales\u201d e indic\u00f3 \u201cse cortar\u00e1n las calles 26 y 27, desde las 8 de la ma\u00f1ana hasta las 14 horas\u201d.<\/p>\n\n\n\n<p>La importancia de la fumigaci\u00f3n del clavel del aire es \u201cporque si esta planta avanza mucho sobre el \u00e1rbol le genera un deterioro que indefectiblemente seca sus ramas. Por ese motivo, la idea es frenar ese da\u00f1o y mejorar la calidad arb\u00f3rea de la plaza\u201d asever\u00f3 el Director de Espacio Verdes municipal.&nbsp;<\/p>\n","protected":false},"excerpt":{"rendered":"<p>Este s\u00e1bado 15 de diciembre, el \u00e1rea de Espacio Verdes llevar\u00e1 adelante una fumigaci\u00f3n en el radio c\u00e9ntrico, poniendo foco &#8230; <a title=\"S\u00e1bado de fumigaci\u00f3n en la Plaza San Mart\u00edn\" class=\"read-more\" href=\"https:\/\/www.hoymercedes.com.ar\/principal\/2018\/12\/14\/sabado-de-fumigacion-en-la-plaza-san-martin\/\" aria-label=\"Leer m\u00e1s sobre S\u00e1bado de fumigaci\u00f3n en la Plaza San Mart\u00edn\">Leer m\u00e1s<\/a><\/p>\n","protected":false},"author":1,"featured_media":53942,"comment_status":"closed","ping_status":"open","sticky":false,"template":"","format":"standard","meta":{"_monsterinsights_skip_tracking":false,"_monsterinsights_sitenote_active":false,"_monsterinsights_sitenote_note":"","_monsterinsights_sitenote_category":0,"jetpack_post_was_ever_published":false,"_jetpack_newsletter_access":"","_jetpack_dont_email_post_to_subs":false,"_jetpack_newsletter_tier_id":0,"_jetpack_memberships_contains_paywalled_content":false,"_jetpack_memberships_contains_paid_content":false,"footnotes":"","jetpack_publicize_message":"","jetpack_publicize_feature_enabled":true,"jetpack_social_post_already_shared":true,"jetpack_social_options":{"image_generator_settings":{"template":"highway","default_image_id":0,"font":"","enabled":false},"version":2},"_wpas_customize_per_network":false},"categories":[30],"tags":[12412,14208,244,1005],"class_list":["post-85537","post","type-post","status-publish","format-standard","has-post-thumbnail","hentry","category-municipio","tag-espacios-verdes","tag-fumigacion","tag-municipio-2","tag-plaza-san-martin","generate-columns","tablet-grid-50","mobile-grid-100","grid-parent","grid-50"],"jetpack_publicize_connections":[],"jetpack_featured_media_url":"https:\/\/www.hoymercedes.com.ar\/principal\/wp-content\/uploads\/2016\/08\/25-belforte.jpg","wps_subtitle":"","jetpack_sharing_enabled":true,"_links":{"self":[{"href":"https:\/\/www.hoymercedes.com.ar\/principal\/wp-json\/wp\/v2\/posts\/85537","targetHints":{"allow":["GET"]}}],"collection":[{"href":"https:\/\/www.hoymercedes.com.ar\/principal\/wp-json\/wp\/v2\/posts"}],"about":[{"href":"https:\/\/www.hoymercedes.com.ar\/principal\/wp-json\/wp\/v2\/types\/post"}],"author":[{"embeddable":true,"href":"https:\/\/www.hoymercedes.com.ar\/principal\/wp-json\/wp\/v2\/users\/1"}],"replies":[{"embeddable":true,"href":"https:\/\/www.hoymercedes.com.ar\/principal\/wp-json\/wp\/v2\/comments?post=85537"}],"version-history":[{"count":0,"href":"https:\/\/www.hoymercedes.com.ar\/principal\/wp-json\/wp\/v2\/posts\/85537\/revisions"}],"wp:featuredmedia":[{"embeddable":true,"href":"https:\/\/www.hoymercedes.com.ar\/principal\/wp-json\/wp\/v2\/media\/53942"}],"wp:attachment":[{"href":"https:\/\/www.hoymercedes.com.ar\/principal\/wp-json\/wp\/v2\/media?parent=85537"}],"wp:term":[{"taxonomy":"category","embeddable":true,"href":"https:\/\/www.hoymercedes.com.ar\/principal\/wp-json\/wp\/v2\/categories?post=85537"},{"taxonomy":"post_tag","embeddable":true,"href":"https:\/\/www.hoymercedes.com.ar\/principal\/wp-json\/wp\/v2\/tags?post=85537"}],"curies":[{"name":"wp","href":"https:\/\/api.w.org\/{rel}","templated":true}]}}