{"id":85569,"date":"2018-12-15T11:10:40","date_gmt":"2018-12-15T14:10:40","guid":{"rendered":"http:\/\/www.hoymercedes.com.ar\/principal\/?p=85569"},"modified":"2018-12-15T13:34:54","modified_gmt":"2018-12-15T16:34:54","slug":"reprogramaron-la-carrera-nocturna-por-desborde-del-rio","status":"publish","type":"post","link":"https:\/\/www.hoymercedes.com.ar\/principal\/2018\/12\/15\/reprogramaron-la-carrera-nocturna-por-desborde-del-rio\/","title":{"rendered":"Reprogramaron la carrera nocturna por desborde del R\u00edo"},"content":{"rendered":"\n<p>Se esperaba para la noche de este s\u00e1bado una nueva edici\u00f3n de la carrera nocturna organizada por la Comisi\u00f3n Municipal de Running, sin embargo, el desborde del R\u00edo Lujan inund\u00f3 el Parque Municipal, donde se iba a realizar la competencia, entonces oblig\u00f3 a postergar todo para el fin de semana venidero.<\/p>\n\n\n\n<figure class=\"wp-block-image\"><img loading=\"lazy\" decoding=\"async\" width=\"960\" height=\"846\" data-attachment-id=\"85570\" data-permalink=\"https:\/\/www.hoymercedes.com.ar\/principal\/2018\/12\/15\/reprogramaron-la-carrera-nocturna-por-desborde-del-rio\/carrera-nnocturna\/#main\" data-orig-file=\"https:\/\/www.hoymercedes.com.ar\/principal\/wp-content\/uploads\/2018\/12\/carrera-nnocturna.jpg\" data-orig-size=\"960,846\" data-comments-opened=\"0\" data-image-meta=\"{&quot;aperture&quot;:&quot;0&quot;,&quot;credit&quot;:&quot;&quot;,&quot;camera&quot;:&quot;&quot;,&quot;caption&quot;:&quot;&quot;,&quot;created_timestamp&quot;:&quot;0&quot;,&quot;copyright&quot;:&quot;&quot;,&quot;focal_length&quot;:&quot;0&quot;,&quot;iso&quot;:&quot;0&quot;,&quot;shutter_speed&quot;:&quot;0&quot;,&quot;title&quot;:&quot;&quot;,&quot;orientation&quot;:&quot;0&quot;}\" data-image-title=\"carrera nnocturna\" data-image-description=\"\" data-image-caption=\"\" data-large-file=\"https:\/\/www.hoymercedes.com.ar\/principal\/wp-content\/uploads\/2018\/12\/carrera-nnocturna.jpg\" src=\"https:\/\/www.hoymercedes.com.ar\/principal\/wp-content\/uploads\/2018\/12\/carrera-nnocturna.jpg\" alt=\"\" class=\"wp-image-85570\" srcset=\"https:\/\/www.hoymercedes.com.ar\/principal\/wp-content\/uploads\/2018\/12\/carrera-nnocturna.jpg 960w, https:\/\/www.hoymercedes.com.ar\/principal\/wp-content\/uploads\/2018\/12\/carrera-nnocturna-150x132.jpg 150w, https:\/\/www.hoymercedes.com.ar\/principal\/wp-content\/uploads\/2018\/12\/carrera-nnocturna-630x555.jpg 630w\" sizes=\"auto, (max-width: 960px) 100vw, 960px\" \/><\/figure>\n\n\n\n<p>Desde la organizaci\u00f3n realizaron el cambio de fecha para el pr\u00f3ximo s\u00e1bado 22 desde las 20. La inscripci\u00f3n contin\u00faa adelante y puede efectuarse v\u00eda Facebook en Runnig Mercedes y Gymnos Timing Villegas con un costo de $ 300.<\/p>\n\n\n\n<p>Habr\u00e1 dos distancias para la competencia pedestre, 7,5 km para una vuelta y 15 K para los dos giros, en un recorrido que ser\u00e1 en gran parte por el parque.<\/p>\n\n\n\n<p>Los atletas mercedinos podr\u00e1n retirar los kits el viernes 21 a partir de las 18 y hasta las 21 en la plaza San Mart\u00edn y en caso de lluvia, ser\u00e1 en el mismo d\u00eda y horario pero en la Direcci\u00f3n de Deportes, en 6 y 9. Los que vengan de otras ciudades lo podr\u00e1n hacer el mismo 22 a partir de las 17.30 en el Parque Municipal.<\/p>\n","protected":false},"excerpt":{"rendered":"<p>Se esperaba para la noche de este s\u00e1bado una nueva edici\u00f3n de la carrera nocturna organizada por la Comisi\u00f3n Municipal &#8230; <a title=\"Reprogramaron la carrera nocturna por desborde del R\u00edo\" class=\"read-more\" href=\"https:\/\/www.hoymercedes.com.ar\/principal\/2018\/12\/15\/reprogramaron-la-carrera-nocturna-por-desborde-del-rio\/\" aria-label=\"Leer m\u00e1s sobre Reprogramaron la carrera nocturna por desborde del R\u00edo\">Leer m\u00e1s<\/a><\/p>\n","protected":false},"author":1,"featured_media":85570,"comment_status":"closed","ping_status":"open","sticky":false,"template":"","format":"standard","meta":{"_monsterinsights_skip_tracking":false,"_monsterinsights_sitenote_active":false,"_monsterinsights_sitenote_note":"","_monsterinsights_sitenote_category":0,"jetpack_post_was_ever_published":false,"_jetpack_newsletter_access":"","_jetpack_dont_email_post_to_subs":false,"_jetpack_newsletter_tier_id":0,"_jetpack_memberships_contains_paywalled_content":false,"_jetpack_memberships_contains_paid_content":false,"footnotes":"","jetpack_publicize_message":"","jetpack_publicize_feature_enabled":true,"jetpack_social_post_already_shared":true,"jetpack_social_options":{"image_generator_settings":{"template":"highway","default_image_id":0,"font":"","enabled":false},"version":2},"_wpas_customize_per_network":false},"categories":[21],"tags":[204,2652,9486,8879],"class_list":["post-85569","post","type-post","status-publish","format-standard","has-post-thumbnail","hentry","category-deportes","tag-deportes-2","tag-inundacion","tag-running","tag-suspension","generate-columns","tablet-grid-50","mobile-grid-100","grid-parent","grid-50"],"jetpack_publicize_connections":[],"jetpack_featured_media_url":"https:\/\/www.hoymercedes.com.ar\/principal\/wp-content\/uploads\/2018\/12\/carrera-nnocturna.jpg","wps_subtitle":"Running","jetpack_sharing_enabled":true,"_links":{"self":[{"href":"https:\/\/www.hoymercedes.com.ar\/principal\/wp-json\/wp\/v2\/posts\/85569","targetHints":{"allow":["GET"]}}],"collection":[{"href":"https:\/\/www.hoymercedes.com.ar\/principal\/wp-json\/wp\/v2\/posts"}],"about":[{"href":"https:\/\/www.hoymercedes.com.ar\/principal\/wp-json\/wp\/v2\/types\/post"}],"author":[{"embeddable":true,"href":"https:\/\/www.hoymercedes.com.ar\/principal\/wp-json\/wp\/v2\/users\/1"}],"replies":[{"embeddable":true,"href":"https:\/\/www.hoymercedes.com.ar\/principal\/wp-json\/wp\/v2\/comments?post=85569"}],"version-history":[{"count":0,"href":"https:\/\/www.hoymercedes.com.ar\/principal\/wp-json\/wp\/v2\/posts\/85569\/revisions"}],"wp:featuredmedia":[{"embeddable":true,"href":"https:\/\/www.hoymercedes.com.ar\/principal\/wp-json\/wp\/v2\/media\/85570"}],"wp:attachment":[{"href":"https:\/\/www.hoymercedes.com.ar\/principal\/wp-json\/wp\/v2\/media?parent=85569"}],"wp:term":[{"taxonomy":"category","embeddable":true,"href":"https:\/\/www.hoymercedes.com.ar\/principal\/wp-json\/wp\/v2\/categories?post=85569"},{"taxonomy":"post_tag","embeddable":true,"href":"https:\/\/www.hoymercedes.com.ar\/principal\/wp-json\/wp\/v2\/tags?post=85569"}],"curies":[{"name":"wp","href":"https:\/\/api.w.org\/{rel}","templated":true}]}}