{"id":85576,"date":"2018-12-15T11:53:47","date_gmt":"2018-12-15T14:53:47","guid":{"rendered":"http:\/\/www.hoymercedes.com.ar\/principal\/?p=85576"},"modified":"2018-12-15T13:32:22","modified_gmt":"2018-12-15T16:32:22","slug":"la-sociedad-rural-invita-a-un-taller-para-ninos","status":"publish","type":"post","link":"https:\/\/www.hoymercedes.com.ar\/principal\/2018\/12\/15\/la-sociedad-rural-invita-a-un-taller-para-ninos\/","title":{"rendered":"La Sociedad Rural invita a un Taller para Ni\u00f1os"},"content":{"rendered":"\n<p>Este lunes 17 se realizar\u00e1 el primer encuentro de verano para aquellos ni\u00f1os que quieran iniciarse en el mundo del caballo. Invita la secci\u00f3n H\u00edpica de la Sociedad Rural de Mercedes y ser\u00e1 de 16 a 18 hs en su predio de Ruta 5 Km 100<\/p>\n\n\n\n<figure class=\"wp-block-image\"><img loading=\"lazy\" decoding=\"async\" width=\"480\" height=\"672\" data-attachment-id=\"85577\" data-permalink=\"https:\/\/www.hoymercedes.com.ar\/principal\/2018\/12\/15\/la-sociedad-rural-invita-a-un-taller-para-ninos\/whatsapp-image-2018-12-11-at-22-45-41\/#main\" data-orig-file=\"https:\/\/www.hoymercedes.com.ar\/principal\/wp-content\/uploads\/2018\/12\/WhatsApp-Image-2018-12-11-at-22.45.41.jpeg\" data-orig-size=\"480,672\" data-comments-opened=\"0\" data-image-meta=\"{&quot;aperture&quot;:&quot;0&quot;,&quot;credit&quot;:&quot;&quot;,&quot;camera&quot;:&quot;&quot;,&quot;caption&quot;:&quot;&quot;,&quot;created_timestamp&quot;:&quot;0&quot;,&quot;copyright&quot;:&quot;&quot;,&quot;focal_length&quot;:&quot;0&quot;,&quot;iso&quot;:&quot;0&quot;,&quot;shutter_speed&quot;:&quot;0&quot;,&quot;title&quot;:&quot;&quot;,&quot;orientation&quot;:&quot;0&quot;}\" data-image-title=\"WhatsApp Image 2018-12-11 at 22.45.41\" data-image-description=\"\" data-image-caption=\"\" data-large-file=\"https:\/\/www.hoymercedes.com.ar\/principal\/wp-content\/uploads\/2018\/12\/WhatsApp-Image-2018-12-11-at-22.45.41.jpeg\" src=\"https:\/\/www.hoymercedes.com.ar\/principal\/wp-content\/uploads\/2018\/12\/WhatsApp-Image-2018-12-11-at-22.45.41.jpeg\" alt=\"\" class=\"wp-image-85577\" srcset=\"https:\/\/www.hoymercedes.com.ar\/principal\/wp-content\/uploads\/2018\/12\/WhatsApp-Image-2018-12-11-at-22.45.41.jpeg 480w, https:\/\/www.hoymercedes.com.ar\/principal\/wp-content\/uploads\/2018\/12\/WhatsApp-Image-2018-12-11-at-22.45.41-107x150.jpeg 107w, https:\/\/www.hoymercedes.com.ar\/principal\/wp-content\/uploads\/2018\/12\/WhatsApp-Image-2018-12-11-at-22.45.41-443x620.jpeg 443w\" sizes=\"auto, (max-width: 480px) 100vw, 480px\" \/><\/figure>\n\n\n\n<p>Los que participen deber\u00e1n ir con c\u00f3moda, zapatillas (no crocs ni ojotas), gorra. Protector solar puesto y llevar bebida fresca y una zanahoria.<\/p>\n\n\n\n<p>Las vacantes son limitadas, el valor por ni\u00f1o es de $400 y hay descuentos por hermanos. Los que se quieran inscribir deber\u00e1n comunicarse al 2324684631. Se suspende por lluvia.<\/p>\n","protected":false},"excerpt":{"rendered":"<p>Este lunes 17 se realizar\u00e1 el primer encuentro de verano para aquellos ni\u00f1os que quieran iniciarse en el mundo del &#8230; <a title=\"La Sociedad Rural invita a un Taller para Ni\u00f1os\" class=\"read-more\" href=\"https:\/\/www.hoymercedes.com.ar\/principal\/2018\/12\/15\/la-sociedad-rural-invita-a-un-taller-para-ninos\/\" aria-label=\"Leer m\u00e1s sobre La Sociedad Rural invita a un Taller para Ni\u00f1os\">Leer m\u00e1s<\/a><\/p>\n","protected":false},"author":1,"featured_media":85577,"comment_status":"closed","ping_status":"open","sticky":false,"template":"","format":"standard","meta":{"_monsterinsights_skip_tracking":false,"_monsterinsights_sitenote_active":false,"_monsterinsights_sitenote_note":"","_monsterinsights_sitenote_category":0,"jetpack_post_was_ever_published":false,"_jetpack_newsletter_access":"","_jetpack_dont_email_post_to_subs":false,"_jetpack_newsletter_tier_id":0,"_jetpack_memberships_contains_paywalled_content":false,"_jetpack_memberships_contains_paid_content":false,"footnotes":"","jetpack_publicize_message":"","jetpack_publicize_feature_enabled":true,"jetpack_social_post_already_shared":true,"jetpack_social_options":{"image_generator_settings":{"template":"highway","default_image_id":0,"font":"","enabled":false},"version":2},"_wpas_customize_per_network":false},"categories":[21],"tags":[1821,7802,531,14220],"class_list":["post-85576","post","type-post","status-publish","format-standard","has-post-thumbnail","hentry","category-deportes","tag-equitacion","tag-sociedad","tag-sociedad-rural","tag-taller-de-ninos","generate-columns","tablet-grid-50","mobile-grid-100","grid-parent","grid-50"],"jetpack_publicize_connections":[],"jetpack_featured_media_url":"https:\/\/www.hoymercedes.com.ar\/principal\/wp-content\/uploads\/2018\/12\/WhatsApp-Image-2018-12-11-at-22.45.41.jpeg","wps_subtitle":"Equitaci\u00f3n","jetpack_sharing_enabled":true,"_links":{"self":[{"href":"https:\/\/www.hoymercedes.com.ar\/principal\/wp-json\/wp\/v2\/posts\/85576","targetHints":{"allow":["GET"]}}],"collection":[{"href":"https:\/\/www.hoymercedes.com.ar\/principal\/wp-json\/wp\/v2\/posts"}],"about":[{"href":"https:\/\/www.hoymercedes.com.ar\/principal\/wp-json\/wp\/v2\/types\/post"}],"author":[{"embeddable":true,"href":"https:\/\/www.hoymercedes.com.ar\/principal\/wp-json\/wp\/v2\/users\/1"}],"replies":[{"embeddable":true,"href":"https:\/\/www.hoymercedes.com.ar\/principal\/wp-json\/wp\/v2\/comments?post=85576"}],"version-history":[{"count":0,"href":"https:\/\/www.hoymercedes.com.ar\/principal\/wp-json\/wp\/v2\/posts\/85576\/revisions"}],"wp:featuredmedia":[{"embeddable":true,"href":"https:\/\/www.hoymercedes.com.ar\/principal\/wp-json\/wp\/v2\/media\/85577"}],"wp:attachment":[{"href":"https:\/\/www.hoymercedes.com.ar\/principal\/wp-json\/wp\/v2\/media?parent=85576"}],"wp:term":[{"taxonomy":"category","embeddable":true,"href":"https:\/\/www.hoymercedes.com.ar\/principal\/wp-json\/wp\/v2\/categories?post=85576"},{"taxonomy":"post_tag","embeddable":true,"href":"https:\/\/www.hoymercedes.com.ar\/principal\/wp-json\/wp\/v2\/tags?post=85576"}],"curies":[{"name":"wp","href":"https:\/\/api.w.org\/{rel}","templated":true}]}}